{"id":46943,"date":"2024-10-10T18:17:06","date_gmt":"2024-10-10T21:17:06","guid":{"rendered":"https:\/\/radiorevelacionfm.cl\/?p=46943"},"modified":"2024-10-10T18:17:06","modified_gmt":"2024-10-10T21:17:06","slug":"fia-genera-ultimo-llamado-a-postular-del-premio-mujer-agroinnovadora-2024","status":"publish","type":"post","link":"https:\/\/radiorevelacionfm.cl\/?p=46943","title":{"rendered":"FIA genera \u00faltimo llamado a postular del premio Mujer Agroinnovadora 2024"},"content":{"rendered":"<div class=\"flex_column av_one_full  flex_column_div av-zero-column-padding first  avia-builder-el-0  el_before_av_one_full  avia-builder-el-first  \" style='border-radius:0px; '><div  class='avia-image-container  av-styling-    avia-builder-el-1  avia-builder-el-no-sibling  avia-align-center '  itemprop=\"image\" itemscope=\"itemscope\" itemtype=\"https:\/\/schema.org\/ImageObject\"  ><div class='avia-image-container-inner'><div class='avia-image-overlay-wrap'><img decoding=\"async\" class='wp-image-46944 avia-img-lazy-loading-not-46944 avia_image' src=\"https:\/\/radiorevelacionfm.cl\/wp-content\/uploads\/2024\/10\/Premio-FIA-Convocatoria-2-2-2-2.jpg\" alt='' title='Premio FIA Convocatoria-2-2-2-2' height=\"626\" width=\"800\"  itemprop=\"thumbnailUrl\" srcset=\"https:\/\/radiorevelacionfm.cl\/wp-content\/uploads\/2024\/10\/Premio-FIA-Convocatoria-2-2-2-2.jpg 800w, https:\/\/radiorevelacionfm.cl\/wp-content\/uploads\/2024\/10\/Premio-FIA-Convocatoria-2-2-2-2-300x235.jpg 300w, https:\/\/radiorevelacionfm.cl\/wp-content\/uploads\/2024\/10\/Premio-FIA-Convocatoria-2-2-2-2-768x601.jpg 768w, https:\/\/radiorevelacionfm.cl\/wp-content\/uploads\/2024\/10\/Premio-FIA-Convocatoria-2-2-2-2-705x552.jpg 705w, https:\/\/radiorevelacionfm.cl\/wp-content\/uploads\/2024\/10\/Premio-FIA-Convocatoria-2-2-2-2-450x352.jpg 450w, https:\/\/radiorevelacionfm.cl\/wp-content\/uploads\/2024\/10\/Premio-FIA-Convocatoria-2-2-2-2-600x470.jpg 600w\" sizes=\"(max-width: 800px) 100vw, 800px\" \/><\/div><\/div><\/div><\/div><div class=\"flex_column av_one_full  flex_column_div av-zero-column-padding first  avia-builder-el-2  el_after_av_one_full  el_before_av_one_full  column-top-margin\" style='border-radius:0px; '><section class=\"av_textblock_section \"  itemscope=\"itemscope\" itemtype=\"https:\/\/schema.org\/BlogPosting\" itemprop=\"blogPost\" ><div class='avia_textblock  '   itemprop=\"text\" ><p style=\"text-align: center;\"><strong><span style=\"font-size: 18pt;\">FIA genera \u00faltimo llamado a postular del premio Mujer Agroinnovadora 2024<\/span><\/strong><\/p>\n<div id=\"gtx-trans\" style=\"position: absolute; left: -50px; top: 4.31534px;\">\n<div class=\"gtx-trans-icon\"><\/div>\n<\/div>\n<\/div><\/section><\/div><div class=\"flex_column av_one_full  flex_column_div av-zero-column-padding first  avia-builder-el-4  el_after_av_one_full  el_before_av_hr  column-top-margin\" style='border-radius:0px; '><section class=\"av_textblock_section \"  itemscope=\"itemscope\" itemtype=\"https:\/\/schema.org\/BlogPosting\" itemprop=\"blogPost\" ><div class='avia_textblock  '   itemprop=\"text\" ><p style=\"text-align: justify;\"><em>Agricultoras e investigadoras del rubro silvoagropecuario pueden postular al premio que realiza FIA, cuyo plazo vence el 11 de octubre.\u00a0<\/em><\/p>\n<p style=\"text-align: justify;\">La iniciativa que realiza la Fundaci\u00f3n para la Innovaci\u00f3n Agraria (FIA) del Ministerio de Agricultura desde el a\u00f1o 2006, y en la regi\u00f3n de Ays\u00e9n desde 2022, busca destacar a mujeres que hayan realizado contribuciones significativas en los procesos de innovaci\u00f3n, en el desarrollo de una cultura de innovaci\u00f3n en el sector agr\u00edcola, y la cadena agroalimentaria nacional y local.<\/p>\n<p style=\"text-align: justify;\">Ya sea en la categor\u00eda Agricultora\/Emprendedora o Acad\u00e9mica\/Investigadora, este reconocimiento se centra en aquellas que han demostrado una notable capacidad de liderazgo, tanto en la conducci\u00f3n de proyectos como en la difusi\u00f3n del conocimiento, el perfeccionamiento de las personas, y el fomento al emprendimiento y la asociatividad. Adem\u00e1s, se valorar\u00e1 su liderazgo en proyectos de innovaci\u00f3n social en el \u00e1mbito agropecuario, entre otros aspectos relevantes.<\/p>\n<p style=\"text-align: justify;\">\u00abEsta oportunidad promueve un importante reconocimiento a las mujeres que dedican su energ\u00eda a la innovaci\u00f3n e investigaci\u00f3n agraria. Es importante distinguir que, si bien pueden postularse individualmente, las mujeres tambi\u00e9n pueden nominar a alguien que consideren merecedoras de esta distinci\u00f3n y aporte al sector silvoagropecuario en la Patagonia\u00bb, se\u00f1al\u00f3 el seremi de Agricultura, Eugenio Ruiz Espinoza.<\/p>\n<p style=\"text-align: justify;\">Por su parte, la representante regional de FIA, Deysi Rubilar Vel\u00e1squez, quien reitera el llamado a postular, indic\u00f3 que \u00abcuando hablamos de porqu\u00e9 es importante el postular y visibilizar este premio, es porque tambi\u00e9n estamos trabajando varios aspectos, entre ellos, el reconocer el liderazgo; promover la innovaci\u00f3n y el emprendimiento; visibilizar a la mujer rural; contribuir a reducir la brecha de g\u00e9nero en el sector agr\u00edcola y promover la igualdad de oportunidades\u00bb.<\/p>\n<p style=\"text-align: justify;\">En su \u00faltima versi\u00f3n, FIA entreg\u00f3 este reconocimiento a dos mujeres en la regi\u00f3n de Ays\u00e9n en\u00a0las categor\u00edas de agricultura innovadora y profesional agro innovadora, para Alicia Haro Mardones y Rosario Carabias Cuevas, respectivamente, donde ambas destacaron por relevar estrategias de mitigaci\u00f3n al cambio clim\u00e1tico.<\/p>\n<p style=\"text-align: justify;\">En este sentido, Alicia Haro Mardones, una de las ganadoras de la \u00faltima versi\u00f3n en la regi\u00f3n, se\u00f1al\u00f3 que \u00abestoy muy agradecida de la vitrina que nos ofrece el FIA mediante este premio al que postulamos. Ganamos a nivel regional y con un producto tur\u00edstico diferente, ligando al turismo con el medioambiente, y as\u00ed nace el turismo de reforestaci\u00f3n. Este mismo premio nos ha llevado a Santiago para representar a la regi\u00f3n de Ays\u00e9n y estamos siendo referente para que otras mujeres se atrevan a postular\u00bb.<\/p>\n<p style=\"text-align: justify;\">Para revisar las bases y postular al premio, como tambi\u00e9n nominar a otra mujer, revisa\u00a0<a href=\"http:\/\/www.fia.cl\/\">www.fia.cl<\/a>\u00a0o hazclick\u00a0<a href=\"https:\/\/www.fia.cl\/convocatorias\/premio-nacional-mujer-agroinnovadora-categoria-agricultora-emprendedora-2024\/\">aqu\u00ed<\/a>.<\/p>\n<\/div><\/section><\/div><div  style='height:50px' class='hr hr-invisible   avia-builder-el-6  el_after_av_one_full  el_before_av_social_share '><span class='hr-inner ' ><span class='hr-inner-style'><\/span><\/span><\/div><\/p>\n<div  class='av-social-sharing-box  avia-builder-el-7  el_after_av_hr  el_before_av_hr  '><div class='av-share-box'><h5 class='av-share-link-description av-no-toc '>Compartir esta noticia<\/h5><ul class='av-share-box-list noLightbox'><li class='av-share-link av-social-link-facebook' ><a target=\"_blank\" aria-label=\"Compartir en Facebook\" href='https:\/\/www.facebook.com\/sharer.php?u=https:\/\/radiorevelacionfm.cl\/?p=46943&#038;t=FIA%20genera%20%C3%BAltimo%20llamado%20a%20postular%20del%20premio%20Mujer%20Agroinnovadora%202024' aria-hidden='false' data-av_icon='\ue8f3' data-av_iconfont='entypo-fontello' title='' data-avia-related-tooltip='Compartir en Facebook' rel=\"noopener\"><span class='avia_hidden_link_text'>Compartir en Facebook<\/span><\/a><\/li><li class='av-share-link av-social-link-twitter' ><a target=\"_blank\" aria-label=\"Compartir en Twitter\" href='https:\/\/twitter.com\/share?text=FIA%20genera%20%C3%BAltimo%20llamado%20a%20postular%20del%20premio%20Mujer%20Agroinnovadora%202024&#038;url=https:\/\/radiorevelacionfm.cl\/?p=46943' aria-hidden='false' data-av_icon='\ue8f1' data-av_iconfont='entypo-fontello' title='' data-avia-related-tooltip='Compartir en Twitter' rel=\"noopener\"><span class='avia_hidden_link_text'>Compartir en Twitter<\/span><\/a><\/li><li class='av-share-link av-social-link-whatsapp' ><a target=\"_blank\" aria-label=\"Compartir en Whatsapp\" href='https:\/\/api.whatsapp.com\/send?text=https:\/\/radiorevelacionfm.cl\/?p=46943' aria-hidden='false' data-av_icon='\uf232' data-av_iconfont='entypo-fontello' title='' data-avia-related-tooltip='Compartir en Whatsapp' rel=\"noopener\"><span class='avia_hidden_link_text'>Compartir en Whatsapp<\/span><\/a><\/li><li class='av-share-link av-social-link-linkedin' ><a target=\"_blank\" aria-label=\"Compartir en LinkedIn\" href='https:\/\/linkedin.com\/shareArticle?mini=true&#038;title=FIA%20genera%20%C3%BAltimo%20llamado%20a%20postular%20del%20premio%20Mujer%20Agroinnovadora%202024&#038;url=https:\/\/radiorevelacionfm.cl\/?p=46943' aria-hidden='false' data-av_icon='\ue8fc' data-av_iconfont='entypo-fontello' title='' data-avia-related-tooltip='Compartir en LinkedIn' rel=\"noopener\"><span class='avia_hidden_link_text'>Compartir en LinkedIn<\/span><\/a><\/li><li class='av-share-link av-social-link-mail' ><a  aria-label=\"Compartir por correo\" href='mailto:?subject=FIA%20genera%20%C3%BAltimo%20llamado%20a%20postular%20del%20premio%20Mujer%20Agroinnovadora%202024&#038;body=https:\/\/radiorevelacionfm.cl\/?p=46943' aria-hidden='false' data-av_icon='\ue805' data-av_iconfont='entypo-fontello' title='' data-avia-related-tooltip='Compartir por correo'><span class='avia_hidden_link_text'>Compartir por correo<\/span><\/a><\/li><\/ul><\/div><\/div>\n<div  style='height:50px' class='hr hr-invisible   avia-builder-el-8  el_after_av_social_share  el_before_av_comments_list '><span class='hr-inner ' ><span class='hr-inner-style'><\/span><\/span><\/div>\n<div  class='av-buildercomment  av-blog-meta-html-info-disabled av-blog-meta-tag-disabled  '><\/div>\n","protected":false},"excerpt":{"rendered":"","protected":false},"author":1,"featured_media":46944,"comment_status":"open","ping_status":"open","sticky":false,"template":"","format":"standard","meta":{"footnotes":""},"categories":[58],"tags":[],"class_list":["post-46943","post","type-post","status-publish","format-standard","has-post-thumbnail","hentry","category-agricultura"],"jetpack_featured_media_url":"https:\/\/radiorevelacionfm.cl\/wp-content\/uploads\/2024\/10\/Premio-FIA-Convocatoria-2-2-2-2.jpg","_links":{"self":[{"href":"https:\/\/radiorevelacionfm.cl\/index.php?rest_route=\/wp\/v2\/posts\/46943","targetHints":{"allow":["GET"]}}],"collection":[{"href":"https:\/\/radiorevelacionfm.cl\/index.php?rest_route=\/wp\/v2\/posts"}],"about":[{"href":"https:\/\/radiorevelacionfm.cl\/index.php?rest_route=\/wp\/v2\/types\/post"}],"author":[{"embeddable":true,"href":"https:\/\/radiorevelacionfm.cl\/index.php?rest_route=\/wp\/v2\/users\/1"}],"replies":[{"embeddable":true,"href":"https:\/\/radiorevelacionfm.cl\/index.php?rest_route=%2Fwp%2Fv2%2Fcomments&post=46943"}],"version-history":[{"count":1,"href":"https:\/\/radiorevelacionfm.cl\/index.php?rest_route=\/wp\/v2\/posts\/46943\/revisions"}],"predecessor-version":[{"id":46945,"href":"https:\/\/radiorevelacionfm.cl\/index.php?rest_route=\/wp\/v2\/posts\/46943\/revisions\/46945"}],"wp:featuredmedia":[{"embeddable":true,"href":"https:\/\/radiorevelacionfm.cl\/index.php?rest_route=\/wp\/v2\/media\/46944"}],"wp:attachment":[{"href":"https:\/\/radiorevelacionfm.cl\/index.php?rest_route=%2Fwp%2Fv2%2Fmedia&parent=46943"}],"wp:term":[{"taxonomy":"category","embeddable":true,"href":"https:\/\/radiorevelacionfm.cl\/index.php?rest_route=%2Fwp%2Fv2%2Fcategories&post=46943"},{"taxonomy":"post_tag","embeddable":true,"href":"https:\/\/radiorevelacionfm.cl\/index.php?rest_route=%2Fwp%2Fv2%2Ftags&post=46943"}],"curies":[{"name":"wp","href":"https:\/\/api.w.org\/{rel}","templated":true}]}}