{"id":46938,"date":"2024-10-11T10:16:59","date_gmt":"2024-10-11T13:16:59","guid":{"rendered":"https:\/\/radiorevelacionfm.cl\/?p=46938"},"modified":"2024-10-11T10:16:59","modified_gmt":"2024-10-11T13:16:59","slug":"calisto-y-grupo-transversal-de-parlamentarios-presentan-reforma-constitucional-para-garantizar-medicos-especialistas-en-todas-las-regiones","status":"publish","type":"post","link":"https:\/\/radiorevelacionfm.cl\/?p=46938","title":{"rendered":"Calisto y grupo transversal de parlamentarios presentan reforma constitucional para garantizar m\u00e9dicos especialistas en todas las regiones"},"content":{"rendered":"<div class=\"flex_column av_one_full  flex_column_div av-zero-column-padding first  avia-builder-el-0  el_before_av_one_full  avia-builder-el-first  \" style='border-radius:0px; '><div  class='avia-image-container  av-styling-    avia-builder-el-1  avia-builder-el-no-sibling  avia-align-center '  itemprop=\"image\" itemscope=\"itemscope\" itemtype=\"https:\/\/schema.org\/ImageObject\"  ><div class='avia-image-container-inner'><div class='avia-image-overlay-wrap'><img decoding=\"async\" class='wp-image-46939 avia-img-lazy-loading-not-46939 avia_image' src=\"https:\/\/radiorevelacionfm.cl\/wp-content\/uploads\/2024\/10\/FOTO-CALISTO-PUNTO-DE-PRENSA-2-2-2.jpeg\" alt='' title='FOTO CALISTO PUNTO DE PRENSA 2-2-2' height=\"600\" width=\"900\"  itemprop=\"thumbnailUrl\" srcset=\"https:\/\/radiorevelacionfm.cl\/wp-content\/uploads\/2024\/10\/FOTO-CALISTO-PUNTO-DE-PRENSA-2-2-2.jpeg 900w, https:\/\/radiorevelacionfm.cl\/wp-content\/uploads\/2024\/10\/FOTO-CALISTO-PUNTO-DE-PRENSA-2-2-2-300x200.jpeg 300w, https:\/\/radiorevelacionfm.cl\/wp-content\/uploads\/2024\/10\/FOTO-CALISTO-PUNTO-DE-PRENSA-2-2-2-768x512.jpeg 768w, https:\/\/radiorevelacionfm.cl\/wp-content\/uploads\/2024\/10\/FOTO-CALISTO-PUNTO-DE-PRENSA-2-2-2-705x470.jpeg 705w, https:\/\/radiorevelacionfm.cl\/wp-content\/uploads\/2024\/10\/FOTO-CALISTO-PUNTO-DE-PRENSA-2-2-2-450x300.jpeg 450w, https:\/\/radiorevelacionfm.cl\/wp-content\/uploads\/2024\/10\/FOTO-CALISTO-PUNTO-DE-PRENSA-2-2-2-600x400.jpeg 600w\" sizes=\"(max-width: 900px) 100vw, 900px\" \/><\/div><\/div><\/div><\/div><div class=\"flex_column av_one_full  flex_column_div av-zero-column-padding first  avia-builder-el-2  el_after_av_one_full  el_before_av_one_full  column-top-margin\" style='border-radius:0px; '><section class=\"av_textblock_section \"  itemscope=\"itemscope\" itemtype=\"https:\/\/schema.org\/BlogPosting\" itemprop=\"blogPost\" ><div class='avia_textblock  '   itemprop=\"text\" ><p style=\"text-align: center;\"><span style=\"font-size: 18pt;\"><b>Calisto y grupo transversal de parlamentarios presentan reforma constitucional para garantizar m\u00e9dicos especialistas en todas las regiones<\/b><\/span><\/p>\n<div id=\"gtx-trans\" style=\"position: absolute; left: -50px; top: 4.31534px;\">\n<div class=\"gtx-trans-icon\"><\/div>\n<\/div>\n<\/div><\/section><\/div><div class=\"flex_column av_one_full  flex_column_div av-zero-column-padding first  avia-builder-el-4  el_after_av_one_full  el_before_av_hr  column-top-margin\" style='border-radius:0px; '><section class=\"av_textblock_section \"  itemscope=\"itemscope\" itemtype=\"https:\/\/schema.org\/BlogPosting\" itemprop=\"blogPost\" ><div class='avia_textblock  '   itemprop=\"text\" ><p style=\"text-align: justify;\">En el contexto de la tramitaci\u00f3n del proyecto que elimina las preexistencias en el sistema de salud y la problem\u00e1tica de las listas de esperas, el diputado Miguel \u00c1ngel Calisto, junto a un grupo de diputadas y diputados de distintos sectores, presentaron una reforma constitucional para garantizar el acceso a m\u00e9dicos especialistas en todas las regiones.<\/p>\n<p style=\"text-align: justify;\">La iniciativa impulsada por el diputado H\u00e9ctor Ulloa (ind, PPD), es respaldada por Helia Molina (PPD), presidenta de la Comisi\u00f3n de Salud, Carlos Bianchi (ind. PPD), presidente de la Comisi\u00f3n de Hacienda, Danisa Astudillo (PS), Tom\u00e1s Lagomarsino (PR), Andr\u00e9s Celis (RN), Daniel Lilayu (UDI) y Marta Bravo (UDI), todos integrantes de la Comisi\u00f3n de Salud, adem\u00e1s de Ricardo Cifuentes (DC) de la Comisi\u00f3n de Hacienda y el propio diputado Miguel \u00c1ngel Calisto (ind. DEM), presidente de la Comisi\u00f3n de Constituci\u00f3n.<\/p>\n<p style=\"text-align: justify;\">Seg\u00fan el legislador, \u201ccomo presidente de la Comisi\u00f3n de Constituci\u00f3n, Justicia y Reglamento, queremos se\u00f1alar que acogemos de muy buena manera la propuesta impulsada por el diputado Ulloa que nos ha invitado tambi\u00e9n a firmar a diputados de las regiones, porque lo que busca particularmente es garantizar un m\u00ednimo com\u00fan de las prestaciones de servicios de especialidades en las distintas regiones de Chile\u201d.<\/p>\n<p style=\"text-align: justify;\">\u201cYo le pongo el caso de la regi\u00f3n que represento, donde vivo, la regi\u00f3n de Ays\u00e9n, donde en un territorio de cerca de mil kil\u00f3metros de extensi\u00f3n, es decir, como desde Santiago a Puerto Montt, resulta que no hay un cardi\u00f3logo\u201d se\u00f1al\u00f3 el legislador.<\/p>\n<p style=\"text-align: justify;\">Finalmente, el diputado Calisto argument\u00f3 que \u201ces necesario que esto se garantice de manera constitucional, porque eso hace exigible de que nosotros desde una regi\u00f3n podamos pedirle a un gobierno de turno, cualquiera sea, que ponga la especialidad respectiva en cada territorio, eso es lo l\u00f3gico y nosotros esperamos que, por supuesto, como presidente de la Comisi\u00f3n de Constituci\u00f3n, le vamos a dar prioridad a este proyecto presentado por iniciativa parlamentaria\u201d.<\/p>\n<\/div><\/section><\/div><div  style='height:50px' class='hr hr-invisible   avia-builder-el-6  el_after_av_one_full  el_before_av_social_share '><span class='hr-inner ' ><span class='hr-inner-style'><\/span><\/span><\/div><\/p>\n<div  class='av-social-sharing-box  avia-builder-el-7  el_after_av_hr  el_before_av_hr  '><div class='av-share-box'><h5 class='av-share-link-description av-no-toc '>Compartir esta noticia<\/h5><ul class='av-share-box-list noLightbox'><li class='av-share-link av-social-link-facebook' ><a target=\"_blank\" aria-label=\"Compartir en Facebook\" href='https:\/\/www.facebook.com\/sharer.php?u=https:\/\/radiorevelacionfm.cl\/?p=46938&#038;t=Calisto%20y%20grupo%20transversal%20de%20parlamentarios%20presentan%20reforma%20constitucional%20para%20garantizar%20m%C3%A9dicos%20especialistas%20en%20todas%20las%20regiones' aria-hidden='false' data-av_icon='\ue8f3' data-av_iconfont='entypo-fontello' title='' data-avia-related-tooltip='Compartir en Facebook' rel=\"noopener\"><span class='avia_hidden_link_text'>Compartir en Facebook<\/span><\/a><\/li><li class='av-share-link av-social-link-twitter' ><a target=\"_blank\" aria-label=\"Compartir en Twitter\" href='https:\/\/twitter.com\/share?text=Calisto%20y%20grupo%20transversal%20de%20parlamentarios%20presentan%20reforma%20constitucional%20para%20garantizar%20m%C3%A9dicos%20especialistas%20en%20todas%20las%20regiones&#038;url=https:\/\/radiorevelacionfm.cl\/?p=46938' aria-hidden='false' data-av_icon='\ue8f1' data-av_iconfont='entypo-fontello' title='' data-avia-related-tooltip='Compartir en Twitter' rel=\"noopener\"><span class='avia_hidden_link_text'>Compartir en Twitter<\/span><\/a><\/li><li class='av-share-link av-social-link-whatsapp' ><a target=\"_blank\" aria-label=\"Compartir en Whatsapp\" href='https:\/\/api.whatsapp.com\/send?text=https:\/\/radiorevelacionfm.cl\/?p=46938' aria-hidden='false' data-av_icon='\uf232' data-av_iconfont='entypo-fontello' title='' data-avia-related-tooltip='Compartir en Whatsapp' rel=\"noopener\"><span class='avia_hidden_link_text'>Compartir en Whatsapp<\/span><\/a><\/li><li class='av-share-link av-social-link-linkedin' ><a target=\"_blank\" aria-label=\"Compartir en LinkedIn\" href='https:\/\/linkedin.com\/shareArticle?mini=true&#038;title=Calisto%20y%20grupo%20transversal%20de%20parlamentarios%20presentan%20reforma%20constitucional%20para%20garantizar%20m%C3%A9dicos%20especialistas%20en%20todas%20las%20regiones&#038;url=https:\/\/radiorevelacionfm.cl\/?p=46938' aria-hidden='false' data-av_icon='\ue8fc' data-av_iconfont='entypo-fontello' title='' data-avia-related-tooltip='Compartir en LinkedIn' rel=\"noopener\"><span class='avia_hidden_link_text'>Compartir en LinkedIn<\/span><\/a><\/li><li class='av-share-link av-social-link-mail' ><a  aria-label=\"Compartir por correo\" href='mailto:?subject=Calisto%20y%20grupo%20transversal%20de%20parlamentarios%20presentan%20reforma%20constitucional%20para%20garantizar%20m%C3%A9dicos%20especialistas%20en%20todas%20las%20regiones&#038;body=https:\/\/radiorevelacionfm.cl\/?p=46938' aria-hidden='false' data-av_icon='\ue805' data-av_iconfont='entypo-fontello' title='' data-avia-related-tooltip='Compartir por correo'><span class='avia_hidden_link_text'>Compartir por correo<\/span><\/a><\/li><\/ul><\/div><\/div>\n<div  style='height:50px' class='hr hr-invisible   avia-builder-el-8  el_after_av_social_share  el_before_av_comments_list '><span class='hr-inner ' ><span class='hr-inner-style'><\/span><\/span><\/div>\n<div  class='av-buildercomment  av-blog-meta-html-info-disabled av-blog-meta-tag-disabled  '><\/div>\n","protected":false},"excerpt":{"rendered":"","protected":false},"author":1,"featured_media":46939,"comment_status":"open","ping_status":"open","sticky":false,"template":"","format":"standard","meta":{"footnotes":""},"categories":[35],"tags":[],"class_list":["post-46938","post","type-post","status-publish","format-standard","has-post-thumbnail","hentry","category-politica"],"jetpack_featured_media_url":"https:\/\/radiorevelacionfm.cl\/wp-content\/uploads\/2024\/10\/FOTO-CALISTO-PUNTO-DE-PRENSA-2-2-2.jpeg","_links":{"self":[{"href":"https:\/\/radiorevelacionfm.cl\/index.php?rest_route=\/wp\/v2\/posts\/46938","targetHints":{"allow":["GET"]}}],"collection":[{"href":"https:\/\/radiorevelacionfm.cl\/index.php?rest_route=\/wp\/v2\/posts"}],"about":[{"href":"https:\/\/radiorevelacionfm.cl\/index.php?rest_route=\/wp\/v2\/types\/post"}],"author":[{"embeddable":true,"href":"https:\/\/radiorevelacionfm.cl\/index.php?rest_route=\/wp\/v2\/users\/1"}],"replies":[{"embeddable":true,"href":"https:\/\/radiorevelacionfm.cl\/index.php?rest_route=%2Fwp%2Fv2%2Fcomments&post=46938"}],"version-history":[{"count":1,"href":"https:\/\/radiorevelacionfm.cl\/index.php?rest_route=\/wp\/v2\/posts\/46938\/revisions"}],"predecessor-version":[{"id":46940,"href":"https:\/\/radiorevelacionfm.cl\/index.php?rest_route=\/wp\/v2\/posts\/46938\/revisions\/46940"}],"wp:featuredmedia":[{"embeddable":true,"href":"https:\/\/radiorevelacionfm.cl\/index.php?rest_route=\/wp\/v2\/media\/46939"}],"wp:attachment":[{"href":"https:\/\/radiorevelacionfm.cl\/index.php?rest_route=%2Fwp%2Fv2%2Fmedia&parent=46938"}],"wp:term":[{"taxonomy":"category","embeddable":true,"href":"https:\/\/radiorevelacionfm.cl\/index.php?rest_route=%2Fwp%2Fv2%2Fcategories&post=46938"},{"taxonomy":"post_tag","embeddable":true,"href":"https:\/\/radiorevelacionfm.cl\/index.php?rest_route=%2Fwp%2Fv2%2Ftags&post=46938"}],"curies":[{"name":"wp","href":"https:\/\/api.w.org\/{rel}","templated":true}]}}