{"id":46933,"date":"2024-10-10T09:23:15","date_gmt":"2024-10-10T12:23:15","guid":{"rendered":"https:\/\/radiorevelacionfm.cl\/?p=46933"},"modified":"2024-10-10T09:23:15","modified_gmt":"2024-10-10T12:23:15","slug":"uaysen-realizo-seminario-sobre-derecho-tributacion-y-desarrollo-sostenible-con-academicos-de-cataluna","status":"publish","type":"post","link":"https:\/\/radiorevelacionfm.cl\/?p=46933","title":{"rendered":"UAys\u00e9n realiz\u00f3 Seminario sobre Derecho, Tributaci\u00f3n y Desarrollo Sostenible con acad\u00e9micos de Catalu\u00f1a"},"content":{"rendered":"<div class=\"flex_column av_one_full  flex_column_div av-zero-column-padding first  avia-builder-el-0  el_before_av_one_full  avia-builder-el-first  \" style='border-radius:0px; '><div  class='avia-image-container  av-styling-    avia-builder-el-1  avia-builder-el-no-sibling  avia-align-center '  itemprop=\"image\" itemscope=\"itemscope\" itemtype=\"https:\/\/schema.org\/ImageObject\"  ><div class='avia-image-container-inner'><div class='avia-image-overlay-wrap'><img decoding=\"async\" class='wp-image-46934 avia-img-lazy-loading-not-46934 avia_image' src=\"https:\/\/radiorevelacionfm.cl\/wp-content\/uploads\/2024\/10\/DSC02247-2-2.jpg\" alt='' title='DSC02247-2-2' height=\"600\" width=\"900\"  itemprop=\"thumbnailUrl\" srcset=\"https:\/\/radiorevelacionfm.cl\/wp-content\/uploads\/2024\/10\/DSC02247-2-2.jpg 900w, https:\/\/radiorevelacionfm.cl\/wp-content\/uploads\/2024\/10\/DSC02247-2-2-300x200.jpg 300w, https:\/\/radiorevelacionfm.cl\/wp-content\/uploads\/2024\/10\/DSC02247-2-2-768x512.jpg 768w, https:\/\/radiorevelacionfm.cl\/wp-content\/uploads\/2024\/10\/DSC02247-2-2-705x470.jpg 705w, https:\/\/radiorevelacionfm.cl\/wp-content\/uploads\/2024\/10\/DSC02247-2-2-450x300.jpg 450w, https:\/\/radiorevelacionfm.cl\/wp-content\/uploads\/2024\/10\/DSC02247-2-2-600x400.jpg 600w\" sizes=\"(max-width: 900px) 100vw, 900px\" \/><\/div><\/div><\/div><\/div><div class=\"flex_column av_one_full  flex_column_div av-zero-column-padding first  avia-builder-el-2  el_after_av_one_full  el_before_av_one_full  column-top-margin\" style='border-radius:0px; '><section class=\"av_textblock_section \"  itemscope=\"itemscope\" itemtype=\"https:\/\/schema.org\/BlogPosting\" itemprop=\"blogPost\" ><div class='avia_textblock  '   itemprop=\"text\" ><p style=\"text-align: center;\"><span style=\"font-size: 18pt;\"><strong>UAys\u00e9n realiz\u00f3 Seminario sobre Derecho, Tributaci\u00f3n y Desarrollo Sostenible con acad\u00e9micos de Catalu\u00f1a<\/strong><\/span><\/p>\n<div id=\"gtx-trans\" style=\"position: absolute; left: -50px; top: 4.31534px;\">\n<div class=\"gtx-trans-icon\"><\/div>\n<\/div>\n<\/div><\/section><\/div><div class=\"flex_column av_one_full  flex_column_div av-zero-column-padding first  avia-builder-el-4  el_after_av_one_full  el_before_av_hr  column-top-margin\" style='border-radius:0px; '><section class=\"av_textblock_section \"  itemscope=\"itemscope\" itemtype=\"https:\/\/schema.org\/BlogPosting\" itemprop=\"blogPost\" ><div class='avia_textblock  '   itemprop=\"text\" ><p dir=\"ltr\" style=\"text-align: justify;\"><em>A su vez,\u00a0 los acad\u00e9micos visitantes participaron en un workshop junto al equipo de la Direcci\u00f3n de Investigaci\u00f3n y acad\u00e9micos de la UAys\u00e9n, donde discutieron sobre los enfoques actuales en docencia e investigaci\u00f3n universitaria.<\/em><\/p>\n<p dir=\"ltr\" style=\"text-align: justify;\">La Universidad de Ays\u00e9n esta semana fue sede del seminario \u00abTemas actuales en Derecho, Tributaci\u00f3n y Desarrollo Sostenible\u00bb, organizado por la Direcci\u00f3n General Acad\u00e9mica de la casa de estudios estatal. Este evento cont\u00f3 con la visita de destacados acad\u00e9micos provenientes de Catalu\u00f1a, Espa\u00f1a, quienes compartieron sus conocimientos en tem\u00e1ticas clave para el desarrollo sostenible y la tributaci\u00f3n en el contexto actual.<\/p>\n<p dir=\"ltr\" style=\"text-align: justify;\">Entre los invitados internacionales destacaron el Dr. \u00c1ngel Urquizu Cavall\u00e9 y el Dr. Joan Pag\u00e8s i Galt\u00e9s, catedr\u00e1ticos de Derecho de la Universitat Rovira i Virgili; la Dra. Diana Ferrer Vidal, profesora titular de Derecho Financiero y Directora del M\u00e1ster en Asesor\u00eda Fiscal Internacional de la Universitat Ram\u00f3n Llull, y la Dra. Irene Rovira Ferrer, profesora de la Universitat Oberta de Catalu\u00f1a y Directora de la revista Scopus \u00abInternet, Derecho y Pol\u00edtica\u00bb.<\/p>\n<p dir=\"ltr\" style=\"text-align: justify;\">La jornada se dividi\u00f3 en dos importantes actividades realizadas en el Campus Lillo de la Universidad de Ays\u00e9n. Durante la ma\u00f1ana, los acad\u00e9micos participaron en un workshop junto al equipo de la Direcci\u00f3n de Investigaci\u00f3n y acad\u00e9micos de la UAys\u00e9n, donde discutieron sobre los enfoques actuales en docencia e investigaci\u00f3n universitaria. Luego, se llev\u00f3 a cabo el seminario abierto titulado \u00abTemas actuales en Derecho, Tributaci\u00f3n y Desarrollo Sostenible\u00bb, que permiti\u00f3 a la comunidad acad\u00e9mica y a los asistentes conocer m\u00e1s sobre la interrelaci\u00f3n entre las pol\u00edticas tributarias y la sostenibilidad.<\/p>\n<p dir=\"ltr\" style=\"text-align: justify;\">Al respecto, el Dr. Marco Vega L\u00f3pez, Director General Acad\u00e9mico de la Universidad de Ays\u00e9n, destac\u00f3 la importancia del evento y de las futuras colaboraciones. \u00abEstamos muy contentos de haber recibido en la universidad en nuestra actividad que hemos denominado Derecho, Tributaci\u00f3n y Desarrollo Sostenible, la visi\u00f3n de cuatro acad\u00e9micos y acad\u00e9micas catalanas,\u00a0 la doctora Diana Ferrer,\u00a0 la profesora Irene Rovira, el profesor Joan Pall\u00e9s y el profesor \u00c1ngel Uquizu, todos catedr\u00e1ticos y acad\u00e9micos de prestigiosas universidades catalanas, que nos traen una visi\u00f3n a compartir con nosotros y primero con los acad\u00e9micos sobre temas de docencia e investigaci\u00f3n, con el equipo de la Direcci\u00f3n General Acad\u00e9mica, y luego en un seminario donde hemos compartido ideas acerca de la regulaci\u00f3n, el derecho financiero y las ideas en torno al desarrollo sostenible, tributaci\u00f3n ambiental y otras. Ha sido muy interesante, ha concitado bastante inter\u00e9s y creo que ha sido muy provechosa la ocasi\u00f3n para la universidad, as\u00ed que estamos muy contentos\u00bb.<\/p>\n<p dir=\"ltr\" style=\"text-align: justify;\">En la oportunidad, el Dr. \u00c1ngel Urquizu Cavall\u00e9, especialista en derecho financiero, expres\u00f3 su entusiasmo por la colaboraci\u00f3n entre la Universidad de Ays\u00e9n y las universidades catalanas. \u00abTenemos unos v\u00ednculos muy estrechos con la Universidad de Ays\u00e9n, v\u00eda el Dr. Marco Vega con quien hemos colaborado durante muchos a\u00f1os en materia de investigaci\u00f3n y en docencia. Entonces, cuando \u00e9l vino a esta universidad, nos cont\u00f3 toda la investigaci\u00f3n que se est\u00e1 realizando en el marco de sostenibilidad y medioambiente, nos pareci\u00f3 muy interesante y decidimos venir a compartir experiencias y situaciones. La verdad es que estamos muy a gusto, nos parece que esta universidad tiene un gran potencial y esperamos poder colaborar en el futuro, mucho m\u00e1s entre las universidades espa\u00f1olas\u00bb, se\u00f1al\u00f3.<\/p>\n<p dir=\"ltr\" style=\"text-align: justify;\">Finalmente, la Dra. Diana Ferrer Vidal, experta en asesor\u00eda fiscal internacional, destac\u00f3 la importancia de la cooperaci\u00f3n entre instituciones de educaci\u00f3n superior en distintos pa\u00edses. \u00abEstamos encantados de venir a la Universidad de Ays\u00e9n, primeramente, porque nos gusta conocer el territorio, es verdad que conoc\u00edamos al profesor Marco Vega, que nos hab\u00edamos conocido previamente en Catalu\u00f1a y nos apetec\u00eda mucho venir, adem\u00e1s que creo que es muy importante la cooperaci\u00f3n entre universidades,\u00a0 es muy importante cooperar a nivel de investigaci\u00f3n, \u00bfD\u00f3nde est\u00e1n ustedes? \u00bfD\u00f3nde estamos nosotros? No podemos hacer investigaciones aisladas de pa\u00edses, al final el mundo es global, si te quedas aislado, no avanzas, as\u00ed que para mi es s\u00faper importante venir\u00a0 y me ha encantado ver el potencial que ten\u00e9is aqu\u00ed c\u00f3mo universidad\u00bb, enfatiz\u00f3 la acad\u00e9mica.<\/p>\n<p dir=\"ltr\" style=\"text-align: justify;\">Este seminario y workshop representa un hito importante en los esfuerzos de la Universidad de Ays\u00e9n por fortalecer su red de cooperaci\u00f3n internacional y su compromiso con la investigaci\u00f3n y ense\u00f1anza en \u00e1reas clave para el desarrollo sostenible.<\/p>\n<\/div><\/section><\/div><div  style='height:50px' class='hr hr-invisible   avia-builder-el-6  el_after_av_one_full  el_before_av_social_share '><span class='hr-inner ' ><span class='hr-inner-style'><\/span><\/span><\/div><\/p>\n<div  class='av-social-sharing-box  avia-builder-el-7  el_after_av_hr  el_before_av_hr  '><div class='av-share-box'><h5 class='av-share-link-description av-no-toc '>Compartir esta noticia<\/h5><ul class='av-share-box-list noLightbox'><li class='av-share-link av-social-link-facebook' ><a target=\"_blank\" aria-label=\"Compartir en Facebook\" href='https:\/\/www.facebook.com\/sharer.php?u=https:\/\/radiorevelacionfm.cl\/?p=46933&#038;t=UAys%C3%A9n%20realiz%C3%B3%20Seminario%20sobre%20Derecho%2C%20Tributaci%C3%B3n%20y%20Desarrollo%20Sostenible%20con%20acad%C3%A9micos%20de%20Catalu%C3%B1a' aria-hidden='false' data-av_icon='\ue8f3' data-av_iconfont='entypo-fontello' title='' data-avia-related-tooltip='Compartir en Facebook' rel=\"noopener\"><span class='avia_hidden_link_text'>Compartir en Facebook<\/span><\/a><\/li><li class='av-share-link av-social-link-twitter' ><a target=\"_blank\" aria-label=\"Compartir en Twitter\" href='https:\/\/twitter.com\/share?text=UAys%C3%A9n%20realiz%C3%B3%20Seminario%20sobre%20Derecho%2C%20Tributaci%C3%B3n%20y%20Desarrollo%20Sostenible%20con%20acad%C3%A9micos%20de%20Catalu%C3%B1a&#038;url=https:\/\/radiorevelacionfm.cl\/?p=46933' aria-hidden='false' data-av_icon='\ue8f1' data-av_iconfont='entypo-fontello' title='' data-avia-related-tooltip='Compartir en Twitter' rel=\"noopener\"><span class='avia_hidden_link_text'>Compartir en Twitter<\/span><\/a><\/li><li class='av-share-link av-social-link-whatsapp' ><a target=\"_blank\" aria-label=\"Compartir en Whatsapp\" href='https:\/\/api.whatsapp.com\/send?text=https:\/\/radiorevelacionfm.cl\/?p=46933' aria-hidden='false' data-av_icon='\uf232' data-av_iconfont='entypo-fontello' title='' data-avia-related-tooltip='Compartir en Whatsapp' rel=\"noopener\"><span class='avia_hidden_link_text'>Compartir en Whatsapp<\/span><\/a><\/li><li class='av-share-link av-social-link-linkedin' ><a target=\"_blank\" aria-label=\"Compartir en LinkedIn\" href='https:\/\/linkedin.com\/shareArticle?mini=true&#038;title=UAys%C3%A9n%20realiz%C3%B3%20Seminario%20sobre%20Derecho%2C%20Tributaci%C3%B3n%20y%20Desarrollo%20Sostenible%20con%20acad%C3%A9micos%20de%20Catalu%C3%B1a&#038;url=https:\/\/radiorevelacionfm.cl\/?p=46933' aria-hidden='false' data-av_icon='\ue8fc' data-av_iconfont='entypo-fontello' title='' data-avia-related-tooltip='Compartir en LinkedIn' rel=\"noopener\"><span class='avia_hidden_link_text'>Compartir en LinkedIn<\/span><\/a><\/li><li class='av-share-link av-social-link-mail' ><a  aria-label=\"Compartir por correo\" href='mailto:?subject=UAys%C3%A9n%20realiz%C3%B3%20Seminario%20sobre%20Derecho%2C%20Tributaci%C3%B3n%20y%20Desarrollo%20Sostenible%20con%20acad%C3%A9micos%20de%20Catalu%C3%B1a&#038;body=https:\/\/radiorevelacionfm.cl\/?p=46933' aria-hidden='false' data-av_icon='\ue805' data-av_iconfont='entypo-fontello' title='' data-avia-related-tooltip='Compartir por correo'><span class='avia_hidden_link_text'>Compartir por correo<\/span><\/a><\/li><\/ul><\/div><\/div>\n<div  style='height:50px' class='hr hr-invisible   avia-builder-el-8  el_after_av_social_share  el_before_av_comments_list '><span class='hr-inner ' ><span class='hr-inner-style'><\/span><\/span><\/div>\n<div  class='av-buildercomment  av-blog-meta-html-info-disabled av-blog-meta-tag-disabled  '><\/div>\n","protected":false},"excerpt":{"rendered":"","protected":false},"author":1,"featured_media":46934,"comment_status":"open","ping_status":"open","sticky":false,"template":"","format":"standard","meta":{"footnotes":""},"categories":[49],"tags":[],"class_list":["post-46933","post","type-post","status-publish","format-standard","has-post-thumbnail","hentry","category-educacion"],"jetpack_featured_media_url":"https:\/\/radiorevelacionfm.cl\/wp-content\/uploads\/2024\/10\/DSC02247-2-2.jpg","_links":{"self":[{"href":"https:\/\/radiorevelacionfm.cl\/index.php?rest_route=\/wp\/v2\/posts\/46933","targetHints":{"allow":["GET"]}}],"collection":[{"href":"https:\/\/radiorevelacionfm.cl\/index.php?rest_route=\/wp\/v2\/posts"}],"about":[{"href":"https:\/\/radiorevelacionfm.cl\/index.php?rest_route=\/wp\/v2\/types\/post"}],"author":[{"embeddable":true,"href":"https:\/\/radiorevelacionfm.cl\/index.php?rest_route=\/wp\/v2\/users\/1"}],"replies":[{"embeddable":true,"href":"https:\/\/radiorevelacionfm.cl\/index.php?rest_route=%2Fwp%2Fv2%2Fcomments&post=46933"}],"version-history":[{"count":1,"href":"https:\/\/radiorevelacionfm.cl\/index.php?rest_route=\/wp\/v2\/posts\/46933\/revisions"}],"predecessor-version":[{"id":46935,"href":"https:\/\/radiorevelacionfm.cl\/index.php?rest_route=\/wp\/v2\/posts\/46933\/revisions\/46935"}],"wp:featuredmedia":[{"embeddable":true,"href":"https:\/\/radiorevelacionfm.cl\/index.php?rest_route=\/wp\/v2\/media\/46934"}],"wp:attachment":[{"href":"https:\/\/radiorevelacionfm.cl\/index.php?rest_route=%2Fwp%2Fv2%2Fmedia&parent=46933"}],"wp:term":[{"taxonomy":"category","embeddable":true,"href":"https:\/\/radiorevelacionfm.cl\/index.php?rest_route=%2Fwp%2Fv2%2Fcategories&post=46933"},{"taxonomy":"post_tag","embeddable":true,"href":"https:\/\/radiorevelacionfm.cl\/index.php?rest_route=%2Fwp%2Fv2%2Ftags&post=46933"}],"curies":[{"name":"wp","href":"https:\/\/api.w.org\/{rel}","templated":true}]}}