{"id":46930,"date":"2024-10-09T21:59:39","date_gmt":"2024-10-10T00:59:39","guid":{"rendered":"https:\/\/radiorevelacionfm.cl\/?p=46930"},"modified":"2024-10-09T21:59:39","modified_gmt":"2024-10-10T00:59:39","slug":"indap-aysen-destaca-credito-de-enlace-para-el-manejo-del-bosque-nativo-dirigido-a-pequenos-propietarios-forestales","status":"publish","type":"post","link":"https:\/\/radiorevelacionfm.cl\/?p=46930","title":{"rendered":"Indap Ays\u00e9n destaca cr\u00e9dito de enlace para el manejo del bosque nativo dirigido a peque\u00f1os propietarios forestales"},"content":{"rendered":"<div class=\"flex_column av_one_full  flex_column_div av-zero-column-padding first  avia-builder-el-0  el_before_av_one_full  avia-builder-el-first  \" style='border-radius:0px; '><div  class='avia-image-container  av-styling-    avia-builder-el-1  avia-builder-el-no-sibling  avia-align-center '  itemprop=\"image\" itemscope=\"itemscope\" itemtype=\"https:\/\/schema.org\/ImageObject\"  ><div class='avia-image-container-inner'><div class='avia-image-overlay-wrap'><img decoding=\"async\" class='wp-image-46931 avia-img-lazy-loading-not-46931 avia_image' src=\"https:\/\/radiorevelacionfm.cl\/wp-content\/uploads\/2024\/10\/foto-credito-bosque-nativo-1-2-2_optimized-2.jpeg\" alt='' title='foto-credito-bosque-nativo-1-2-2_optimized-2' height=\"600\" width=\"800\"  itemprop=\"thumbnailUrl\" srcset=\"https:\/\/radiorevelacionfm.cl\/wp-content\/uploads\/2024\/10\/foto-credito-bosque-nativo-1-2-2_optimized-2.jpeg 800w, https:\/\/radiorevelacionfm.cl\/wp-content\/uploads\/2024\/10\/foto-credito-bosque-nativo-1-2-2_optimized-2-300x225.jpeg 300w, https:\/\/radiorevelacionfm.cl\/wp-content\/uploads\/2024\/10\/foto-credito-bosque-nativo-1-2-2_optimized-2-768x576.jpeg 768w, https:\/\/radiorevelacionfm.cl\/wp-content\/uploads\/2024\/10\/foto-credito-bosque-nativo-1-2-2_optimized-2-705x529.jpeg 705w, https:\/\/radiorevelacionfm.cl\/wp-content\/uploads\/2024\/10\/foto-credito-bosque-nativo-1-2-2_optimized-2-450x338.jpeg 450w, https:\/\/radiorevelacionfm.cl\/wp-content\/uploads\/2024\/10\/foto-credito-bosque-nativo-1-2-2_optimized-2-600x450.jpeg 600w\" sizes=\"(max-width: 800px) 100vw, 800px\" \/><\/div><\/div><\/div><\/div><div class=\"flex_column av_one_full  flex_column_div av-zero-column-padding first  avia-builder-el-2  el_after_av_one_full  el_before_av_one_full  column-top-margin\" style='border-radius:0px; '><section class=\"av_textblock_section \"  itemscope=\"itemscope\" itemtype=\"https:\/\/schema.org\/BlogPosting\" itemprop=\"blogPost\" ><div class='avia_textblock  '   itemprop=\"text\" ><p style=\"text-align: center;\"><strong><span style=\"font-size: 18pt;\">Indap Ays\u00e9n destaca cr\u00e9dito de enlace para el manejo del bosque nativo dirigido a peque\u00f1os propietarios forestales<\/span><\/strong><\/p>\n<div id=\"gtx-trans\" style=\"position: absolute; left: -50px; top: 4.31534px;\">\n<div class=\"gtx-trans-icon\"><\/div>\n<\/div>\n<\/div><\/section><\/div><div class=\"flex_column av_one_full  flex_column_div av-zero-column-padding first  avia-builder-el-4  el_after_av_one_full  el_before_av_hr  column-top-margin\" style='border-radius:0px; '><section class=\"av_textblock_section \"  itemscope=\"itemscope\" itemtype=\"https:\/\/schema.org\/BlogPosting\" itemprop=\"blogPost\" ><div class='avia_textblock  '   itemprop=\"text\" ><p style=\"text-align: justify;\">INDAP Ays\u00e9n del Ministerio de Agricultura quiere destacar el cr\u00e9dito de enlace para apoyar a peque\u00f1os propietarios forestales en el manejo y recuperaci\u00f3n de sus bosques nativos. Este cr\u00e9dito est\u00e1 disponible tanto para personas naturales y jur\u00eddicas que califiquen como usuario\/a de INDAP y que cuenten con la bonificaci\u00f3n estatal otorgada por CONAF seg\u00fan lo establecido en la Ley N\u00b0 20.283 sobre recuperaci\u00f3n del bosque nativo y fomento forestal.<\/p>\n<p style=\"text-align: justify;\">Tras reuni\u00f3n sostenida con el jefe nacional de bosque nativo de CONAF, Washington Alvarado, junto a la jefatura de la Secci\u00f3n Manejo y Silvicultura en Bosque Nativo, Paola Ciccarelli y funcionarios de CONAF e INDAP, Yessica Lagos C\u00e1rdenas, directora regional de INDAP Ays\u00e9n, destac\u00f3 los beneficios de este cr\u00e9dito para los usuarios y usuarias de la instituci\u00f3n que lidera: \u201cSabemos que el manejo del bosque nativo es clave para proteger nuestra tierra y asegurar su sostenibilidad a largo plazo. Queremos que nuestros campesinos y campesinas se sientan acompa\u00f1ados en este proceso, sin barreras de acceso y de esta forma contribuir a la preservaci\u00f3n y cuidado del bosque nativo\u201d.<\/p>\n<p style=\"text-align: justify;\">El cr\u00e9dito de enlace para el manejo del bosque nativo bosque nativo ayuda a financiar actividades que mejoren y cuiden los bosques. Se puede usar para producir productos no madereros o proteger especies vegetales con valor ecol\u00f3gico. Tambi\u00e9n es \u00fatil para quienes buscan regenerar \u00e1reas forestales en riesgo o protegidas. Este beneficio de cr\u00e9dito a largo plazo es reajustable y est\u00e1 vinculado a la bonificaci\u00f3n que otorga el Estado para el manejo del bosque nativo. Sirve para financiar actividades de silvicultura, como la producci\u00f3n de productos no madereros o la recuperaci\u00f3n de bosques nativos con fines ecol\u00f3gicos o madereros.<\/p>\n<p style=\"text-align: justify;\">Los y las usuarias de INDAP que tengan aprobado un proyecto seg\u00fan la Ley 20.283 pueden hacer la solicitud en cualquier Agencia de \u00c1rea de INDAP, o bien, iniciar el tr\u00e1mite en l\u00ednea a trav\u00e9s del sitio web de la instituci\u00f3n. Una vez recibida la solicitud, se revisar\u00e1n los antecedentes para verificar que se cumplan todos los requisitos establecidos.<\/p>\n<p style=\"text-align: justify;\">Este cr\u00e9dito reafirma el compromiso de INDAP con el cuidado del medio ambiente y el desarrollo sostenible de los peque\u00f1os propietarios forestales, contribuyendo a la recuperaci\u00f3n y manejo responsable de los bosques nativos.<\/p>\n<\/div><\/section><\/div><div  style='height:50px' class='hr hr-invisible   avia-builder-el-6  el_after_av_one_full  el_before_av_social_share '><span class='hr-inner ' ><span class='hr-inner-style'><\/span><\/span><\/div><\/p>\n<div  class='av-social-sharing-box  avia-builder-el-7  el_after_av_hr  el_before_av_hr  '><div class='av-share-box'><h5 class='av-share-link-description av-no-toc '>Compartir esta noticia<\/h5><ul class='av-share-box-list noLightbox'><li class='av-share-link av-social-link-facebook' ><a target=\"_blank\" aria-label=\"Compartir en Facebook\" href='https:\/\/www.facebook.com\/sharer.php?u=https:\/\/radiorevelacionfm.cl\/?p=46930&#038;t=Indap%20Ays%C3%A9n%20destaca%20cr%C3%A9dito%20de%20enlace%20para%20el%20manejo%20del%20bosque%20nativo%20dirigido%20a%20peque%C3%B1os%20propietarios%20forestales' aria-hidden='false' data-av_icon='\ue8f3' data-av_iconfont='entypo-fontello' title='' data-avia-related-tooltip='Compartir en Facebook' rel=\"noopener\"><span class='avia_hidden_link_text'>Compartir en Facebook<\/span><\/a><\/li><li class='av-share-link av-social-link-twitter' ><a target=\"_blank\" aria-label=\"Compartir en Twitter\" href='https:\/\/twitter.com\/share?text=Indap%20Ays%C3%A9n%20destaca%20cr%C3%A9dito%20de%20enlace%20para%20el%20manejo%20del%20bosque%20nativo%20dirigido%20a%20peque%C3%B1os%20propietarios%20forestales&#038;url=https:\/\/radiorevelacionfm.cl\/?p=46930' aria-hidden='false' data-av_icon='\ue8f1' data-av_iconfont='entypo-fontello' title='' data-avia-related-tooltip='Compartir en Twitter' rel=\"noopener\"><span class='avia_hidden_link_text'>Compartir en Twitter<\/span><\/a><\/li><li class='av-share-link av-social-link-whatsapp' ><a target=\"_blank\" aria-label=\"Compartir en Whatsapp\" href='https:\/\/api.whatsapp.com\/send?text=https:\/\/radiorevelacionfm.cl\/?p=46930' aria-hidden='false' data-av_icon='\uf232' data-av_iconfont='entypo-fontello' title='' data-avia-related-tooltip='Compartir en Whatsapp' rel=\"noopener\"><span class='avia_hidden_link_text'>Compartir en Whatsapp<\/span><\/a><\/li><li class='av-share-link av-social-link-linkedin' ><a target=\"_blank\" aria-label=\"Compartir en LinkedIn\" href='https:\/\/linkedin.com\/shareArticle?mini=true&#038;title=Indap%20Ays%C3%A9n%20destaca%20cr%C3%A9dito%20de%20enlace%20para%20el%20manejo%20del%20bosque%20nativo%20dirigido%20a%20peque%C3%B1os%20propietarios%20forestales&#038;url=https:\/\/radiorevelacionfm.cl\/?p=46930' aria-hidden='false' data-av_icon='\ue8fc' data-av_iconfont='entypo-fontello' title='' data-avia-related-tooltip='Compartir en LinkedIn' rel=\"noopener\"><span class='avia_hidden_link_text'>Compartir en LinkedIn<\/span><\/a><\/li><li class='av-share-link av-social-link-mail' ><a  aria-label=\"Compartir por correo\" href='mailto:?subject=Indap%20Ays%C3%A9n%20destaca%20cr%C3%A9dito%20de%20enlace%20para%20el%20manejo%20del%20bosque%20nativo%20dirigido%20a%20peque%C3%B1os%20propietarios%20forestales&#038;body=https:\/\/radiorevelacionfm.cl\/?p=46930' aria-hidden='false' data-av_icon='\ue805' data-av_iconfont='entypo-fontello' title='' data-avia-related-tooltip='Compartir por correo'><span class='avia_hidden_link_text'>Compartir por correo<\/span><\/a><\/li><\/ul><\/div><\/div>\n<div  style='height:50px' class='hr hr-invisible   avia-builder-el-8  el_after_av_social_share  el_before_av_comments_list '><span class='hr-inner ' ><span class='hr-inner-style'><\/span><\/span><\/div>\n<div  class='av-buildercomment  av-blog-meta-html-info-disabled av-blog-meta-tag-disabled  '><\/div>\n","protected":false},"excerpt":{"rendered":"","protected":false},"author":1,"featured_media":46931,"comment_status":"open","ping_status":"open","sticky":false,"template":"","format":"standard","meta":{"footnotes":""},"categories":[58],"tags":[],"class_list":["post-46930","post","type-post","status-publish","format-standard","has-post-thumbnail","hentry","category-agricultura"],"jetpack_featured_media_url":"https:\/\/radiorevelacionfm.cl\/wp-content\/uploads\/2024\/10\/foto-credito-bosque-nativo-1-2-2_optimized-2.jpeg","_links":{"self":[{"href":"https:\/\/radiorevelacionfm.cl\/index.php?rest_route=\/wp\/v2\/posts\/46930","targetHints":{"allow":["GET"]}}],"collection":[{"href":"https:\/\/radiorevelacionfm.cl\/index.php?rest_route=\/wp\/v2\/posts"}],"about":[{"href":"https:\/\/radiorevelacionfm.cl\/index.php?rest_route=\/wp\/v2\/types\/post"}],"author":[{"embeddable":true,"href":"https:\/\/radiorevelacionfm.cl\/index.php?rest_route=\/wp\/v2\/users\/1"}],"replies":[{"embeddable":true,"href":"https:\/\/radiorevelacionfm.cl\/index.php?rest_route=%2Fwp%2Fv2%2Fcomments&post=46930"}],"version-history":[{"count":1,"href":"https:\/\/radiorevelacionfm.cl\/index.php?rest_route=\/wp\/v2\/posts\/46930\/revisions"}],"predecessor-version":[{"id":46932,"href":"https:\/\/radiorevelacionfm.cl\/index.php?rest_route=\/wp\/v2\/posts\/46930\/revisions\/46932"}],"wp:featuredmedia":[{"embeddable":true,"href":"https:\/\/radiorevelacionfm.cl\/index.php?rest_route=\/wp\/v2\/media\/46931"}],"wp:attachment":[{"href":"https:\/\/radiorevelacionfm.cl\/index.php?rest_route=%2Fwp%2Fv2%2Fmedia&parent=46930"}],"wp:term":[{"taxonomy":"category","embeddable":true,"href":"https:\/\/radiorevelacionfm.cl\/index.php?rest_route=%2Fwp%2Fv2%2Fcategories&post=46930"},{"taxonomy":"post_tag","embeddable":true,"href":"https:\/\/radiorevelacionfm.cl\/index.php?rest_route=%2Fwp%2Fv2%2Ftags&post=46930"}],"curies":[{"name":"wp","href":"https:\/\/api.w.org\/{rel}","templated":true}]}}