{"id":46927,"date":"2024-10-09T16:51:51","date_gmt":"2024-10-09T19:51:51","guid":{"rendered":"https:\/\/radiorevelacionfm.cl\/?p=46927"},"modified":"2024-10-09T16:51:51","modified_gmt":"2024-10-09T19:51:51","slug":"anuncian-lista-de-pre-seleccionados-al-programa-de-recambio-de-calefactores-en-coyhaique","status":"publish","type":"post","link":"https:\/\/radiorevelacionfm.cl\/?p=46927","title":{"rendered":"Anuncian lista de pre-seleccionados al programa de Recambio de Calefactores en Coyhaique"},"content":{"rendered":"<div class=\"flex_column av_one_full  flex_column_div av-zero-column-padding first  avia-builder-el-0  el_before_av_one_full  avia-builder-el-first  \" style='border-radius:0px; '><div  class='avia-image-container  av-styling-    avia-builder-el-1  avia-builder-el-no-sibling  avia-align-center '  itemprop=\"image\" itemscope=\"itemscope\" itemtype=\"https:\/\/schema.org\/ImageObject\"  ><div class='avia-image-container-inner'><div class='avia-image-overlay-wrap'><img decoding=\"async\" class='wp-image-46928 avia-img-lazy-loading-not-46928 avia_image' src=\"https:\/\/radiorevelacionfm.cl\/wp-content\/uploads\/2024\/10\/calefactor-2-2.jpg\" alt='' title='calefactor-2-2' height=\"600\" width=\"1049\"  itemprop=\"thumbnailUrl\" srcset=\"https:\/\/radiorevelacionfm.cl\/wp-content\/uploads\/2024\/10\/calefactor-2-2.jpg 1049w, https:\/\/radiorevelacionfm.cl\/wp-content\/uploads\/2024\/10\/calefactor-2-2-300x172.jpg 300w, https:\/\/radiorevelacionfm.cl\/wp-content\/uploads\/2024\/10\/calefactor-2-2-1030x589.jpg 1030w, https:\/\/radiorevelacionfm.cl\/wp-content\/uploads\/2024\/10\/calefactor-2-2-768x439.jpg 768w, https:\/\/radiorevelacionfm.cl\/wp-content\/uploads\/2024\/10\/calefactor-2-2-705x403.jpg 705w, https:\/\/radiorevelacionfm.cl\/wp-content\/uploads\/2024\/10\/calefactor-2-2-450x257.jpg 450w, https:\/\/radiorevelacionfm.cl\/wp-content\/uploads\/2024\/10\/calefactor-2-2-600x343.jpg 600w\" sizes=\"(max-width: 1049px) 100vw, 1049px\" \/><\/div><\/div><\/div><\/div><div class=\"flex_column av_one_full  flex_column_div av-zero-column-padding first  avia-builder-el-2  el_after_av_one_full  el_before_av_one_full  column-top-margin\" style='border-radius:0px; '><section class=\"av_textblock_section \"  itemscope=\"itemscope\" itemtype=\"https:\/\/schema.org\/BlogPosting\" itemprop=\"blogPost\" ><div class='avia_textblock  '   itemprop=\"text\" ><p style=\"text-align: center;\"><span style=\"font-size: 18pt;\"><strong>Anuncian lista de pre-seleccionados al programa de Recambio de Calefactores en Coyhaique<\/strong><\/span><\/p>\n<div id=\"gtx-trans\" style=\"position: absolute; left: -50px; top: 4.31534px;\">\n<div class=\"gtx-trans-icon\"><\/div>\n<\/div>\n<\/div><\/section><\/div><div class=\"flex_column av_one_full  flex_column_div av-zero-column-padding first  avia-builder-el-4  el_after_av_one_full  el_before_av_hr  column-top-margin\" style='border-radius:0px; '><section class=\"av_textblock_section \"  itemscope=\"itemscope\" itemtype=\"https:\/\/schema.org\/BlogPosting\" itemprop=\"blogPost\" ><div class='avia_textblock  '   itemprop=\"text\" ><p style=\"text-align: justify;\">Ya est\u00e1 disponible el listado de pre-seleccionados del segundo llamado de postulaci\u00f3n al \u00abPrograma de Recambio de Artefactos a Le\u00f1a Zona saturada de Coyhaique l\u00ednea pellet\u201d, iniciativa impulsada por la SEREMI del Medio Ambiente y financiada por el Gobierno Regional de Ays\u00e9n y su Consejo, y que busca abordar el pilar fundamental del Plan de Descontaminaci\u00f3n Atmosf\u00e9rica PDA que promueve la calefacci\u00f3n sustentable para la disminuci\u00f3n de emisiones de material particulado, asociadas al uso le\u00f1a h\u00fameda como medio de calefacci\u00f3n domiciliaria.<\/p>\n<p style=\"text-align: justify;\">El listado disponible en <a href=\"https:\/\/calefactores.mma.gob.cl\/llamado\/210\">https:\/\/calefactores.mma.gob.cl\/llamado\/210<\/a> cuenta con 770 pre-seleccionados\u00a0 para el segundo llamado al recambio de calefactores en la l\u00ednea pellet para la zona saturada de Coyhaique.<\/p>\n<p style=\"text-align: justify;\">El Seremi del Medio Ambiente, Yoal D\u00edaz coment\u00f3 que ya se inform\u00f3 a los postulantes v\u00eda correo electr\u00f3nico y que pronto comenzar\u00e1n a hacer los llamados para coordinar las visitas de verificaci\u00f3n en los domicilios \u201cnuestro proceso de validaci\u00f3n de los datos comienza este 9 de octubre y es s\u00faper importante que las y los postulantes est\u00e9n atentos al tel\u00e9fono que nos proporcionaron al postular y as\u00ed tambi\u00e9n que cuenten con la documentaci\u00f3n necesaria para respaldar lo que declararon. Estamos muy contentos de la alta convocatoria, del inter\u00e9s de las familias por sumarse a este beneficio ambiental, y quiero decirle a aquellos que no quedaron preseleccionados en esta oportunidad, que sigan postulando, se vienen nuevos llamados, como ministerio y gobierno regional hemos comprometido 2.400 recambios para descontaminar Coyhaique y seguiremos trabajando\u201d, record\u00f3 a la comunidad la autoridad ambiental.<\/p>\n<p style=\"text-align: justify;\">Para el proceso de verificaci\u00f3n en domicilios, los profesionales del programa de recambio coordinar\u00e1n la visita directamente con las y los postulantes, y as\u00ed tambi\u00e9n para las visitas se presentar\u00e1n con sus credenciales institucionales.<\/p>\n<p style=\"text-align: justify;\">Las y los preseleccionados deben recordar que el artefacto de calefacci\u00f3n a le\u00f1a debe estar instalado, deben tener a mano la copia de las c\u00e9dulas de identidad o certificado de nacimiento de todas las personas declaradas que vivan en su domicilio. As\u00ed tambi\u00e9n, en caso de haberlo declarado en la postulaci\u00f3n, deber\u00e1n presentar copia del carnet de discapacidad, certificado m\u00e9dico o carnet de control en caso de poseer enfermedades cr\u00f3nicas respiratorias y\/o cardiovasculares, indicando claramente el nombre del paciente y el diagn\u00f3stico.<\/p>\n<p style=\"text-align: justify;\">Adem\u00e1s, para mejorar el puntaje de acuerdo a los criterios de selecci\u00f3n, las y los preseleccionados podr\u00e1n mostrar medios de verificaci\u00f3n del nivel de aislaci\u00f3n t\u00e9rmica de su vivienda, presentado copia del documento donde se indica la fecha del permiso de edificaci\u00f3n de su vivienda, (permiso de edificaci\u00f3n entregado por la municipalidad o en la escritura de su vivienda); y adem\u00e1s podr\u00e1n presentar el certificado de subsidio t\u00e9rmico del SERVIU del Programa de Protecci\u00f3n del Patrimonio Familiar, en caso de poseer este beneficio.<\/p>\n<p style=\"text-align: justify;\">Finalmente, el Seremi invit\u00f3 a la comunidad a aclarar las dudas sobre el proceso en los canales oficiales a trav\u00e9s del correo <a href=\"mailto:recambiocoyhaique@mma.gob.cl\">recambiocoyhaique@mma.gob.cl<\/a>; los tel\u00e9fonos 67 245 1469, 67 245 1467 \u00f3 67 245 1465; o bien presencialmente en la oficina del recambio ubicada en Errazuriz #514, Coyhaique (esquina Lillo).<\/p>\n<\/div><\/section><\/div><div  style='height:50px' class='hr hr-invisible   avia-builder-el-6  el_after_av_one_full  el_before_av_social_share '><span class='hr-inner ' ><span class='hr-inner-style'><\/span><\/span><\/div><\/p>\n<div  class='av-social-sharing-box  avia-builder-el-7  el_after_av_hr  el_before_av_hr  '><div class='av-share-box'><h5 class='av-share-link-description av-no-toc '>Compartir esta noticia<\/h5><ul class='av-share-box-list noLightbox'><li class='av-share-link av-social-link-facebook' ><a target=\"_blank\" aria-label=\"Compartir en Facebook\" href='https:\/\/www.facebook.com\/sharer.php?u=https:\/\/radiorevelacionfm.cl\/?p=46927&#038;t=Anuncian%20lista%20de%20pre-seleccionados%20al%20programa%20de%20Recambio%20de%20Calefactores%20en%20Coyhaique' aria-hidden='false' data-av_icon='\ue8f3' data-av_iconfont='entypo-fontello' title='' data-avia-related-tooltip='Compartir en Facebook' rel=\"noopener\"><span class='avia_hidden_link_text'>Compartir en Facebook<\/span><\/a><\/li><li class='av-share-link av-social-link-twitter' ><a target=\"_blank\" aria-label=\"Compartir en Twitter\" href='https:\/\/twitter.com\/share?text=Anuncian%20lista%20de%20pre-seleccionados%20al%20programa%20de%20Recambio%20de%20Calefactores%20en%20Coyhaique&#038;url=https:\/\/radiorevelacionfm.cl\/?p=46927' aria-hidden='false' data-av_icon='\ue8f1' data-av_iconfont='entypo-fontello' title='' data-avia-related-tooltip='Compartir en Twitter' rel=\"noopener\"><span class='avia_hidden_link_text'>Compartir en Twitter<\/span><\/a><\/li><li class='av-share-link av-social-link-whatsapp' ><a target=\"_blank\" aria-label=\"Compartir en Whatsapp\" href='https:\/\/api.whatsapp.com\/send?text=https:\/\/radiorevelacionfm.cl\/?p=46927' aria-hidden='false' data-av_icon='\uf232' data-av_iconfont='entypo-fontello' title='' data-avia-related-tooltip='Compartir en Whatsapp' rel=\"noopener\"><span class='avia_hidden_link_text'>Compartir en Whatsapp<\/span><\/a><\/li><li class='av-share-link av-social-link-linkedin' ><a target=\"_blank\" aria-label=\"Compartir en LinkedIn\" href='https:\/\/linkedin.com\/shareArticle?mini=true&#038;title=Anuncian%20lista%20de%20pre-seleccionados%20al%20programa%20de%20Recambio%20de%20Calefactores%20en%20Coyhaique&#038;url=https:\/\/radiorevelacionfm.cl\/?p=46927' aria-hidden='false' data-av_icon='\ue8fc' data-av_iconfont='entypo-fontello' title='' data-avia-related-tooltip='Compartir en LinkedIn' rel=\"noopener\"><span class='avia_hidden_link_text'>Compartir en LinkedIn<\/span><\/a><\/li><li class='av-share-link av-social-link-mail' ><a  aria-label=\"Compartir por correo\" href='mailto:?subject=Anuncian%20lista%20de%20pre-seleccionados%20al%20programa%20de%20Recambio%20de%20Calefactores%20en%20Coyhaique&#038;body=https:\/\/radiorevelacionfm.cl\/?p=46927' aria-hidden='false' data-av_icon='\ue805' data-av_iconfont='entypo-fontello' title='' data-avia-related-tooltip='Compartir por correo'><span class='avia_hidden_link_text'>Compartir por correo<\/span><\/a><\/li><\/ul><\/div><\/div>\n<div  style='height:50px' class='hr hr-invisible   avia-builder-el-8  el_after_av_social_share  el_before_av_comments_list '><span class='hr-inner ' ><span class='hr-inner-style'><\/span><\/span><\/div>\n<div  class='av-buildercomment  av-blog-meta-html-info-disabled av-blog-meta-tag-disabled  '><\/div>\n","protected":false},"excerpt":{"rendered":"","protected":false},"author":1,"featured_media":46928,"comment_status":"open","ping_status":"open","sticky":false,"template":"","format":"standard","meta":{"footnotes":""},"categories":[39],"tags":[],"class_list":["post-46927","post","type-post","status-publish","format-standard","has-post-thumbnail","hentry","category-medio-ambiente"],"jetpack_featured_media_url":"https:\/\/radiorevelacionfm.cl\/wp-content\/uploads\/2024\/10\/calefactor-2-2.jpg","_links":{"self":[{"href":"https:\/\/radiorevelacionfm.cl\/index.php?rest_route=\/wp\/v2\/posts\/46927","targetHints":{"allow":["GET"]}}],"collection":[{"href":"https:\/\/radiorevelacionfm.cl\/index.php?rest_route=\/wp\/v2\/posts"}],"about":[{"href":"https:\/\/radiorevelacionfm.cl\/index.php?rest_route=\/wp\/v2\/types\/post"}],"author":[{"embeddable":true,"href":"https:\/\/radiorevelacionfm.cl\/index.php?rest_route=\/wp\/v2\/users\/1"}],"replies":[{"embeddable":true,"href":"https:\/\/radiorevelacionfm.cl\/index.php?rest_route=%2Fwp%2Fv2%2Fcomments&post=46927"}],"version-history":[{"count":1,"href":"https:\/\/radiorevelacionfm.cl\/index.php?rest_route=\/wp\/v2\/posts\/46927\/revisions"}],"predecessor-version":[{"id":46929,"href":"https:\/\/radiorevelacionfm.cl\/index.php?rest_route=\/wp\/v2\/posts\/46927\/revisions\/46929"}],"wp:featuredmedia":[{"embeddable":true,"href":"https:\/\/radiorevelacionfm.cl\/index.php?rest_route=\/wp\/v2\/media\/46928"}],"wp:attachment":[{"href":"https:\/\/radiorevelacionfm.cl\/index.php?rest_route=%2Fwp%2Fv2%2Fmedia&parent=46927"}],"wp:term":[{"taxonomy":"category","embeddable":true,"href":"https:\/\/radiorevelacionfm.cl\/index.php?rest_route=%2Fwp%2Fv2%2Fcategories&post=46927"},{"taxonomy":"post_tag","embeddable":true,"href":"https:\/\/radiorevelacionfm.cl\/index.php?rest_route=%2Fwp%2Fv2%2Ftags&post=46927"}],"curies":[{"name":"wp","href":"https:\/\/api.w.org\/{rel}","templated":true}]}}