{"id":46924,"date":"2024-10-09T21:51:13","date_gmt":"2024-10-10T00:51:13","guid":{"rendered":"https:\/\/radiorevelacionfm.cl\/?p=46924"},"modified":"2024-10-09T21:51:13","modified_gmt":"2024-10-10T00:51:13","slug":"con-gran-exito-se-desarrollo-feria-laboral-litoral-trabajo","status":"publish","type":"post","link":"https:\/\/radiorevelacionfm.cl\/?p=46924","title":{"rendered":"Con gran \u00e9xito se desarroll\u00f3 Feria Laboral Litoral-Trabajo"},"content":{"rendered":"<div class=\"flex_column av_one_full  flex_column_div av-zero-column-padding first  avia-builder-el-0  el_before_av_one_full  avia-builder-el-first  \" style='border-radius:0px; '><div  class='avia-image-container  av-styling-    avia-builder-el-1  avia-builder-el-no-sibling  avia-align-center '  itemprop=\"image\" itemscope=\"itemscope\" itemtype=\"https:\/\/schema.org\/ImageObject\"  ><div class='avia-image-container-inner'><div class='avia-image-overlay-wrap'><img decoding=\"async\" class='wp-image-46925 avia-img-lazy-loading-not-46925 avia_image' src=\"https:\/\/radiorevelacionfm.cl\/wp-content\/uploads\/2024\/10\/Feria-Litoral-Trabajo_inauguracion.jpeg\" alt='' title='Feria Litoral Trabajo_inauguracion' height=\"569\" width=\"720\"  itemprop=\"thumbnailUrl\" srcset=\"https:\/\/radiorevelacionfm.cl\/wp-content\/uploads\/2024\/10\/Feria-Litoral-Trabajo_inauguracion.jpeg 720w, https:\/\/radiorevelacionfm.cl\/wp-content\/uploads\/2024\/10\/Feria-Litoral-Trabajo_inauguracion-300x237.jpeg 300w, https:\/\/radiorevelacionfm.cl\/wp-content\/uploads\/2024\/10\/Feria-Litoral-Trabajo_inauguracion-705x557.jpeg 705w, https:\/\/radiorevelacionfm.cl\/wp-content\/uploads\/2024\/10\/Feria-Litoral-Trabajo_inauguracion-450x356.jpeg 450w, https:\/\/radiorevelacionfm.cl\/wp-content\/uploads\/2024\/10\/Feria-Litoral-Trabajo_inauguracion-600x474.jpeg 600w\" sizes=\"(max-width: 720px) 100vw, 720px\" \/><\/div><\/div><\/div><\/div><div class=\"flex_column av_one_full  flex_column_div av-zero-column-padding first  avia-builder-el-2  el_after_av_one_full  el_before_av_one_full  column-top-margin\" style='border-radius:0px; '><section class=\"av_textblock_section \"  itemscope=\"itemscope\" itemtype=\"https:\/\/schema.org\/BlogPosting\" itemprop=\"blogPost\" ><div class='avia_textblock  '   itemprop=\"text\" ><p style=\"text-align: center;\"><span style=\"font-size: 18pt;\"><b><span lang=\"ES\">Con gran \u00e9xito se desarroll\u00f3 Feria Laboral Litoral-Trabajo<\/span><\/b><\/span><\/p>\n<div id=\"gtx-trans\" style=\"position: absolute; left: -50px; top: 4.31534px;\">\n<div class=\"gtx-trans-icon\"><\/div>\n<\/div>\n<\/div><\/section><\/div><div class=\"flex_column av_one_full  flex_column_div av-zero-column-padding first  avia-builder-el-4  el_after_av_one_full  el_before_av_hr  column-top-margin\" style='border-radius:0px; '><section class=\"av_textblock_section \"  itemscope=\"itemscope\" itemtype=\"https:\/\/schema.org\/BlogPosting\" itemprop=\"blogPost\" ><div class='avia_textblock  '   itemprop=\"text\" ><p class=\"v1MsoNormal\" style=\"text-align: justify;\"><em><span lang=\"ES\">Positivo balance tuvo la instancia realizada en Puerto Ays\u00e9n, la cual ofrec\u00eda m\u00e1s de 150 cupos laborales, organizada por la Seremi de Trabajo y Previsi\u00f3n Social junto a Sence, con foco en el sector acu\u00edcola, pesquero y empresas prestadoras de servicio.<\/span><\/em><\/p>\n<p class=\"v1MsoNormal\" style=\"text-align: justify;\"><span lang=\"ES\">En la Plaza de Puerto Ays\u00e9n, en el Gimnasio del IND, se realiz\u00f3 la Feria Laboral Litoral-Trabajo, organizada por la Seremi de Trabajo y Previsi\u00f3n Social junto al Servicio Nacional de Capacitaci\u00f3n y Empleo, Sence, empresas y gremios acu\u00edcolas, de pesca y prestadores de servicio.<\/span><\/p>\n<p class=\"v1MsoNormal\" style=\"text-align: justify;\">La actividad fue autogestionada por los equipos de la Seremi de Trabajo y Previsi\u00f3n Social, Sence, OMIL de la Municipalidad de Ays\u00e9n y de la Municipalidad de Coyhaique con apoyo de la Delegaci\u00f3n de Ays\u00e9n, en coordinaci\u00f3n con Salm\u00f3n Chile, Consejo del Salm\u00f3n y las empresas participantes, entre ellas, AquaChile, Frio Sur, MOWI, Blumar, Oxxean, Australis SeaFood, Salmones Austral, Multi X y CITECMA.<\/p>\n<p class=\"v1MsoNormal\" style=\"text-align: justify;\">En la oportunidad participaron autoridades comunales, provinciales y regionales, comentando el Delegado provincial de Ays\u00e9n, Jorge D\u00edaz Guzm\u00e1n, \u00abEstamos muy contentos como Gobierno del \u00e9xito de esta feria laboral, ac\u00e1 en Puerto Ays\u00e9n, porque hemos reunido al sector p\u00fablico, el sector privado y la academia, que creo que es la mezcla perfecta para enfrentar el desarrollo de una provincia, de una regi\u00f3n y en este caso, tambi\u00e9n de una comuna. Esta feria laboral re\u00fane precisamente esos actores, por una parte, est\u00e1 el CFT Estatal, por otra parte, est\u00e1 todo el equipo del trabajo y la industria acu\u00edcola, pesquera y los prestadores de servicios, y eso hace que el desarrollo de Ays\u00e9n sea enfrentado de mejor manera, con oportunidades tanto para las empresas como para las personas que buscan trabajo\u00bb.<\/p>\n<p class=\"v1MsoNormal\" style=\"text-align: justify;\">La Seremi(s) de Trabajo y Previsi\u00f3n Social, Paulina Ruz Delf\u00edn, se refiri\u00f3 al \u00e9xito de la Feria Laboral, \u00abDesde la Seremi del Trabajo y Previsi\u00f3n Social estamos muy contentos, ya que sacamos cifras alegres de lo que fue nuestra Feria Litoral-Trabajo organizado junto a Sence, en la cual hubo m\u00e1s de 150 ofertas, para personas de Puerto Ays\u00e9n, quienes tuvieron la oportunidad de orientarse, buscar informaci\u00f3n y tambi\u00e9n postular a ofertas laborales. Nosotros seguiremos haciendo este tipo de iniciativas que tambi\u00e9n fomentan el desarrollo de la regi\u00f3n y que cuenta tambi\u00e9n con una vinculaci\u00f3n importante como eje p\u00fablico-privado, lo cual ha sido promovido desde el Gobierno del Presidente Gabriel Boric para que las familias, para que las personas puedan tener mayores ofertas laborales y, con ello, tambi\u00e9n por supuesto mejorar su calidad de vida\u00bb.<\/p>\n<p class=\"v1MsoNormal\" style=\"text-align: justify;\"><span lang=\"ES\">Tal como mencion\u00f3 la Seremi Paulina Ruz, en el balance posterior de la feria, se registraron m\u00e1s de 150 ofertas laborales, cerca de 200 personas asistieron como p\u00fablico al gimnasio, en su mayor\u00eda j\u00f3venes y mujeres. Adem\u00e1s, desde Sence se atendieron 46 requerimientos de bonos relacionados con el trabajo, Bono al Trabajo de la Mujer (BTM) y Subsidio al Empleo Joven (SEJ).<\/span><\/p>\n<p class=\"v1MsoNormal\" style=\"text-align: justify;\">Con respecto a la focalizaci\u00f3n de la feria, que es la primera en su tipo con foco en el sector acu\u00edcola, pesca y prestadores de servicios del litoral en vinculaci\u00f3n p\u00fablico-privada, el Director regional de Sence, Nelson Garrido, afirm\u00f3, \u00abEstamos muy felices por el resultado de esta feria Litoral &#8211; trabajo. Varias empresas, una muy buena convocatoria y esta relaci\u00f3n entre el sector p\u00fablico, con el Ministerio del Trabajo y Sence, con el sector acu\u00edcola y el sector pesquero. Estamos muy contentos porque hemos podido identificar cu\u00e1l es la necesidad, de poder especificar estas ferias, ya lo hicimos con el MOP en su momento, con la Feria de Construcci\u00f3n y hoy d\u00eda lo estamos haciendo con este sector productivo. La gente llega m\u00e1s empoderada, conoce cu\u00e1les son los cargos espec\u00edficamente que se est\u00e1n entregando y damos con un match mucho m\u00e1s claro y posible, entre el empleador y el trabajador\u00bb.<\/p>\n<p class=\"v1MsoNormal\" style=\"text-align: justify;\">Uno de los asistentes fue Mario Leal, quien agradeci\u00f3 la instancia \u00abEst\u00e1 interesante, para que puedan tener m\u00e1s trabajo la gente de la zona\u00bb. Mario adem\u00e1s aprovech\u00f3 la oportunidad para informarse sobre las carreras del CFT Estatal Ays\u00e9n, viendo la posibilidad de continuar sus estudios y perfeccionamiento.<\/p>\n<p class=\"v1MsoNormal\" style=\"text-align: justify;\">En la Feria Litoral-Trabajo tambi\u00e9n participaron stand de servicios p\u00fablicos y apoyo a la comunidad, entre ellos, Direcci\u00f3n del Trabajo, Servicio de migraciones, Administradora del Fondo de Cesant\u00eda (AFC), OMIL, Observatorio Laboral, CFT Estatal Ays\u00e9n y ChileValora.<\/p>\n<\/div><\/section><\/div><div  style='height:50px' class='hr hr-invisible   avia-builder-el-6  el_after_av_one_full  el_before_av_social_share '><span class='hr-inner ' ><span class='hr-inner-style'><\/span><\/span><\/div><\/p>\n<div  class='av-social-sharing-box  avia-builder-el-7  el_after_av_hr  el_before_av_hr  '><div class='av-share-box'><h5 class='av-share-link-description av-no-toc '>Compartir esta noticia<\/h5><ul class='av-share-box-list noLightbox'><li class='av-share-link av-social-link-facebook' ><a target=\"_blank\" aria-label=\"Compartir en Facebook\" href='https:\/\/www.facebook.com\/sharer.php?u=https:\/\/radiorevelacionfm.cl\/?p=46924&#038;t=Con%20gran%20%C3%A9xito%20se%20desarroll%C3%B3%20Feria%20Laboral%20Litoral-Trabajo' aria-hidden='false' data-av_icon='\ue8f3' data-av_iconfont='entypo-fontello' title='' data-avia-related-tooltip='Compartir en Facebook' rel=\"noopener\"><span class='avia_hidden_link_text'>Compartir en Facebook<\/span><\/a><\/li><li class='av-share-link av-social-link-twitter' ><a target=\"_blank\" aria-label=\"Compartir en Twitter\" href='https:\/\/twitter.com\/share?text=Con%20gran%20%C3%A9xito%20se%20desarroll%C3%B3%20Feria%20Laboral%20Litoral-Trabajo&#038;url=https:\/\/radiorevelacionfm.cl\/?p=46924' aria-hidden='false' data-av_icon='\ue8f1' data-av_iconfont='entypo-fontello' title='' data-avia-related-tooltip='Compartir en Twitter' rel=\"noopener\"><span class='avia_hidden_link_text'>Compartir en Twitter<\/span><\/a><\/li><li class='av-share-link av-social-link-whatsapp' ><a target=\"_blank\" aria-label=\"Compartir en Whatsapp\" href='https:\/\/api.whatsapp.com\/send?text=https:\/\/radiorevelacionfm.cl\/?p=46924' aria-hidden='false' data-av_icon='\uf232' data-av_iconfont='entypo-fontello' title='' data-avia-related-tooltip='Compartir en Whatsapp' rel=\"noopener\"><span class='avia_hidden_link_text'>Compartir en Whatsapp<\/span><\/a><\/li><li class='av-share-link av-social-link-linkedin' ><a target=\"_blank\" aria-label=\"Compartir en LinkedIn\" href='https:\/\/linkedin.com\/shareArticle?mini=true&#038;title=Con%20gran%20%C3%A9xito%20se%20desarroll%C3%B3%20Feria%20Laboral%20Litoral-Trabajo&#038;url=https:\/\/radiorevelacionfm.cl\/?p=46924' aria-hidden='false' data-av_icon='\ue8fc' data-av_iconfont='entypo-fontello' title='' data-avia-related-tooltip='Compartir en LinkedIn' rel=\"noopener\"><span class='avia_hidden_link_text'>Compartir en LinkedIn<\/span><\/a><\/li><li class='av-share-link av-social-link-mail' ><a  aria-label=\"Compartir por correo\" href='mailto:?subject=Con%20gran%20%C3%A9xito%20se%20desarroll%C3%B3%20Feria%20Laboral%20Litoral-Trabajo&#038;body=https:\/\/radiorevelacionfm.cl\/?p=46924' aria-hidden='false' data-av_icon='\ue805' data-av_iconfont='entypo-fontello' title='' data-avia-related-tooltip='Compartir por correo'><span class='avia_hidden_link_text'>Compartir por correo<\/span><\/a><\/li><\/ul><\/div><\/div>\n<div  style='height:50px' class='hr hr-invisible   avia-builder-el-8  el_after_av_social_share  el_before_av_comments_list '><span class='hr-inner ' ><span class='hr-inner-style'><\/span><\/span><\/div>\n<div  class='av-buildercomment  av-blog-meta-html-info-disabled av-blog-meta-tag-disabled  '><\/div>\n","protected":false},"excerpt":{"rendered":"","protected":false},"author":1,"featured_media":46925,"comment_status":"open","ping_status":"open","sticky":false,"template":"","format":"standard","meta":{"footnotes":""},"categories":[56],"tags":[],"class_list":["post-46924","post","type-post","status-publish","format-standard","has-post-thumbnail","hentry","category-trabajo"],"jetpack_featured_media_url":"https:\/\/radiorevelacionfm.cl\/wp-content\/uploads\/2024\/10\/Feria-Litoral-Trabajo_inauguracion.jpeg","_links":{"self":[{"href":"https:\/\/radiorevelacionfm.cl\/index.php?rest_route=\/wp\/v2\/posts\/46924","targetHints":{"allow":["GET"]}}],"collection":[{"href":"https:\/\/radiorevelacionfm.cl\/index.php?rest_route=\/wp\/v2\/posts"}],"about":[{"href":"https:\/\/radiorevelacionfm.cl\/index.php?rest_route=\/wp\/v2\/types\/post"}],"author":[{"embeddable":true,"href":"https:\/\/radiorevelacionfm.cl\/index.php?rest_route=\/wp\/v2\/users\/1"}],"replies":[{"embeddable":true,"href":"https:\/\/radiorevelacionfm.cl\/index.php?rest_route=%2Fwp%2Fv2%2Fcomments&post=46924"}],"version-history":[{"count":1,"href":"https:\/\/radiorevelacionfm.cl\/index.php?rest_route=\/wp\/v2\/posts\/46924\/revisions"}],"predecessor-version":[{"id":46926,"href":"https:\/\/radiorevelacionfm.cl\/index.php?rest_route=\/wp\/v2\/posts\/46924\/revisions\/46926"}],"wp:featuredmedia":[{"embeddable":true,"href":"https:\/\/radiorevelacionfm.cl\/index.php?rest_route=\/wp\/v2\/media\/46925"}],"wp:attachment":[{"href":"https:\/\/radiorevelacionfm.cl\/index.php?rest_route=%2Fwp%2Fv2%2Fmedia&parent=46924"}],"wp:term":[{"taxonomy":"category","embeddable":true,"href":"https:\/\/radiorevelacionfm.cl\/index.php?rest_route=%2Fwp%2Fv2%2Fcategories&post=46924"},{"taxonomy":"post_tag","embeddable":true,"href":"https:\/\/radiorevelacionfm.cl\/index.php?rest_route=%2Fwp%2Fv2%2Ftags&post=46924"}],"curies":[{"name":"wp","href":"https:\/\/api.w.org\/{rel}","templated":true}]}}