{"id":46921,"date":"2024-10-09T18:07:24","date_gmt":"2024-10-09T21:07:24","guid":{"rendered":"https:\/\/radiorevelacionfm.cl\/?p=46921"},"modified":"2024-10-09T18:07:24","modified_gmt":"2024-10-09T21:07:24","slug":"aysen-impulsa-su-matriz-energetica-renovable-con-el-apoyo-estrategico-de-corfo","status":"publish","type":"post","link":"https:\/\/radiorevelacionfm.cl\/?p=46921","title":{"rendered":"Ays\u00e9n impulsa su matriz energ\u00e9tica renovable con el apoyo estrat\u00e9gico de Corfo"},"content":{"rendered":"<div class=\"flex_column av_one_full  flex_column_div av-zero-column-padding first  avia-builder-el-0  el_before_av_one_full  avia-builder-el-first  \" style='border-radius:0px; '><div  class='avia-image-container  av-styling-    avia-builder-el-1  avia-builder-el-no-sibling  avia-align-center '  itemprop=\"image\" itemscope=\"itemscope\" itemtype=\"https:\/\/schema.org\/ImageObject\"  ><div class='avia-image-container-inner'><div class='avia-image-overlay-wrap'><img decoding=\"async\" class='wp-image-46922 avia-img-lazy-loading-not-46922 avia_image' src=\"https:\/\/radiorevelacionfm.cl\/wp-content\/uploads\/2024\/10\/0125-energias-renovables-1-2_optimized.jpg\" alt='' title='0125-energias-renovables-1-2_optimized' height=\"600\" width=\"1067\"  itemprop=\"thumbnailUrl\" srcset=\"https:\/\/radiorevelacionfm.cl\/wp-content\/uploads\/2024\/10\/0125-energias-renovables-1-2_optimized.jpg 1067w, https:\/\/radiorevelacionfm.cl\/wp-content\/uploads\/2024\/10\/0125-energias-renovables-1-2_optimized-300x169.jpg 300w, https:\/\/radiorevelacionfm.cl\/wp-content\/uploads\/2024\/10\/0125-energias-renovables-1-2_optimized-1030x579.jpg 1030w, https:\/\/radiorevelacionfm.cl\/wp-content\/uploads\/2024\/10\/0125-energias-renovables-1-2_optimized-768x432.jpg 768w, https:\/\/radiorevelacionfm.cl\/wp-content\/uploads\/2024\/10\/0125-energias-renovables-1-2_optimized-705x396.jpg 705w, https:\/\/radiorevelacionfm.cl\/wp-content\/uploads\/2024\/10\/0125-energias-renovables-1-2_optimized-450x253.jpg 450w, https:\/\/radiorevelacionfm.cl\/wp-content\/uploads\/2024\/10\/0125-energias-renovables-1-2_optimized-600x337.jpg 600w\" sizes=\"(max-width: 1067px) 100vw, 1067px\" \/><\/div><\/div><\/div><\/div><div class=\"flex_column av_one_full  flex_column_div av-zero-column-padding first  avia-builder-el-2  el_after_av_one_full  el_before_av_one_full  column-top-margin\" style='border-radius:0px; '><section class=\"av_textblock_section \"  itemscope=\"itemscope\" itemtype=\"https:\/\/schema.org\/BlogPosting\" itemprop=\"blogPost\" ><div class='avia_textblock  '   itemprop=\"text\" ><p style=\"text-align: center;\"><span style=\"font-size: 18pt;\"><b><span lang=\"ES-MX\">Ays\u00e9n impulsa su matriz energ\u00e9tica renovable con el apoyo estrat\u00e9gico de Corfo<\/span><\/b><\/span><\/p>\n<div id=\"gtx-trans\" style=\"position: absolute; left: -50px; top: 4.31534px;\">\n<div class=\"gtx-trans-icon\"><\/div>\n<\/div>\n<\/div><\/section><\/div><div class=\"flex_column av_one_full  flex_column_div av-zero-column-padding first  avia-builder-el-4  el_after_av_one_full  el_before_av_hr  column-top-margin\" style='border-radius:0px; '><section class=\"av_textblock_section \"  itemscope=\"itemscope\" itemtype=\"https:\/\/schema.org\/BlogPosting\" itemprop=\"blogPost\" ><div class='avia_textblock  '   itemprop=\"text\" ><p style=\"text-align: justify;\"><em>La Corporaci\u00f3n se encuentra ejecutando un plan que busca apoyar la transformaci\u00f3n de la matriz energ\u00e9tica de Ays\u00e9n, impulsando energ\u00edas renovables para contribuir a la descarbonizaci\u00f3n y sostenibilidad regional.<\/em><\/p>\n<p style=\"text-align: justify;\">Desde el a\u00f1o 2023, Corfo est\u00e1 trabajando en una iniciativa relevante para la Regi\u00f3n de Ays\u00e9n: la transformaci\u00f3n de su matriz energ\u00e9tica hacia fuentes renovables. La Iniciativa Emblem\u00e1tica Regional 2023-2025 busca generar las condiciones para producir energ\u00eda el\u00e9ctrica a partir de recursos limpios, como el viento y el agua, con el fin de descarbonizar la matriz energ\u00e9tica de la regi\u00f3n, promoviendo un desarrollo sostenible en el territorio.<\/p>\n<p style=\"text-align: justify;\">Este proyecto, que cuenta con el apoyo del Gobierno Regional, la Seremi de Energ\u00eda, y empresas privadas como Edelaysen y Kosten Aike, tiene como objetivo reducir la dependencia de Ays\u00e9n en combustibles f\u00f3siles, que actualmente representan m\u00e1s del 60% de la matriz energ\u00e9tica. Esta transformaci\u00f3n energ\u00e9tica se alinea con los compromisos de Chile para reducir sus emisiones de carbono a nivel nacional.<\/p>\n<p style=\"text-align: justify;\">Corfo, como uno de los agentes en el desarrollo productivo, lidera este esfuerzo para posicionar a Ays\u00e9n como un referente en energ\u00edas limpias. \u201cEsta iniciativa no solo busca reducir la contaminaci\u00f3n y el uso de energ\u00edas contaminantes como el di\u00e9sel, sino que tambi\u00e9n responde a la necesidad de soluciones m\u00e1s sostenibles en la regi\u00f3n. Estamos comprometidos con transformar la matriz energ\u00e9tica, haciendo m\u00e1s competitiva a Ays\u00e9n\u00bb, afirm\u00f3 Humberto Mar\u00edn Leiva, director de Corfo Ays\u00e9n.<\/p>\n<p style=\"text-align: justify;\"><strong>POTENCIAL RENOVABLE DE AYS\u00c9N<\/strong><\/p>\n<p style=\"text-align: justify;\">Ays\u00e9n posee un alto potencial en energ\u00edas renovables, especialmente en fuentes hidroel\u00e9ctricas y e\u00f3licas. Con este plan, se busca utilizar de manera sostenible estos recursos, como lo demuestra el proyecto de la central e\u00f3lica Alto Baguales, cuya construcci\u00f3n comenzar\u00eda a fines del 2024 con una capacidad de 35 MW. En esta misma l\u00ednea, Corfo apoy\u00f3 el desarrollo de 15 proyectos con base en energ\u00eda fotovoltaica y microcentrales hidroel\u00e9ctricas, que contribuir\u00e1n a reducir las emisiones de CO2, enmarcado en el compromiso con la descarbonizaci\u00f3n y la innovaci\u00f3n, generando un impacto positivo en las comunidades locales.<\/p>\n<p style=\"text-align: justify;\">La iniciativa emblem\u00e1tica de la Corporaci\u00f3n incorpora una estrategia para atraer inversiones nacionales e internacionales al territorio. Corfo, a trav\u00e9s de su programa de Atracci\u00f3n de Inversiones, ha identificado e invitado a empresas interesadas en energ\u00edas limpias para invertir en Ays\u00e9n como un polo de innovaci\u00f3n.<\/p>\n<p style=\"text-align: justify;\">Con este trabajo de Corfo y la colaboraci\u00f3n de actores p\u00fablicos y privados, Ays\u00e9n busca liderar la transici\u00f3n energ\u00e9tica en el sur de Chile. Los beneficios son claros: menos contaminaci\u00f3n, reducci\u00f3n de costos energ\u00e9ticos, y la creaci\u00f3n de empleos de calidad en sectores emergentes.<\/p>\n<p style=\"text-align: justify;\">Este plan, ya en ejecuci\u00f3n, est\u00e1 marcando un camino hacia un futuro sostenible para Ays\u00e9n, transform\u00e1ndola en un modelo de desarrollo renovable. \u00abEstamos construyendo una regi\u00f3n que ser\u00e1 un referente en producci\u00f3n de energ\u00eda limpia, garantizando un mejor futuro para nuestras comunidades. Desde Corfo mantenemos nuestro compromiso de fomentar la innovaci\u00f3n y el desarrollo productivo, con soluciones sostenibles que aseguran una mayor calidad de vida para los habitantes de Ays\u00e9n y que promuevan el crecimiento econ\u00f3mico de la regi\u00f3n\u201d, concluy\u00f3 Mar\u00edn.<\/p>\n<\/div><\/section><\/div><div  style='height:50px' class='hr hr-invisible   avia-builder-el-6  el_after_av_one_full  el_before_av_social_share '><span class='hr-inner ' ><span class='hr-inner-style'><\/span><\/span><\/div><\/p>\n<div  class='av-social-sharing-box  avia-builder-el-7  el_after_av_hr  el_before_av_hr  '><div class='av-share-box'><h5 class='av-share-link-description av-no-toc '>Compartir esta noticia<\/h5><ul class='av-share-box-list noLightbox'><li class='av-share-link av-social-link-facebook' ><a target=\"_blank\" aria-label=\"Compartir en Facebook\" href='https:\/\/www.facebook.com\/sharer.php?u=https:\/\/radiorevelacionfm.cl\/?p=46921&#038;t=Ays%C3%A9n%20impulsa%20su%20matriz%20energ%C3%A9tica%20renovable%20con%20el%20apoyo%20estrat%C3%A9gico%20de%20Corfo' aria-hidden='false' data-av_icon='\ue8f3' data-av_iconfont='entypo-fontello' title='' data-avia-related-tooltip='Compartir en Facebook' rel=\"noopener\"><span class='avia_hidden_link_text'>Compartir en Facebook<\/span><\/a><\/li><li class='av-share-link av-social-link-twitter' ><a target=\"_blank\" aria-label=\"Compartir en Twitter\" href='https:\/\/twitter.com\/share?text=Ays%C3%A9n%20impulsa%20su%20matriz%20energ%C3%A9tica%20renovable%20con%20el%20apoyo%20estrat%C3%A9gico%20de%20Corfo&#038;url=https:\/\/radiorevelacionfm.cl\/?p=46921' aria-hidden='false' data-av_icon='\ue8f1' data-av_iconfont='entypo-fontello' title='' data-avia-related-tooltip='Compartir en Twitter' rel=\"noopener\"><span class='avia_hidden_link_text'>Compartir en Twitter<\/span><\/a><\/li><li class='av-share-link av-social-link-whatsapp' ><a target=\"_blank\" aria-label=\"Compartir en Whatsapp\" href='https:\/\/api.whatsapp.com\/send?text=https:\/\/radiorevelacionfm.cl\/?p=46921' aria-hidden='false' data-av_icon='\uf232' data-av_iconfont='entypo-fontello' title='' data-avia-related-tooltip='Compartir en Whatsapp' rel=\"noopener\"><span class='avia_hidden_link_text'>Compartir en Whatsapp<\/span><\/a><\/li><li class='av-share-link av-social-link-linkedin' ><a target=\"_blank\" aria-label=\"Compartir en LinkedIn\" href='https:\/\/linkedin.com\/shareArticle?mini=true&#038;title=Ays%C3%A9n%20impulsa%20su%20matriz%20energ%C3%A9tica%20renovable%20con%20el%20apoyo%20estrat%C3%A9gico%20de%20Corfo&#038;url=https:\/\/radiorevelacionfm.cl\/?p=46921' aria-hidden='false' data-av_icon='\ue8fc' data-av_iconfont='entypo-fontello' title='' data-avia-related-tooltip='Compartir en LinkedIn' rel=\"noopener\"><span class='avia_hidden_link_text'>Compartir en LinkedIn<\/span><\/a><\/li><li class='av-share-link av-social-link-mail' ><a  aria-label=\"Compartir por correo\" href='mailto:?subject=Ays%C3%A9n%20impulsa%20su%20matriz%20energ%C3%A9tica%20renovable%20con%20el%20apoyo%20estrat%C3%A9gico%20de%20Corfo&#038;body=https:\/\/radiorevelacionfm.cl\/?p=46921' aria-hidden='false' data-av_icon='\ue805' data-av_iconfont='entypo-fontello' title='' data-avia-related-tooltip='Compartir por correo'><span class='avia_hidden_link_text'>Compartir por correo<\/span><\/a><\/li><\/ul><\/div><\/div>\n<div  style='height:50px' class='hr hr-invisible   avia-builder-el-8  el_after_av_social_share  el_before_av_comments_list '><span class='hr-inner ' ><span class='hr-inner-style'><\/span><\/span><\/div>\n<div  class='av-buildercomment  av-blog-meta-html-info-disabled av-blog-meta-tag-disabled  '><\/div>\n","protected":false},"excerpt":{"rendered":"","protected":false},"author":1,"featured_media":46922,"comment_status":"open","ping_status":"open","sticky":false,"template":"","format":"standard","meta":{"footnotes":""},"categories":[38],"tags":[],"class_list":["post-46921","post","type-post","status-publish","format-standard","has-post-thumbnail","hentry","category-regional"],"jetpack_featured_media_url":"https:\/\/radiorevelacionfm.cl\/wp-content\/uploads\/2024\/10\/0125-energias-renovables-1-2_optimized.jpg","_links":{"self":[{"href":"https:\/\/radiorevelacionfm.cl\/index.php?rest_route=\/wp\/v2\/posts\/46921","targetHints":{"allow":["GET"]}}],"collection":[{"href":"https:\/\/radiorevelacionfm.cl\/index.php?rest_route=\/wp\/v2\/posts"}],"about":[{"href":"https:\/\/radiorevelacionfm.cl\/index.php?rest_route=\/wp\/v2\/types\/post"}],"author":[{"embeddable":true,"href":"https:\/\/radiorevelacionfm.cl\/index.php?rest_route=\/wp\/v2\/users\/1"}],"replies":[{"embeddable":true,"href":"https:\/\/radiorevelacionfm.cl\/index.php?rest_route=%2Fwp%2Fv2%2Fcomments&post=46921"}],"version-history":[{"count":1,"href":"https:\/\/radiorevelacionfm.cl\/index.php?rest_route=\/wp\/v2\/posts\/46921\/revisions"}],"predecessor-version":[{"id":46923,"href":"https:\/\/radiorevelacionfm.cl\/index.php?rest_route=\/wp\/v2\/posts\/46921\/revisions\/46923"}],"wp:featuredmedia":[{"embeddable":true,"href":"https:\/\/radiorevelacionfm.cl\/index.php?rest_route=\/wp\/v2\/media\/46922"}],"wp:attachment":[{"href":"https:\/\/radiorevelacionfm.cl\/index.php?rest_route=%2Fwp%2Fv2%2Fmedia&parent=46921"}],"wp:term":[{"taxonomy":"category","embeddable":true,"href":"https:\/\/radiorevelacionfm.cl\/index.php?rest_route=%2Fwp%2Fv2%2Fcategories&post=46921"},{"taxonomy":"post_tag","embeddable":true,"href":"https:\/\/radiorevelacionfm.cl\/index.php?rest_route=%2Fwp%2Fv2%2Ftags&post=46921"}],"curies":[{"name":"wp","href":"https:\/\/api.w.org\/{rel}","templated":true}]}}