{"id":46918,"date":"2024-10-09T19:16:41","date_gmt":"2024-10-09T22:16:41","guid":{"rendered":"https:\/\/radiorevelacionfm.cl\/?p=46918"},"modified":"2024-10-09T19:16:41","modified_gmt":"2024-10-09T22:16:41","slug":"aysen-se-prepara-para-epoca-estival-por-alta-probabilidad-de-incendios-forestales","status":"publish","type":"post","link":"https:\/\/radiorevelacionfm.cl\/?p=46918","title":{"rendered":"Ays\u00e9n se prepara para \u00e9poca estival por alta probabilidad de incendios forestales"},"content":{"rendered":"<div class=\"flex_column av_one_full  flex_column_div av-zero-column-padding first  avia-builder-el-0  el_before_av_one_full  avia-builder-el-first  \" style='border-radius:0px; '><div  class='avia-image-container  av-styling-    avia-builder-el-1  avia-builder-el-no-sibling  avia-align-center '  itemprop=\"image\" itemscope=\"itemscope\" itemtype=\"https:\/\/schema.org\/ImageObject\"  ><div class='avia-image-container-inner'><div class='avia-image-overlay-wrap'><img decoding=\"async\" class='wp-image-46919 avia-img-lazy-loading-not-46919 avia_image' src=\"https:\/\/radiorevelacionfm.cl\/wp-content\/uploads\/2024\/10\/cogrid-2-2_optimized.jpg\" alt='' title='cogrid-2-2_optimized' height=\"600\" width=\"1067\"  itemprop=\"thumbnailUrl\" srcset=\"https:\/\/radiorevelacionfm.cl\/wp-content\/uploads\/2024\/10\/cogrid-2-2_optimized.jpg 1067w, https:\/\/radiorevelacionfm.cl\/wp-content\/uploads\/2024\/10\/cogrid-2-2_optimized-300x169.jpg 300w, https:\/\/radiorevelacionfm.cl\/wp-content\/uploads\/2024\/10\/cogrid-2-2_optimized-1030x579.jpg 1030w, https:\/\/radiorevelacionfm.cl\/wp-content\/uploads\/2024\/10\/cogrid-2-2_optimized-768x432.jpg 768w, https:\/\/radiorevelacionfm.cl\/wp-content\/uploads\/2024\/10\/cogrid-2-2_optimized-705x396.jpg 705w, https:\/\/radiorevelacionfm.cl\/wp-content\/uploads\/2024\/10\/cogrid-2-2_optimized-450x253.jpg 450w, https:\/\/radiorevelacionfm.cl\/wp-content\/uploads\/2024\/10\/cogrid-2-2_optimized-600x337.jpg 600w\" sizes=\"(max-width: 1067px) 100vw, 1067px\" \/><\/div><\/div><\/div><\/div><div class=\"flex_column av_one_full  flex_column_div av-zero-column-padding first  avia-builder-el-2  el_after_av_one_full  el_before_av_one_full  column-top-margin\" style='border-radius:0px; '><section class=\"av_textblock_section \"  itemscope=\"itemscope\" itemtype=\"https:\/\/schema.org\/BlogPosting\" itemprop=\"blogPost\" ><div class='avia_textblock  '   itemprop=\"text\" ><p style=\"text-align: center;\"><strong><span style=\"font-size: 18pt;\">Ays\u00e9n se prepara para \u00e9poca estival por alta probabilidad de incendios forestales<\/span><\/strong><\/p>\n<div id=\"gtx-trans\" style=\"position: absolute; left: -50px; top: 4.31534px;\">\n<div class=\"gtx-trans-icon\"><\/div>\n<\/div>\n<\/div><\/section><\/div><div class=\"flex_column av_one_full  flex_column_div av-zero-column-padding first  avia-builder-el-4  el_after_av_one_full  el_before_av_hr  column-top-margin\" style='border-radius:0px; '><section class=\"av_textblock_section \"  itemscope=\"itemscope\" itemtype=\"https:\/\/schema.org\/BlogPosting\" itemprop=\"blogPost\" ><div class='avia_textblock  '   itemprop=\"text\" ><p style=\"text-align: justify;\">Esta semana se realiz\u00f3 en la Delegaci\u00f3n Presidencial Provincial de Ays\u00e9n el Comit\u00e9 de Gesti\u00f3n de Riesgo de Desastres con la asistencia de \u00a0Senapred, Conaf, Sag, PDI, Ej\u00e9rcito, Indap, Aguas Patagonia,\u00a0 Carabineros y Seguridad del Municipio.<\/p>\n<p style=\"text-align: justify;\">En la cita pudieron exponer sobre la \u00e9poca estival que se acerca, la cual est\u00e1 comprobada su alta posibilidad de incendios forestales. El objetivo de esta reuni\u00f3n fue coordinarse para un posible para la temporada alta de incendios, comprender los recursos que existen para una eventual cat\u00e1strofe y los recursos humanos que est\u00e1n a cargo para salir a enfrentar una emergencia.<\/p>\n<p style=\"text-align: justify;\">Patricio Antiman, Encargado de Senapred de la Provincia Ays\u00e9n, afirm\u00f3 que, \u201cLa relevancia parte por conocer a los funcionarios que integran este Cogrid Provincial, recibir informaci\u00f3n por parte\u00a0 Conaf tanto de los medios y recursos para que este en conocimiento de los integrantes de Cogrid, como tambi\u00e9n para que sepan c\u00f3mo actuar, adem\u00e1s de ocupar medios de difusi\u00f3n sobre la preparaci\u00f3n ante una cat\u00e1strofe y como evitar incendios forestales. Es muy importante la concientizaci\u00f3n, la educaci\u00f3n, y tener claridad como activar los organismos de Conaf llamando al 130 en una emergencia\u201d.<\/p>\n<p style=\"text-align: justify;\">Ronald Valenzuela Campos, Director Regional de Conaf Ays\u00e9n, se\u00f1al\u00f3 que,\u00a0 \u201cel comit\u00e9 de Gesti\u00f3n de Riesgo de Desastre es la instancia que nos permite organizarnos como instituciones dentro del \u00e1mbito de las competencias de cada uno, para hacer frente a todo este tipo de emergencia que se van a acentuar en este periodo de m\u00e1xima ocurrencia de incendios forestales y nos permite entregar recursos, coordinar o pedir recursos adicionales dependiendo de la magnitud de la emergencia que nos toque enfrentar. Tambi\u00e9n es una buena instancia para realizar difusi\u00f3n a trav\u00e9s de las distintas instituciones que lo integran en cuanto a lo que es la prevenci\u00f3n y el cuidado para prevenir la ocurrencia de un incendio forestal donde durante este periodo las condiciones clim\u00e1ticas y la afluencia de p\u00fablico aumentan la probabilidad de un desastre de esta naturaleza\u201d.<\/p>\n<p style=\"text-align: justify;\">Adem\u00e1s agreg\u00f3 que, \u201cEl llamado a disfrutar con responsabilidad, prevenir y evitar el uso de fuego, particularmente\u00a0los fuegos recreacionales\u201d.<\/p>\n<p style=\"text-align: justify;\">Por otro lado el encargado de contingencia de la Delegaci\u00f3n Presidencial Provincial, Carlos D\u00edaz, afirm\u00f3 que, \u201cla importancia de estas instancias de coordinaci\u00f3n previa a la temporada alta de incendios forestales son fundamentales para lograr afinar detalles y visualizar los recursos humanos y los equipos con los que contamos frente a una cat\u00e1strofe en la temporada de mayor incendios que est\u00e1 muy pronta a comenzar\u00bb.<\/p>\n<\/div><\/section><\/div><div  style='height:50px' class='hr hr-invisible   avia-builder-el-6  el_after_av_one_full  el_before_av_social_share '><span class='hr-inner ' ><span class='hr-inner-style'><\/span><\/span><\/div><\/p>\n<div  class='av-social-sharing-box  avia-builder-el-7  el_after_av_hr  el_before_av_hr  '><div class='av-share-box'><h5 class='av-share-link-description av-no-toc '>Compartir esta noticia<\/h5><ul class='av-share-box-list noLightbox'><li class='av-share-link av-social-link-facebook' ><a target=\"_blank\" aria-label=\"Compartir en Facebook\" href='https:\/\/www.facebook.com\/sharer.php?u=https:\/\/radiorevelacionfm.cl\/?p=46918&#038;t=Ays%C3%A9n%20se%20prepara%20para%20%C3%A9poca%20estival%20por%20alta%20probabilidad%20de%20incendios%20forestales' aria-hidden='false' data-av_icon='\ue8f3' data-av_iconfont='entypo-fontello' title='' data-avia-related-tooltip='Compartir en Facebook' rel=\"noopener\"><span class='avia_hidden_link_text'>Compartir en Facebook<\/span><\/a><\/li><li class='av-share-link av-social-link-twitter' ><a target=\"_blank\" aria-label=\"Compartir en Twitter\" href='https:\/\/twitter.com\/share?text=Ays%C3%A9n%20se%20prepara%20para%20%C3%A9poca%20estival%20por%20alta%20probabilidad%20de%20incendios%20forestales&#038;url=https:\/\/radiorevelacionfm.cl\/?p=46918' aria-hidden='false' data-av_icon='\ue8f1' data-av_iconfont='entypo-fontello' title='' data-avia-related-tooltip='Compartir en Twitter' rel=\"noopener\"><span class='avia_hidden_link_text'>Compartir en Twitter<\/span><\/a><\/li><li class='av-share-link av-social-link-whatsapp' ><a target=\"_blank\" aria-label=\"Compartir en Whatsapp\" href='https:\/\/api.whatsapp.com\/send?text=https:\/\/radiorevelacionfm.cl\/?p=46918' aria-hidden='false' data-av_icon='\uf232' data-av_iconfont='entypo-fontello' title='' data-avia-related-tooltip='Compartir en Whatsapp' rel=\"noopener\"><span class='avia_hidden_link_text'>Compartir en Whatsapp<\/span><\/a><\/li><li class='av-share-link av-social-link-linkedin' ><a target=\"_blank\" aria-label=\"Compartir en LinkedIn\" href='https:\/\/linkedin.com\/shareArticle?mini=true&#038;title=Ays%C3%A9n%20se%20prepara%20para%20%C3%A9poca%20estival%20por%20alta%20probabilidad%20de%20incendios%20forestales&#038;url=https:\/\/radiorevelacionfm.cl\/?p=46918' aria-hidden='false' data-av_icon='\ue8fc' data-av_iconfont='entypo-fontello' title='' data-avia-related-tooltip='Compartir en LinkedIn' rel=\"noopener\"><span class='avia_hidden_link_text'>Compartir en LinkedIn<\/span><\/a><\/li><li class='av-share-link av-social-link-mail' ><a  aria-label=\"Compartir por correo\" href='mailto:?subject=Ays%C3%A9n%20se%20prepara%20para%20%C3%A9poca%20estival%20por%20alta%20probabilidad%20de%20incendios%20forestales&#038;body=https:\/\/radiorevelacionfm.cl\/?p=46918' aria-hidden='false' data-av_icon='\ue805' data-av_iconfont='entypo-fontello' title='' data-avia-related-tooltip='Compartir por correo'><span class='avia_hidden_link_text'>Compartir por correo<\/span><\/a><\/li><\/ul><\/div><\/div>\n<div  style='height:50px' class='hr hr-invisible   avia-builder-el-8  el_after_av_social_share  el_before_av_comments_list '><span class='hr-inner ' ><span class='hr-inner-style'><\/span><\/span><\/div>\n<div  class='av-buildercomment  av-blog-meta-html-info-disabled av-blog-meta-tag-disabled  '><\/div>\n","protected":false},"excerpt":{"rendered":"","protected":false},"author":1,"featured_media":46919,"comment_status":"open","ping_status":"open","sticky":false,"template":"","format":"standard","meta":{"footnotes":""},"categories":[38],"tags":[],"class_list":["post-46918","post","type-post","status-publish","format-standard","has-post-thumbnail","hentry","category-regional"],"jetpack_featured_media_url":"https:\/\/radiorevelacionfm.cl\/wp-content\/uploads\/2024\/10\/cogrid-2-2_optimized.jpg","_links":{"self":[{"href":"https:\/\/radiorevelacionfm.cl\/index.php?rest_route=\/wp\/v2\/posts\/46918","targetHints":{"allow":["GET"]}}],"collection":[{"href":"https:\/\/radiorevelacionfm.cl\/index.php?rest_route=\/wp\/v2\/posts"}],"about":[{"href":"https:\/\/radiorevelacionfm.cl\/index.php?rest_route=\/wp\/v2\/types\/post"}],"author":[{"embeddable":true,"href":"https:\/\/radiorevelacionfm.cl\/index.php?rest_route=\/wp\/v2\/users\/1"}],"replies":[{"embeddable":true,"href":"https:\/\/radiorevelacionfm.cl\/index.php?rest_route=%2Fwp%2Fv2%2Fcomments&post=46918"}],"version-history":[{"count":1,"href":"https:\/\/radiorevelacionfm.cl\/index.php?rest_route=\/wp\/v2\/posts\/46918\/revisions"}],"predecessor-version":[{"id":46920,"href":"https:\/\/radiorevelacionfm.cl\/index.php?rest_route=\/wp\/v2\/posts\/46918\/revisions\/46920"}],"wp:featuredmedia":[{"embeddable":true,"href":"https:\/\/radiorevelacionfm.cl\/index.php?rest_route=\/wp\/v2\/media\/46919"}],"wp:attachment":[{"href":"https:\/\/radiorevelacionfm.cl\/index.php?rest_route=%2Fwp%2Fv2%2Fmedia&parent=46918"}],"wp:term":[{"taxonomy":"category","embeddable":true,"href":"https:\/\/radiorevelacionfm.cl\/index.php?rest_route=%2Fwp%2Fv2%2Fcategories&post=46918"},{"taxonomy":"post_tag","embeddable":true,"href":"https:\/\/radiorevelacionfm.cl\/index.php?rest_route=%2Fwp%2Fv2%2Ftags&post=46918"}],"curies":[{"name":"wp","href":"https:\/\/api.w.org\/{rel}","templated":true}]}}