{"id":46915,"date":"2024-10-11T14:57:49","date_gmt":"2024-10-11T17:57:49","guid":{"rendered":"https:\/\/radiorevelacionfm.cl\/?p=46915"},"modified":"2024-10-11T14:57:49","modified_gmt":"2024-10-11T17:57:49","slug":"gobierno-presenta-proyecto-ley-de-reorganizacion-y-condonacion-de-las-deudas-educativas-y-el-nuevo-instrumento-de-financiamiento-publico-para-la-educacion-superior-fes","status":"publish","type":"post","link":"https:\/\/radiorevelacionfm.cl\/?p=46915","title":{"rendered":"Gobierno presenta proyecto ley de reorganizaci\u00f3n y condonaci\u00f3n de las deudas educativas y el nuevo Instrumento de Financiamiento P\u00fablico para la Educaci\u00f3n Superior (FES)"},"content":{"rendered":"<div class=\"flex_column av_one_full  flex_column_div av-zero-column-padding first  avia-builder-el-0  el_before_av_one_full  avia-builder-el-first  \" style='border-radius:0px; '><div  class='avia-image-container  av-styling-    avia-builder-el-1  avia-builder-el-no-sibling  avia-align-center '  itemprop=\"image\" itemscope=\"itemscope\" itemtype=\"https:\/\/schema.org\/ImageObject\"  ><div class='avia-image-container-inner'><div class='avia-image-overlay-wrap'><img decoding=\"async\" class='wp-image-46916 avia-img-lazy-loading-not-46916 avia_image' src=\"https:\/\/radiorevelacionfm.cl\/wp-content\/uploads\/2024\/10\/fes-1-2_optimized.jpg\" alt='' title='fes-1-2_optimized' height=\"600\" width=\"1000\"  itemprop=\"thumbnailUrl\" srcset=\"https:\/\/radiorevelacionfm.cl\/wp-content\/uploads\/2024\/10\/fes-1-2_optimized.jpg 1000w, https:\/\/radiorevelacionfm.cl\/wp-content\/uploads\/2024\/10\/fes-1-2_optimized-300x180.jpg 300w, https:\/\/radiorevelacionfm.cl\/wp-content\/uploads\/2024\/10\/fes-1-2_optimized-768x461.jpg 768w, https:\/\/radiorevelacionfm.cl\/wp-content\/uploads\/2024\/10\/fes-1-2_optimized-705x423.jpg 705w, https:\/\/radiorevelacionfm.cl\/wp-content\/uploads\/2024\/10\/fes-1-2_optimized-450x270.jpg 450w, https:\/\/radiorevelacionfm.cl\/wp-content\/uploads\/2024\/10\/fes-1-2_optimized-600x360.jpg 600w\" sizes=\"(max-width: 1000px) 100vw, 1000px\" \/><\/div><\/div><\/div><\/div><div class=\"flex_column av_one_full  flex_column_div av-zero-column-padding first  avia-builder-el-2  el_after_av_one_full  el_before_av_one_full  column-top-margin\" style='border-radius:0px; '><section class=\"av_textblock_section \"  itemscope=\"itemscope\" itemtype=\"https:\/\/schema.org\/BlogPosting\" itemprop=\"blogPost\" ><div class='avia_textblock  '   itemprop=\"text\" ><p style=\"text-align: center;\"><span style=\"font-size: 18pt;\"><b>Gobierno presenta proyecto ley de reorganizaci\u00f3n y condonaci\u00f3n de las deudas educativas y el nuevo Instrumento de Financiamiento P\u00fablico para la Educaci\u00f3n Superior (FES)<\/b><\/span><\/p>\n<div id=\"gtx-trans\" style=\"position: absolute; left: -50px; top: 4.31534px;\">\n<div class=\"gtx-trans-icon\"><\/div>\n<\/div>\n<\/div><\/section><\/div><div class=\"flex_column av_one_full  flex_column_div av-zero-column-padding first  avia-builder-el-4  el_after_av_one_full  el_before_av_hr  column-top-margin\" style='border-radius:0px; '><section class=\"av_textblock_section \"  itemscope=\"itemscope\" itemtype=\"https:\/\/schema.org\/BlogPosting\" itemprop=\"blogPost\" ><div class='avia_textblock  '   itemprop=\"text\" ><p class=\"v1MsoNormal\" style=\"text-align: justify;\" align=\"center\"><em>La Seremi de Educaci\u00f3n Isabel Garrido destac\u00f3 que \u201cEl nuevo instrumento de financiamiento ser\u00e1 de adhesi\u00f3n voluntaria y estar\u00e1 disponible para todas y todos los estudiantes que lo necesiten, sin requisitos socioecon\u00f3micos ni de puntajes PAES\u201d.<\/em><\/p>\n<p class=\"v1MsoNormal\" style=\"text-align: justify;\">El Presidente de la Rep\u00fablica, Gabriel Boric Font, junto a diversas autoridades de Gobierno, firm\u00f3 este martes el proyecto de ley que crea un nuevo Instrumento de Financiamiento P\u00fablico para la Educaci\u00f3n Superior y un Plan de Reorganizaci\u00f3n y Condonaci\u00f3n de las Deudas Educativas.<\/p>\n<p class=\"v1MsoNormal\" style=\"text-align: justify;\">En la ceremonia, realizada en la Universidad de Santiago, el\u00a0ministro de Educaci\u00f3n, Nicol\u00e1s Cataldo,\u00a0dijo que avanzar en una soluci\u00f3n de las deudas educativas y modificar el sistema de financiamiento \u201ces una necesidad del pa\u00eds, ineludible como pol\u00edtica p\u00fablica, y esperamos abordarlo con perspectiva de Estado, porque resolver el problema de la ineficiencia fiscal y aliviar la situaci\u00f3n socioecon\u00f3mica de las personas es una responsabilidad de todos y todas quienes estamos en pol\u00edtica\u201d.<\/p>\n<p class=\"v1MsoNormal\" style=\"text-align: justify;\">En tanto, el\u00a0ministro de Hacienda, Mario Marcel, destac\u00f3 las caracter\u00edsticas de esta iniciativa: \u00abDijimos que \u00edbamos a generar una propuesta que fuera fiscalmente responsable, que no le restara recursos a otras \u00e1reas de pol\u00edtica p\u00fablica prioritaria, como puede ser la salud, las pensiones, etc\u00e9tera.\u00a0 Asimismo, dijimos que ser\u00eda una propuesta justa, que no solamente se har\u00eda cargo de los problemas de los estudiantes que han tenido dificultades para pagar, sino que tambi\u00e9n reconocer\u00eda el esfuerzo de los que han pagado. Este proyecto cumple con todas esas condiciones\u00bb.<\/p>\n<p class=\"v1MsoNormal\" style=\"text-align: justify;\">La Seremi de Educaci\u00f3n Isabel Garrido destac\u00f3 que \u201cEl nuevo instrumento de financiamiento ser\u00e1 de adhesi\u00f3n voluntaria y estar\u00e1 disponible para todas y todos los estudiantes que lo necesiten, sin requisitos socioecon\u00f3micos ni de puntajes PAES. La cobertura de este beneficio se extender\u00e1 por la duraci\u00f3n formal de la carrera m\u00e1s un a\u00f1o adicional, sin pago de matr\u00edcula ni arancel para las y los estudiantes hasta el noveno decil de ingresos. Las instituciones de educaci\u00f3n superior podr\u00e1n cobrar un monto adicional a las y los beneficiarios del d\u00e9cimo decil\u201d.<\/p>\n<p class=\"v1MsoNormal\" style=\"text-align: justify;\"><b><u>Reorganizaci\u00f3n y condonaci\u00f3n de deudas<\/u><\/b><\/p>\n<p class=\"v1MsoNormal\" style=\"text-align: justify;\">El ministro Cataldo explic\u00f3 que el plan de reorganizaci\u00f3n de la deuda educativa \u201ccontempla una condonaci\u00f3n parcial o total, por lo que a cada deudor o deudora en etapa de pago le vamos a ofrecer una alternativa que sea justa y razonable para achicar su mochila y disminuir el peso de la deuda que cargan hoy d\u00eda\u201d.<\/p>\n<p class=\"v1MsoNormal\" style=\"text-align: justify;\">Para los deudores de cr\u00e9ditos CAE, Fondo Solidario y Corfo, el Plan comprende tres tipos de condonaci\u00f3n:<\/p>\n<ol style=\"text-align: justify;\" start=\"1\" type=\"1\">\n<li class=\"v1MsoNormal\"><b>Condonaci\u00f3n inicial\u00a0<\/b><\/li>\n<\/ol>\n<p class=\"v1MsoNormal\" style=\"text-align: justify;\">Consiste en una condonaci\u00f3n para todas las personas que adscriban al plan, definida seg\u00fan la situaci\u00f3n en la que se encuentren y sobre la base de tres aspectos: a) condici\u00f3n acad\u00e9mica (si egres\u00f3 o interrumpi\u00f3 sus estudios); b) situaci\u00f3n de pago (si est\u00e1 al d\u00eda o en mora); c) el n\u00famero de cuotas pagadas del cr\u00e9dito respecto al plazo total del mismo.<\/p>\n<p class=\"v1MsoNormal\" style=\"text-align: justify;\">La condici\u00f3n acad\u00e9mica y la situaci\u00f3n de pago definir\u00e1n la condonaci\u00f3n de base sobre la que, a\u00f1adiendo la cantidad de cuotas pagadas respecto del total pactado, se calcular\u00e1 la condonaci\u00f3n inicial.<\/p>\n<ol style=\"text-align: justify;\" start=\"2\" type=\"1\">\n<li class=\"v1MsoNormal\"><b>Condonaci\u00f3n adicional por pago anticipado<\/b><\/li>\n<\/ol>\n<p class=\"v1MsoNormal\" style=\"text-align: justify;\">En el plazo de 60 d\u00edas h\u00e1biles desde su adhesi\u00f3n al Plan, las personas que as\u00ed lo deseen podr\u00e1n pagar el 75% de la deuda restante tras la condonaci\u00f3n inicial, vi\u00e9ndose condonada el resto de la deuda.<\/p>\n<ol style=\"text-align: justify;\" start=\"3\" type=\"1\">\n<li class=\"v1MsoNormal\"><b>Condonaci\u00f3n mensual (progresiva)<\/b><\/li>\n<\/ol>\n<p class=\"v1MsoNormal\" style=\"text-align: justify;\">Esta condonaci\u00f3n aplicar\u00e1 sobre lo que quede por pagar una vez aplicada la condonaci\u00f3n inicial. El monto de la cuota ser\u00e1 de hasta el 8% del sueldo mensual, estableciendo un tramo exento de $500.000 mensuales (7,5 UTM) y no ser\u00e1 nunca mayor a la cuota resultante luego de la aplicaci\u00f3n de la condonaci\u00f3n inicial.<\/p>\n<p class=\"v1MsoNormal\" style=\"text-align: justify;\">Por otra parte, quienes ya saldaron su deuda CAE, independiente de los a\u00f1os transcurridos, tendr\u00e1n derecho a un beneficio tributario que consiste en una rebaja del Impuesto Global Complementario o Impuesto de Segunda Categor\u00eda (rentas del trabajo) correspondiente a 4 UF anuales para personas egresadas y 6 UF anuales en caso de no haber terminado estudios. Este beneficio se extender\u00e1 por 20 a\u00f1os.<\/p>\n<p class=\"v1MsoNormal\" style=\"text-align: justify;\"><b><u>Nuevo Financiamiento para la Educaci\u00f3n Superior (FES)<\/u><\/b><\/p>\n<p class=\"v1MsoNormal\" style=\"text-align: justify;\">El ministro Cataldo tambi\u00e9n explic\u00f3 que el proyecto de ley contempla crear un nuevo Instrumento de Financiamiento P\u00fablico para la Educaci\u00f3n Superior (FES), en el que \u201ccada persona pueda estudiar sin tener que preocuparse por pagar la matr\u00edcula o el arancel de su carrera, sin requisitos socioecon\u00f3micos ni de puntajes PAES\u201d.<\/p>\n<p class=\"v1MsoNormal\" style=\"text-align: justify;\">Las y los estudiantes que adhieran al FES, comenzar\u00e1n a retribuir un a\u00f1o despu\u00e9s del egreso o interrupci\u00f3n de estudios, y ya insertos en el mercado laboral. Esta retribuci\u00f3n depender\u00e1 del ingreso y se calcular\u00e1 como porcentaje del sueldo, ser\u00e1 de hasta el 8%, estableciendo un tramo exento de $500.000 pesos mensuales.<\/p>\n<p class=\"v1MsoNormal\" style=\"text-align: justify;\">La retribuci\u00f3n se realizar\u00e1 de esta forma:<\/p>\n<ul style=\"text-align: justify;\" type=\"disc\">\n<li class=\"v1MsoNormal\">Las personas que perciban ingresos en promedio inferiores a 7,5 UTA (aproximadamente $500.000 pesos mensuales) quedar\u00e1n liberadas de retribuir (exentas).<\/li>\n<li class=\"v1MsoNormal\">Quienes posean ingresos iguales o mayores a 7,5 UTA (aproximadamente $500.000 mensuales) retribuir\u00e1n de acuerdo con tramos progresivos y contingentes a la renta.<\/li>\n<li class=\"v1MsoNormal\">Independiente del resultado que arroje el c\u00e1lculo de la retribuci\u00f3n, est\u00e1 no podr\u00e1 exceder el 8% de los ingresos declarados.<\/li>\n<\/ul>\n<p class=\"v1MsoNormal\" style=\"text-align: justify;\">La retribuci\u00f3n de estos recursos se realizar\u00e1 durante un per\u00edodo equivalente a dos a\u00f1os por semestre cursado. Es decir, si un estudiante curs\u00f3 dos a\u00f1os, que corresponde a cuatro semestres, retribuir\u00e1 durante ocho a\u00f1os. Si una carrera dura cinco a\u00f1os, equivalente a diez semestres, la retribuci\u00f3n durar\u00e1 veinte a\u00f1os.<\/p>\n<p class=\"v1MsoNormal\" style=\"text-align: justify;\">El Estado transferir\u00e1 a las instituciones de educaci\u00f3n superior el monto resultante de multiplicar los valores regulados de aranceles y matr\u00edculas, por los estudiantes beneficiarios del FES, mientras que las instituciones de educaci\u00f3n superior no podr\u00e1n realizar cobros adicionales a los estudiantes, excepto para aquellos que est\u00e1n en el d\u00e9cimo decil de ingresos (10% con m\u00e1s recursos).<\/p>\n<\/div><\/section><\/div><div  style='height:50px' class='hr hr-invisible   avia-builder-el-6  el_after_av_one_full  el_before_av_social_share '><span class='hr-inner ' ><span class='hr-inner-style'><\/span><\/span><\/div><\/p>\n<div  class='av-social-sharing-box  avia-builder-el-7  el_after_av_hr  el_before_av_hr  '><div class='av-share-box'><h5 class='av-share-link-description av-no-toc '>Compartir esta noticia<\/h5><ul class='av-share-box-list noLightbox'><li class='av-share-link av-social-link-facebook' ><a target=\"_blank\" aria-label=\"Compartir en Facebook\" href='https:\/\/www.facebook.com\/sharer.php?u=https:\/\/radiorevelacionfm.cl\/?p=46915&#038;t=Gobierno%20presenta%20proyecto%20ley%20de%20reorganizaci%C3%B3n%20y%20condonaci%C3%B3n%20de%20las%20deudas%20educativas%20y%20el%20nuevo%20Instrumento%20de%20Financiamiento%20P%C3%BAblico%20para%20la%20Educaci%C3%B3n%20Superior%20%28FES%29' aria-hidden='false' data-av_icon='\ue8f3' data-av_iconfont='entypo-fontello' title='' data-avia-related-tooltip='Compartir en Facebook' rel=\"noopener\"><span class='avia_hidden_link_text'>Compartir en Facebook<\/span><\/a><\/li><li class='av-share-link av-social-link-twitter' ><a target=\"_blank\" aria-label=\"Compartir en Twitter\" href='https:\/\/twitter.com\/share?text=Gobierno%20presenta%20proyecto%20ley%20de%20reorganizaci%C3%B3n%20y%20condonaci%C3%B3n%20de%20las%20deudas%20educativas%20y%20el%20nuevo%20Instrumento%20de%20Financiamiento%20P%C3%BAblico%20para%20la%20Educaci%C3%B3n%20Superior%20%28FES%29&#038;url=https:\/\/radiorevelacionfm.cl\/?p=46915' aria-hidden='false' data-av_icon='\ue8f1' data-av_iconfont='entypo-fontello' title='' data-avia-related-tooltip='Compartir en Twitter' rel=\"noopener\"><span class='avia_hidden_link_text'>Compartir en Twitter<\/span><\/a><\/li><li class='av-share-link av-social-link-whatsapp' ><a target=\"_blank\" aria-label=\"Compartir en Whatsapp\" href='https:\/\/api.whatsapp.com\/send?text=https:\/\/radiorevelacionfm.cl\/?p=46915' aria-hidden='false' data-av_icon='\uf232' data-av_iconfont='entypo-fontello' title='' data-avia-related-tooltip='Compartir en Whatsapp' rel=\"noopener\"><span class='avia_hidden_link_text'>Compartir en Whatsapp<\/span><\/a><\/li><li class='av-share-link av-social-link-linkedin' ><a target=\"_blank\" aria-label=\"Compartir en LinkedIn\" href='https:\/\/linkedin.com\/shareArticle?mini=true&#038;title=Gobierno%20presenta%20proyecto%20ley%20de%20reorganizaci%C3%B3n%20y%20condonaci%C3%B3n%20de%20las%20deudas%20educativas%20y%20el%20nuevo%20Instrumento%20de%20Financiamiento%20P%C3%BAblico%20para%20la%20Educaci%C3%B3n%20Superior%20%28FES%29&#038;url=https:\/\/radiorevelacionfm.cl\/?p=46915' aria-hidden='false' data-av_icon='\ue8fc' data-av_iconfont='entypo-fontello' title='' data-avia-related-tooltip='Compartir en LinkedIn' rel=\"noopener\"><span class='avia_hidden_link_text'>Compartir en LinkedIn<\/span><\/a><\/li><li class='av-share-link av-social-link-mail' ><a  aria-label=\"Compartir por correo\" href='mailto:?subject=Gobierno%20presenta%20proyecto%20ley%20de%20reorganizaci%C3%B3n%20y%20condonaci%C3%B3n%20de%20las%20deudas%20educativas%20y%20el%20nuevo%20Instrumento%20de%20Financiamiento%20P%C3%BAblico%20para%20la%20Educaci%C3%B3n%20Superior%20%28FES%29&#038;body=https:\/\/radiorevelacionfm.cl\/?p=46915' aria-hidden='false' data-av_icon='\ue805' data-av_iconfont='entypo-fontello' title='' data-avia-related-tooltip='Compartir por correo'><span class='avia_hidden_link_text'>Compartir por correo<\/span><\/a><\/li><\/ul><\/div><\/div>\n<div  style='height:50px' class='hr hr-invisible   avia-builder-el-8  el_after_av_social_share  el_before_av_comments_list '><span class='hr-inner ' ><span class='hr-inner-style'><\/span><\/span><\/div>\n<div  class='av-buildercomment  av-blog-meta-html-info-disabled av-blog-meta-tag-disabled  '><\/div>\n","protected":false},"excerpt":{"rendered":"","protected":false},"author":1,"featured_media":46916,"comment_status":"open","ping_status":"open","sticky":false,"template":"","format":"standard","meta":{"footnotes":""},"categories":[49],"tags":[],"class_list":["post-46915","post","type-post","status-publish","format-standard","has-post-thumbnail","hentry","category-educacion"],"jetpack_featured_media_url":"https:\/\/radiorevelacionfm.cl\/wp-content\/uploads\/2024\/10\/fes-1-2_optimized.jpg","_links":{"self":[{"href":"https:\/\/radiorevelacionfm.cl\/index.php?rest_route=\/wp\/v2\/posts\/46915","targetHints":{"allow":["GET"]}}],"collection":[{"href":"https:\/\/radiorevelacionfm.cl\/index.php?rest_route=\/wp\/v2\/posts"}],"about":[{"href":"https:\/\/radiorevelacionfm.cl\/index.php?rest_route=\/wp\/v2\/types\/post"}],"author":[{"embeddable":true,"href":"https:\/\/radiorevelacionfm.cl\/index.php?rest_route=\/wp\/v2\/users\/1"}],"replies":[{"embeddable":true,"href":"https:\/\/radiorevelacionfm.cl\/index.php?rest_route=%2Fwp%2Fv2%2Fcomments&post=46915"}],"version-history":[{"count":1,"href":"https:\/\/radiorevelacionfm.cl\/index.php?rest_route=\/wp\/v2\/posts\/46915\/revisions"}],"predecessor-version":[{"id":46917,"href":"https:\/\/radiorevelacionfm.cl\/index.php?rest_route=\/wp\/v2\/posts\/46915\/revisions\/46917"}],"wp:featuredmedia":[{"embeddable":true,"href":"https:\/\/radiorevelacionfm.cl\/index.php?rest_route=\/wp\/v2\/media\/46916"}],"wp:attachment":[{"href":"https:\/\/radiorevelacionfm.cl\/index.php?rest_route=%2Fwp%2Fv2%2Fmedia&parent=46915"}],"wp:term":[{"taxonomy":"category","embeddable":true,"href":"https:\/\/radiorevelacionfm.cl\/index.php?rest_route=%2Fwp%2Fv2%2Fcategories&post=46915"},{"taxonomy":"post_tag","embeddable":true,"href":"https:\/\/radiorevelacionfm.cl\/index.php?rest_route=%2Fwp%2Fv2%2Ftags&post=46915"}],"curies":[{"name":"wp","href":"https:\/\/api.w.org\/{rel}","templated":true}]}}