{"id":46912,"date":"2024-10-09T15:31:45","date_gmt":"2024-10-09T18:31:45","guid":{"rendered":"https:\/\/radiorevelacionfm.cl\/?p=46912"},"modified":"2024-10-09T15:31:45","modified_gmt":"2024-10-09T18:31:45","slug":"soldado-conscripto-de-coyhaique-es-campeon-nacional-en-torneo-de-karate","status":"publish","type":"post","link":"https:\/\/radiorevelacionfm.cl\/?p=46912","title":{"rendered":"Soldado Conscripto de Coyhaique es Campe\u00f3n Nacional en Torneo de Karate"},"content":{"rendered":"<div class=\"flex_column av_one_full  flex_column_div av-zero-column-padding first  avia-builder-el-0  el_before_av_one_full  avia-builder-el-first  \" style='border-radius:0px; '><div  class='avia-image-container  av-styling-    avia-builder-el-1  avia-builder-el-no-sibling  avia-align-center '  itemprop=\"image\" itemscope=\"itemscope\" itemtype=\"https:\/\/schema.org\/ImageObject\"  ><div class='avia-image-container-inner'><div class='avia-image-overlay-wrap'><img decoding=\"async\" class='wp-image-46913 avia-img-lazy-loading-not-46913 avia_image' src=\"https:\/\/radiorevelacionfm.cl\/wp-content\/uploads\/2024\/10\/WhatsApp-Image-2024-10-09-at-10.07.43-2-2-2.jpeg\" alt='' title='WhatsApp Image 2024-10-09 at 10.07.43-2-2-2' height=\"600\" width=\"990\"  itemprop=\"thumbnailUrl\" srcset=\"https:\/\/radiorevelacionfm.cl\/wp-content\/uploads\/2024\/10\/WhatsApp-Image-2024-10-09-at-10.07.43-2-2-2.jpeg 990w, https:\/\/radiorevelacionfm.cl\/wp-content\/uploads\/2024\/10\/WhatsApp-Image-2024-10-09-at-10.07.43-2-2-2-300x182.jpeg 300w, https:\/\/radiorevelacionfm.cl\/wp-content\/uploads\/2024\/10\/WhatsApp-Image-2024-10-09-at-10.07.43-2-2-2-768x465.jpeg 768w, https:\/\/radiorevelacionfm.cl\/wp-content\/uploads\/2024\/10\/WhatsApp-Image-2024-10-09-at-10.07.43-2-2-2-705x427.jpeg 705w, https:\/\/radiorevelacionfm.cl\/wp-content\/uploads\/2024\/10\/WhatsApp-Image-2024-10-09-at-10.07.43-2-2-2-450x273.jpeg 450w, https:\/\/radiorevelacionfm.cl\/wp-content\/uploads\/2024\/10\/WhatsApp-Image-2024-10-09-at-10.07.43-2-2-2-600x364.jpeg 600w\" sizes=\"(max-width: 990px) 100vw, 990px\" \/><\/div><\/div><\/div><\/div><div class=\"flex_column av_one_full  flex_column_div av-zero-column-padding first  avia-builder-el-2  el_after_av_one_full  el_before_av_one_full  column-top-margin\" style='border-radius:0px; '><section class=\"av_textblock_section \"  itemscope=\"itemscope\" itemtype=\"https:\/\/schema.org\/BlogPosting\" itemprop=\"blogPost\" ><div class='avia_textblock  '   itemprop=\"text\" ><p style=\"text-align: center;\"><strong><span style=\"font-size: 18pt;\">Soldado Conscripto de Coyhaique es Campe\u00f3n Nacional en Torneo de Karate<\/span><\/strong><\/p>\n<div id=\"gtx-trans\" style=\"position: absolute; left: -50px; top: 4.31534px;\">\n<div class=\"gtx-trans-icon\"><\/div>\n<\/div>\n<\/div><\/section><\/div><div class=\"flex_column av_one_full  flex_column_div av-zero-column-padding first  avia-builder-el-4  el_after_av_one_full  el_before_av_hr  column-top-margin\" style='border-radius:0px; '><section class=\"av_textblock_section \"  itemscope=\"itemscope\" itemtype=\"https:\/\/schema.org\/BlogPosting\" itemprop=\"blogPost\" ><div class='avia_textblock  '   itemprop=\"text\" ><p style=\"text-align: justify;\">El soldado conscripto Marcelo Santana Ch\u00e1vez, de dotaci\u00f3n del Destacamento Motorizado N\u00b014 \u201cAys\u00e9n\u201d, obtuvo el primer lugar representando a Coyhaique en el Campeonato Nacional World Tang Soo DO, realizado en la ciudad de Valdivia.<\/p>\n<p style=\"text-align: justify;\">El\u00a0 joven coyhaiquino de 19 a\u00f1os de edad, obtuvo un desempe\u00f1o sobresaliente, con los siguientes triunfos:<\/p>\n<p style=\"text-align: justify;\">1\u00b0 Lugar en Combate<\/p>\n<p style=\"text-align: justify;\">1\u00b0 Lugar en Formas con armas<\/p>\n<p style=\"text-align: justify;\">El joven conscripto Santana, practica Karate desde los 10 a\u00f1os motivado por su padre, quien actualmente abrazo este deporte y lo practica junto a su hijo.<\/p>\n<p style=\"text-align: justify;\">\u201cMe siento muy orgulloso de lo que he logrado, y muy agradecido a mi padre por motivarme a practicar Karate, a mi instructor y sobretodo al Destacamento Motorizado N\u00b014 \u201cAys\u00e9n\u201d y en especial a mis instructores quienes me\u00a0 han brindado todo el apoyo que necesito para entrenar y participar en los campeonatos\u201d.<\/p>\n<p style=\"text-align: justify;\">El soldado Santana, quien entrena 3 veces a la semana, nos comenta que los valores y la disciplina que le entrega el Karate va muy ligado a la disciplina militar, por esto se inscribi\u00f3 de forma voluntaria para cumplir con su deber c\u00edvico y en un futuro postular a la Escuela de Suboficiales , continuando una carrera en el Ej\u00e9rcito, con miras a seguir creciendo en el deporte de las Artes Marciales y poder representar a la instituci\u00f3n y a Chile en un futuro.<\/p>\n<p style=\"text-align: justify;\">Por el momento, el joven deportista se prepara para competir en el Campeonato Sudamericano que se realizar\u00e1 en Buenos Aires, Argentina.<\/p>\n<\/div><\/section><\/div><div  style='height:50px' class='hr hr-invisible   avia-builder-el-6  el_after_av_one_full  el_before_av_social_share '><span class='hr-inner ' ><span class='hr-inner-style'><\/span><\/span><\/div><\/p>\n<div  class='av-social-sharing-box  avia-builder-el-7  el_after_av_hr  el_before_av_hr  '><div class='av-share-box'><h5 class='av-share-link-description av-no-toc '>Compartir esta noticia<\/h5><ul class='av-share-box-list noLightbox'><li class='av-share-link av-social-link-facebook' ><a target=\"_blank\" aria-label=\"Compartir en Facebook\" href='https:\/\/www.facebook.com\/sharer.php?u=https:\/\/radiorevelacionfm.cl\/?p=46912&#038;t=Soldado%20Conscripto%20de%20Coyhaique%20es%20Campe%C3%B3n%20Nacional%20en%20Torneo%20de%20Karate' aria-hidden='false' data-av_icon='\ue8f3' data-av_iconfont='entypo-fontello' title='' data-avia-related-tooltip='Compartir en Facebook' rel=\"noopener\"><span class='avia_hidden_link_text'>Compartir en Facebook<\/span><\/a><\/li><li class='av-share-link av-social-link-twitter' ><a target=\"_blank\" aria-label=\"Compartir en Twitter\" href='https:\/\/twitter.com\/share?text=Soldado%20Conscripto%20de%20Coyhaique%20es%20Campe%C3%B3n%20Nacional%20en%20Torneo%20de%20Karate&#038;url=https:\/\/radiorevelacionfm.cl\/?p=46912' aria-hidden='false' data-av_icon='\ue8f1' data-av_iconfont='entypo-fontello' title='' data-avia-related-tooltip='Compartir en Twitter' rel=\"noopener\"><span class='avia_hidden_link_text'>Compartir en Twitter<\/span><\/a><\/li><li class='av-share-link av-social-link-whatsapp' ><a target=\"_blank\" aria-label=\"Compartir en Whatsapp\" href='https:\/\/api.whatsapp.com\/send?text=https:\/\/radiorevelacionfm.cl\/?p=46912' aria-hidden='false' data-av_icon='\uf232' data-av_iconfont='entypo-fontello' title='' data-avia-related-tooltip='Compartir en Whatsapp' rel=\"noopener\"><span class='avia_hidden_link_text'>Compartir en Whatsapp<\/span><\/a><\/li><li class='av-share-link av-social-link-linkedin' ><a target=\"_blank\" aria-label=\"Compartir en LinkedIn\" href='https:\/\/linkedin.com\/shareArticle?mini=true&#038;title=Soldado%20Conscripto%20de%20Coyhaique%20es%20Campe%C3%B3n%20Nacional%20en%20Torneo%20de%20Karate&#038;url=https:\/\/radiorevelacionfm.cl\/?p=46912' aria-hidden='false' data-av_icon='\ue8fc' data-av_iconfont='entypo-fontello' title='' data-avia-related-tooltip='Compartir en LinkedIn' rel=\"noopener\"><span class='avia_hidden_link_text'>Compartir en LinkedIn<\/span><\/a><\/li><li class='av-share-link av-social-link-mail' ><a  aria-label=\"Compartir por correo\" href='mailto:?subject=Soldado%20Conscripto%20de%20Coyhaique%20es%20Campe%C3%B3n%20Nacional%20en%20Torneo%20de%20Karate&#038;body=https:\/\/radiorevelacionfm.cl\/?p=46912' aria-hidden='false' data-av_icon='\ue805' data-av_iconfont='entypo-fontello' title='' data-avia-related-tooltip='Compartir por correo'><span class='avia_hidden_link_text'>Compartir por correo<\/span><\/a><\/li><\/ul><\/div><\/div>\n<div  style='height:50px' class='hr hr-invisible   avia-builder-el-8  el_after_av_social_share  el_before_av_comments_list '><span class='hr-inner ' ><span class='hr-inner-style'><\/span><\/span><\/div>\n<div  class='av-buildercomment  av-blog-meta-html-info-disabled av-blog-meta-tag-disabled  '><\/div>\n","protected":false},"excerpt":{"rendered":"","protected":false},"author":1,"featured_media":46913,"comment_status":"open","ping_status":"open","sticky":false,"template":"","format":"standard","meta":{"footnotes":""},"categories":[38],"tags":[],"class_list":["post-46912","post","type-post","status-publish","format-standard","has-post-thumbnail","hentry","category-regional"],"jetpack_featured_media_url":"https:\/\/radiorevelacionfm.cl\/wp-content\/uploads\/2024\/10\/WhatsApp-Image-2024-10-09-at-10.07.43-2-2-2.jpeg","_links":{"self":[{"href":"https:\/\/radiorevelacionfm.cl\/index.php?rest_route=\/wp\/v2\/posts\/46912","targetHints":{"allow":["GET"]}}],"collection":[{"href":"https:\/\/radiorevelacionfm.cl\/index.php?rest_route=\/wp\/v2\/posts"}],"about":[{"href":"https:\/\/radiorevelacionfm.cl\/index.php?rest_route=\/wp\/v2\/types\/post"}],"author":[{"embeddable":true,"href":"https:\/\/radiorevelacionfm.cl\/index.php?rest_route=\/wp\/v2\/users\/1"}],"replies":[{"embeddable":true,"href":"https:\/\/radiorevelacionfm.cl\/index.php?rest_route=%2Fwp%2Fv2%2Fcomments&post=46912"}],"version-history":[{"count":1,"href":"https:\/\/radiorevelacionfm.cl\/index.php?rest_route=\/wp\/v2\/posts\/46912\/revisions"}],"predecessor-version":[{"id":46914,"href":"https:\/\/radiorevelacionfm.cl\/index.php?rest_route=\/wp\/v2\/posts\/46912\/revisions\/46914"}],"wp:featuredmedia":[{"embeddable":true,"href":"https:\/\/radiorevelacionfm.cl\/index.php?rest_route=\/wp\/v2\/media\/46913"}],"wp:attachment":[{"href":"https:\/\/radiorevelacionfm.cl\/index.php?rest_route=%2Fwp%2Fv2%2Fmedia&parent=46912"}],"wp:term":[{"taxonomy":"category","embeddable":true,"href":"https:\/\/radiorevelacionfm.cl\/index.php?rest_route=%2Fwp%2Fv2%2Fcategories&post=46912"},{"taxonomy":"post_tag","embeddable":true,"href":"https:\/\/radiorevelacionfm.cl\/index.php?rest_route=%2Fwp%2Fv2%2Ftags&post=46912"}],"curies":[{"name":"wp","href":"https:\/\/api.w.org\/{rel}","templated":true}]}}