{"id":4691,"date":"2021-05-30T19:40:50","date_gmt":"2021-05-30T22:40:50","guid":{"rendered":"https:\/\/radiorevelacionfm.cl\/?p=4691"},"modified":"2021-05-30T19:40:50","modified_gmt":"2021-05-30T22:40:50","slug":"autoridades-de-educacion-visitan-establecimientos-para-dialogar-sobre-el-retorno-a-clases-presenciales","status":"publish","type":"post","link":"https:\/\/radiorevelacionfm.cl\/?p=4691","title":{"rendered":"Autoridades de educaci\u00f3n visitan establecimientos para dialogar sobre el retorno a clases presenciales"},"content":{"rendered":"<div class=\"flex_column av_one_full  flex_column_div av-zero-column-padding first  avia-builder-el-0  el_before_av_one_full  avia-builder-el-first  \" style='border-radius:0px; '><div  class='avia-image-container  av-styling-    avia-builder-el-1  avia-builder-el-no-sibling  avia-align-center '  itemprop=\"image\" itemscope=\"itemscope\" itemtype=\"https:\/\/schema.org\/ImageObject\"  ><div class='avia-image-container-inner'><div class='avia-image-overlay-wrap'><img decoding=\"async\" class='wp-image-0 avia-img-lazy-loading-not-0 avia_image' src=\"https:\/\/radiorevelacionfm.cl\/wp-content\/uploads\/2021\/05\/visita-colegios-1-1.jpg\" alt='' title=''   itemprop=\"thumbnailUrl\"  \/><\/div><\/div><\/div><\/div><div class=\"flex_column av_one_full  flex_column_div av-zero-column-padding first  avia-builder-el-2  el_after_av_one_full  el_before_av_one_full  column-top-margin\" style='border-radius:0px; '><section class=\"av_textblock_section \"  itemscope=\"itemscope\" itemtype=\"https:\/\/schema.org\/BlogPosting\" itemprop=\"blogPost\" ><div class='avia_textblock  '   itemprop=\"text\" ><p style=\"text-align: center;\"><strong><span style=\"font-size: 18pt;\">Autoridades de educaci\u00f3n visitan establecimientos para dialogar sobre el retorno a clases presenciales<\/span><\/strong><\/p>\n<div id=\"gtx-trans\" style=\"position: absolute; left: -50px; top: 4.31534px;\">\n<div class=\"gtx-trans-icon\"><\/div>\n<\/div>\n<\/div><\/section><\/div><div class=\"flex_column av_one_full  flex_column_div av-zero-column-padding first  avia-builder-el-4  el_after_av_one_full  el_before_av_hr  column-top-margin\" style='border-radius:0px; '><section class=\"av_textblock_section \"  itemscope=\"itemscope\" itemtype=\"https:\/\/schema.org\/BlogPosting\" itemprop=\"blogPost\" ><div class='avia_textblock  '   itemprop=\"text\" ><p class=\"v1MsoNormal\" style=\"text-align: justify;\"><span lang=\"ES\">Esta semana las autoridades regionales de Educaci\u00f3n de Ays\u00e9n dieron inicio a visitas a establecimientos educacionales para conocer de cerca c\u00f3mo ha avanzado el retorno a clases presenciales en sus establecimientos y c\u00f3mo se sienten los estudiantes luego de haber retornado a las aulas.<\/span><\/p>\n<p class=\"v1MsoNormal\" style=\"text-align: justify;\"><span lang=\"ES-TRAD\">La Jefa del Departamento Provincial de Educaci\u00f3n Coyhaique Laura Ramos Olivares visit\u00f3 el mi\u00e9rcoles pasado el Colegio Bicentenario Kalem y el Colegio Bicentenario Santa Teresa de los Andes de Puerto Ays\u00e9n, instancia en la que se valor\u00f3 este retorno que permiti\u00f3 el reencuentro de los estudiantes<\/span><\/p>\n<p class=\"v1MsoNormal\" style=\"text-align: justify;\"><span lang=\"ES-TRAD\">Marcela Jaramillo Mora Directora del Colegio Kalem expres\u00f3 que \u00abEl retorno a clases ha sido una tremenda oportunidad de reencontrarnos con nuestros estudiantes y con nuestros apoderados. Ello ha sido gracias a un gran esfuerzo de nuestros profesores que son el motor de este proceso. Nuestros estudiantes se han reencontrado con sus pares, han podido hacerles consultas a sus profesores cara a cara y han podido recibir esa contenci\u00f3n socioemocional tan necesaria en este periodo de pandemia\u00bb.<\/span><\/p>\n<p class=\"v1MsoNormal\" style=\"text-align: justify;\"><span lang=\"ES-TRAD\">Por su parte, Marcelo Aburto, profesor de Ingl\u00e9s y asesor del Centro de Padres y Apoderados del Colegio Kalem se\u00f1al\u00f3 que: \u00abHa sido un desaf\u00edo para toda nuestra comunidad escolar: \u00a0estudiantes, padres y apoderados y profesores. En el caso nuestro como docentes hemos podido retomar pr\u00e1cticas pedag\u00f3gicas\u00a0 efectivas y hemos tenido tambi\u00e9n que reinventarnos para enfrentar las contingencias que se presentan en el contexto de la pandemia. Valoramos el reencuentro con nuestros estudiantes, con quienes podemos interactuar personalmente. Hemos podido dar respuesta educativa tanto a quienes asisten presencialmente como a aquellos que est\u00e1n en sus casas\u00bb.<\/span><\/p>\n<p class=\"v1MsoNormal\" style=\"text-align: justify;\"><span lang=\"ES-TRAD\">Otro de los aspectos destacados durante el encuentro son las medidas sanitarias implementadas por los establecimientos, las que han dado confianza para un retorno seguro a clases.<\/span><\/p>\n<p class=\"v1MsoNormal\" style=\"text-align: justify;\"><span lang=\"ES-TRAD\">La alumna Catalina Ruiz coment\u00f3 que para ella: \u00abSon mejores las clases presenciales pues uno se concentra m\u00e1s y no est\u00e1n las distracciones que suelen producirse en el hogar. Adem\u00e1s, nuestro colegio nos ha entregado muy buenas y estrictas medidas de seguridad sanitaria por lo que he venido con confianza al a clases\u00bb.<\/span><\/p>\n<p class=\"v1MsoNormal\" style=\"text-align: justify;\"><span lang=\"ES-TRAD\">En tanto, en el Colegio Bicentenario de Puerto Ays\u00e9n, su director Sebasti\u00e1n Steinmeyer. \u00abNuestra experiencia en el retorno a clases presenciales ha sido muy positiva. Hemos visto que para nuestros estudiantes ha sido muy estimulante. Desde el 1\u00b0 de Marzo iniciamos las clases con los aforos establecidos en la normativa, trabajando con tres grupos por curso; \u00a0y aquellos estudiantes que optan por las clases a distancia\u00a0 acceden a las clases por video a trav\u00e9s de la plataforma Classroom de google. El testimonio de nuestros estudiantes es que valoran en forma muy positiva las clases presenciales. A trav\u00e9s de una estrategia de nuestras \u00e1reas de Convivencia Escolar y Filosof\u00eda hemos rescatado relatos de educaci\u00f3n en pandemia\u00a0 de nuestros estudiantes y nos hemos encontrado con experiencias extraordinarias que nos muestran la importancia de las clases presenciales\u00bb, se\u00f1al\u00f3 el director.<\/span><\/p>\n<p class=\"v1MsoNormal\" style=\"text-align: justify;\"><span lang=\"ES-TRAD\">Tras las visitas a colegios en Puerto Ays\u00e9n, \u00a0la Jefa Provincial de Educaci\u00f3n Laura Ramos Olivares valor\u00f3 la instancia y asegur\u00f3 que\u00a0<\/span><span lang=\"ES\">\u00abes muy importante ver de cerca la realidad que viven los distintos establecimientos educacionales de la regi\u00f3n, por eso estamos generando un di\u00e1logo para conocer c\u00f3mo viven este retorno. Hemos visto alumnos felices, que valoran las clases presenciales y a establecimientos organizados para entregar tranquilidad a alumnos y apoderados, a trav\u00e9s de la implementaci\u00f3n de estrictos protocolos\u00bb.<\/span><\/p>\n<p class=\"v1MsoNormal\" style=\"text-align: justify;\"><span lang=\"ES\">Una de nuestras prioridades es responder dudas e inquietudes sobre este retorno a las aulas. Es importante que apoderados y cuerpo docente conozcan los apoyos que estamos dando desde el ministerio y las experiencias exitosas de sus pares. Con esto crece la confianza en que sus establecimientos est\u00e1n haciendo las cosas bien, cuidando la seguridad de todos\u00bb. En ese sentido el llamado a los padres a informarse sobre los planes de funcionamiento que implementar\u00e1n los recintos.<\/span><\/p>\n<p class=\"v1MsoNormal\" style=\"text-align: justify;\"><b><span lang=\"ES-TRAD\">Brechas de aprendizajes<\/span><\/b><\/p>\n<p class=\"v1MsoNormal\" style=\"text-align: justify;\"><span lang=\"ES-TRAD\">Por su parte, el Seremi Sergio Becerra Mera llam\u00f3 a los sostenedores municipales de aquellas comunas que est\u00e1n en fase 2 o superiores del Plan Paso a Paso a mantener abiertas las escuelas y liceos.<\/span><\/p>\n<p class=\"v1MsoNormal\" style=\"text-align: justify;\"><span lang=\"ES\">\u00abEn aquellas comunas que est\u00e1n en fase 2 y superiores los Ni\u00f1os y ni\u00f1as necesitan un espacio protector y continuar con sus aprendizajes y los sostenedores municipales \u00a0deben velar por cumplir este derecho\u00bb, se\u00f1alo.<\/span><\/p>\n<p class=\"v1MsoNormal\" style=\"text-align: justify;\"><span lang=\"ES\">En ese sentido Sergio Becerra record\u00f3 la cr\u00edtica situaci\u00f3n que viven los estudiantes del pa\u00eds, que qued\u00f3 plasmada en los resultados del Diagn\u00f3stico Integral de Aprendizajes, desarrollado por la Agencia de Calidad de la Educaci\u00f3n, el que midi\u00f3 los aprendizajes alcanzados por los estudiantes en 2020 y el estado socioemocional de los alumnos.<\/span><\/p>\n<p class=\"v1MsoNormal\" style=\"text-align: justify;\"><span lang=\"ES\">Dentro de las conclusiones m\u00e1s alarmante se cuenta que Estudiantes de ense\u00f1anza media no alcanzaron el 60% de los aprendizajes necesarios en 2020 y que un 70% de los estudiantes manifest\u00f3 dificultades para expresar sus emociones.<\/span><\/p>\n<\/div><\/section><\/div><div  style='height:50px' class='hr hr-invisible   avia-builder-el-6  el_after_av_one_full  el_before_av_social_share '><span class='hr-inner ' ><span class='hr-inner-style'><\/span><\/span><\/div><\/p>\n<div  class='av-social-sharing-box  avia-builder-el-7  el_after_av_hr  el_before_av_hr  '><div class='av-share-box'><h5 class='av-share-link-description av-no-toc '>Compartir esta noticia<\/h5><ul class='av-share-box-list noLightbox'><li class='av-share-link av-social-link-facebook' ><a target=\"_blank\" aria-label=\"Compartir en Facebook\" href='https:\/\/www.facebook.com\/sharer.php?u=https:\/\/radiorevelacionfm.cl\/?p=4691&#038;t=Autoridades%20de%20educaci%C3%B3n%20visitan%20establecimientos%20para%20dialogar%20sobre%20el%20retorno%20a%20clases%20presenciales' aria-hidden='false' data-av_icon='\ue8f3' data-av_iconfont='entypo-fontello' title='' data-avia-related-tooltip='Compartir en Facebook' rel=\"noopener\"><span class='avia_hidden_link_text'>Compartir en Facebook<\/span><\/a><\/li><li class='av-share-link av-social-link-twitter' ><a target=\"_blank\" aria-label=\"Compartir en Twitter\" href='https:\/\/twitter.com\/share?text=Autoridades%20de%20educaci%C3%B3n%20visitan%20establecimientos%20para%20dialogar%20sobre%20el%20retorno%20a%20clases%20presenciales&#038;url=https:\/\/radiorevelacionfm.cl\/?p=4691' aria-hidden='false' data-av_icon='\ue8f1' data-av_iconfont='entypo-fontello' title='' data-avia-related-tooltip='Compartir en Twitter' rel=\"noopener\"><span class='avia_hidden_link_text'>Compartir en Twitter<\/span><\/a><\/li><li class='av-share-link av-social-link-whatsapp' ><a target=\"_blank\" aria-label=\"Compartir en Whatsapp\" href='https:\/\/api.whatsapp.com\/send?text=https:\/\/radiorevelacionfm.cl\/?p=4691' aria-hidden='false' data-av_icon='\uf232' data-av_iconfont='entypo-fontello' title='' data-avia-related-tooltip='Compartir en Whatsapp' rel=\"noopener\"><span class='avia_hidden_link_text'>Compartir en Whatsapp<\/span><\/a><\/li><li class='av-share-link av-social-link-linkedin' ><a target=\"_blank\" aria-label=\"Compartir en LinkedIn\" href='https:\/\/linkedin.com\/shareArticle?mini=true&#038;title=Autoridades%20de%20educaci%C3%B3n%20visitan%20establecimientos%20para%20dialogar%20sobre%20el%20retorno%20a%20clases%20presenciales&#038;url=https:\/\/radiorevelacionfm.cl\/?p=4691' aria-hidden='false' data-av_icon='\ue8fc' data-av_iconfont='entypo-fontello' title='' data-avia-related-tooltip='Compartir en LinkedIn' rel=\"noopener\"><span class='avia_hidden_link_text'>Compartir en LinkedIn<\/span><\/a><\/li><li class='av-share-link av-social-link-mail' ><a  aria-label=\"Compartir por correo\" href='mailto:?subject=Autoridades%20de%20educaci%C3%B3n%20visitan%20establecimientos%20para%20dialogar%20sobre%20el%20retorno%20a%20clases%20presenciales&#038;body=https:\/\/radiorevelacionfm.cl\/?p=4691' aria-hidden='false' data-av_icon='\ue805' data-av_iconfont='entypo-fontello' title='' data-avia-related-tooltip='Compartir por correo'><span class='avia_hidden_link_text'>Compartir por correo<\/span><\/a><\/li><\/ul><\/div><\/div>\n<div  style='height:50px' class='hr hr-invisible   avia-builder-el-8  el_after_av_social_share  el_before_av_comments_list '><span class='hr-inner ' ><span class='hr-inner-style'><\/span><\/span><\/div>\n<div  class='av-buildercomment  av-blog-meta-html-info-disabled av-blog-meta-tag-disabled  '><\/div>\n","protected":false},"excerpt":{"rendered":"","protected":false},"author":1,"featured_media":0,"comment_status":"open","ping_status":"open","sticky":false,"template":"","format":"standard","meta":{"footnotes":""},"categories":[49],"tags":[],"class_list":["post-4691","post","type-post","status-publish","format-standard","hentry","category-educacion"],"jetpack_featured_media_url":"","_links":{"self":[{"href":"https:\/\/radiorevelacionfm.cl\/index.php?rest_route=\/wp\/v2\/posts\/4691","targetHints":{"allow":["GET"]}}],"collection":[{"href":"https:\/\/radiorevelacionfm.cl\/index.php?rest_route=\/wp\/v2\/posts"}],"about":[{"href":"https:\/\/radiorevelacionfm.cl\/index.php?rest_route=\/wp\/v2\/types\/post"}],"author":[{"embeddable":true,"href":"https:\/\/radiorevelacionfm.cl\/index.php?rest_route=\/wp\/v2\/users\/1"}],"replies":[{"embeddable":true,"href":"https:\/\/radiorevelacionfm.cl\/index.php?rest_route=%2Fwp%2Fv2%2Fcomments&post=4691"}],"version-history":[{"count":1,"href":"https:\/\/radiorevelacionfm.cl\/index.php?rest_route=\/wp\/v2\/posts\/4691\/revisions"}],"predecessor-version":[{"id":4693,"href":"https:\/\/radiorevelacionfm.cl\/index.php?rest_route=\/wp\/v2\/posts\/4691\/revisions\/4693"}],"wp:attachment":[{"href":"https:\/\/radiorevelacionfm.cl\/index.php?rest_route=%2Fwp%2Fv2%2Fmedia&parent=4691"}],"wp:term":[{"taxonomy":"category","embeddable":true,"href":"https:\/\/radiorevelacionfm.cl\/index.php?rest_route=%2Fwp%2Fv2%2Fcategories&post=4691"},{"taxonomy":"post_tag","embeddable":true,"href":"https:\/\/radiorevelacionfm.cl\/index.php?rest_route=%2Fwp%2Fv2%2Ftags&post=4691"}],"curies":[{"name":"wp","href":"https:\/\/api.w.org\/{rel}","templated":true}]}}