{"id":46909,"date":"2024-10-09T10:21:54","date_gmt":"2024-10-09T13:21:54","guid":{"rendered":"https:\/\/radiorevelacionfm.cl\/?p=46909"},"modified":"2024-10-09T10:21:54","modified_gmt":"2024-10-09T13:21:54","slug":"capacitan-en-bicombustibles-a-beneficiarios-del-programa-lena-mas-seca-2024","status":"publish","type":"post","link":"https:\/\/radiorevelacionfm.cl\/?p=46909","title":{"rendered":"Capacitan en bicombustibles a beneficiarios del Programa \u201cLe\u00f1a M\u00e1s Seca 2024\u201d"},"content":{"rendered":"<div class=\"flex_column av_one_full  flex_column_div av-zero-column-padding first  avia-builder-el-0  el_before_av_one_full  avia-builder-el-first  \" style='border-radius:0px; '><div  class='avia-image-container  av-styling-    avia-builder-el-1  avia-builder-el-no-sibling  avia-align-center '  itemprop=\"image\" itemscope=\"itemscope\" itemtype=\"https:\/\/schema.org\/ImageObject\"  ><div class='avia-image-container-inner'><div class='avia-image-overlay-wrap'><img decoding=\"async\" class='wp-image-46910 avia-img-lazy-loading-not-46910 avia_image' src=\"https:\/\/radiorevelacionfm.cl\/wp-content\/uploads\/2024\/10\/foto-1-10-2_optimized.jpg\" alt='' title='foto-1-10-2_optimized' height=\"600\" width=\"1067\"  itemprop=\"thumbnailUrl\" srcset=\"https:\/\/radiorevelacionfm.cl\/wp-content\/uploads\/2024\/10\/foto-1-10-2_optimized.jpg 1067w, https:\/\/radiorevelacionfm.cl\/wp-content\/uploads\/2024\/10\/foto-1-10-2_optimized-300x169.jpg 300w, https:\/\/radiorevelacionfm.cl\/wp-content\/uploads\/2024\/10\/foto-1-10-2_optimized-1030x579.jpg 1030w, https:\/\/radiorevelacionfm.cl\/wp-content\/uploads\/2024\/10\/foto-1-10-2_optimized-768x432.jpg 768w, https:\/\/radiorevelacionfm.cl\/wp-content\/uploads\/2024\/10\/foto-1-10-2_optimized-705x396.jpg 705w, https:\/\/radiorevelacionfm.cl\/wp-content\/uploads\/2024\/10\/foto-1-10-2_optimized-450x253.jpg 450w, https:\/\/radiorevelacionfm.cl\/wp-content\/uploads\/2024\/10\/foto-1-10-2_optimized-600x337.jpg 600w\" sizes=\"(max-width: 1067px) 100vw, 1067px\" \/><\/div><\/div><\/div><\/div><div class=\"flex_column av_one_full  flex_column_div av-zero-column-padding first  avia-builder-el-2  el_after_av_one_full  el_before_av_one_full  column-top-margin\" style='border-radius:0px; '><section class=\"av_textblock_section \"  itemscope=\"itemscope\" itemtype=\"https:\/\/schema.org\/BlogPosting\" itemprop=\"blogPost\" ><div class='avia_textblock  '   itemprop=\"text\" ><p style=\"text-align: center;\"><strong><span style=\"font-size: 18pt;\">Capacitan en bicombustibles a beneficiarios del Programa \u201cLe\u00f1a M\u00e1s Seca 2024\u201d<\/span><\/strong><\/p>\n<div id=\"gtx-trans\" style=\"position: absolute; left: -50px; top: 4.31534px;\">\n<div class=\"gtx-trans-icon\"><\/div>\n<\/div>\n<\/div><\/section><\/div><div class=\"flex_column av_one_full  flex_column_div av-zero-column-padding first  avia-builder-el-4  el_after_av_one_full  el_before_av_hr  column-top-margin\" style='border-radius:0px; '><section class=\"av_textblock_section \"  itemscope=\"itemscope\" itemtype=\"https:\/\/schema.org\/BlogPosting\" itemprop=\"blogPost\" ><div class='avia_textblock  '   itemprop=\"text\" ><p style=\"text-align: justify;\">Nueve comerciantes y productores de le\u00f1a beneficiados por el Programa Le\u00f1a M\u00e1s Seca fueron capacitados en materia de Biocombustibles en el marco de la convocatoria 2024. Cabe se\u00f1alar, que esta iniciativa del Ministerio de Energ\u00eda ejecutada por la Agencia de Sostenibilidad Energ\u00e9tica (AgenciaSE), tiene como objetivo aumentar la oferta de le\u00f1a seca en las regiones del centro y sur de Chile.<\/p>\n<p style=\"text-align: justify;\">Al respecto el Seremi de Energ\u00eda de Ays\u00e9n, Tom\u00e1s Laibe, se\u00f1al\u00f3 que \u201ceste programa permite a nuestros le\u00f1eros y le\u00f1eras acceder a financiamiento para la implementaci\u00f3n de proyectos de inversi\u00f3n de infraestructura, maquinaria y equipamiento que habiliten y mejoren sus capacidades de producci\u00f3n de le\u00f1a de calidad. Este tr\u00e1nsito de le\u00f1a h\u00fameda a le\u00f1a seca permite disminuir el material particulado que se emite cuando se quema este tipo de biocombustible, lo cual tiene un efecto en el cuidado de la salud de la comunidad\u201d.<\/p>\n<p style=\"text-align: justify;\">\u00a0La jornada de capacitaci\u00f3n const\u00f3 de dos m\u00f3dulos, el primero de ellos dictado por profesionales de la AgenciaSE que abord\u00f3 producci\u00f3n, secado de le\u00f1a y gesti\u00f3n empresarial. Mientras que, la segunda parte estuvo a cargo de profesionales de la Seremi de Energ\u00eda, donde se expuso sobre la Ley 21.499 que regula los Bicombustibles S\u00f3lidos y su Reglamento.<\/p>\n<p style=\"text-align: justify;\">La beneficiaria Loreto Catrilef Espejo de la localidad de la Junta, qui\u00e9n hace m\u00e1s de 10 a\u00f1os trabaja en el rubro de la le\u00f1a destac\u00f3 que \u201cempec\u00e9 de cero adquiriendo una moto y un hacha, entregando le\u00f1a verde puesta en el campo y he ido avanzando, trabajando en otras \u00e1reas, capacit\u00e1ndome para obtener recursos e incorporarlos en el campo. En ese sentido, estas postulaciones vienen bien para potenciar el trabajo que uno est\u00e1 haciendo como mujer. El proyecto que yo me adjudiqu\u00e9 es un carro con levante hidr\u00e1ulico que me va a ayudar al mil por mil para poder acopiar le\u00f1a de buena manera, para que el trabajo sea m\u00e1s \u00e1gil y pueda tambi\u00e9n abarcar m\u00e1s metros para secado y consumo en invierno\u201d.<\/p>\n<p style=\"text-align: justify;\">Adem\u00e1s, en la jornada se firmaron los\u00a0 convenios con los nueve beneficiarios de las comunas de Coyhaique, R\u00edo Ib\u00e1\u00f1ez, Cochrane y Cisnes. \u201cEstamos contentos porque los proyectos de inversi\u00f3n adjudicados corresponden a cuatro comunas de nuestra regi\u00f3n, y permitir\u00e1n mejorar los procesos productivos de los le\u00f1eros y le\u00f1eras a trav\u00e9s del financiamiento de equipamiento de Acopio y\/o Secado, Infraestructura y Maquinarias de Procesamiento de le\u00f1a\u201d explic\u00f3 la autoridad regional de Energ\u00eda.<\/p>\n<p style=\"text-align: justify;\">Finalmente, el Seremi Laibe dijo que \u201cHoy un gran porcentaje de la le\u00f1a que se consume en nuestra regi\u00f3n est\u00e1 h\u00fameda, por lo cual resulta fundamental seguir avanzando en la creaci\u00f3n de un mercado formal y transparente que permitir\u00e1 generar empleos y mejorar la competitividad de los productores y comerciantes del sector, en el marco de lo que ser\u00e1 la implementaci\u00f3n de la Ley que regula los Bicombustibles S\u00f3lidos\u201d.<\/p>\n<\/div><\/section><\/div><div  style='height:50px' class='hr hr-invisible   avia-builder-el-6  el_after_av_one_full  el_before_av_social_share '><span class='hr-inner ' ><span class='hr-inner-style'><\/span><\/span><\/div><\/p>\n<div  class='av-social-sharing-box  avia-builder-el-7  el_after_av_hr  el_before_av_hr  '><div class='av-share-box'><h5 class='av-share-link-description av-no-toc '>Compartir esta noticia<\/h5><ul class='av-share-box-list noLightbox'><li class='av-share-link av-social-link-facebook' ><a target=\"_blank\" aria-label=\"Compartir en Facebook\" href='https:\/\/www.facebook.com\/sharer.php?u=https:\/\/radiorevelacionfm.cl\/?p=46909&#038;t=Capacitan%20en%20bicombustibles%20a%20beneficiarios%20del%20Programa%20%E2%80%9CLe%C3%B1a%20M%C3%A1s%20Seca%202024%E2%80%9D' aria-hidden='false' data-av_icon='\ue8f3' data-av_iconfont='entypo-fontello' title='' data-avia-related-tooltip='Compartir en Facebook' rel=\"noopener\"><span class='avia_hidden_link_text'>Compartir en Facebook<\/span><\/a><\/li><li class='av-share-link av-social-link-twitter' ><a target=\"_blank\" aria-label=\"Compartir en Twitter\" href='https:\/\/twitter.com\/share?text=Capacitan%20en%20bicombustibles%20a%20beneficiarios%20del%20Programa%20%E2%80%9CLe%C3%B1a%20M%C3%A1s%20Seca%202024%E2%80%9D&#038;url=https:\/\/radiorevelacionfm.cl\/?p=46909' aria-hidden='false' data-av_icon='\ue8f1' data-av_iconfont='entypo-fontello' title='' data-avia-related-tooltip='Compartir en Twitter' rel=\"noopener\"><span class='avia_hidden_link_text'>Compartir en Twitter<\/span><\/a><\/li><li class='av-share-link av-social-link-whatsapp' ><a target=\"_blank\" aria-label=\"Compartir en Whatsapp\" href='https:\/\/api.whatsapp.com\/send?text=https:\/\/radiorevelacionfm.cl\/?p=46909' aria-hidden='false' data-av_icon='\uf232' data-av_iconfont='entypo-fontello' title='' data-avia-related-tooltip='Compartir en Whatsapp' rel=\"noopener\"><span class='avia_hidden_link_text'>Compartir en Whatsapp<\/span><\/a><\/li><li class='av-share-link av-social-link-linkedin' ><a target=\"_blank\" aria-label=\"Compartir en LinkedIn\" href='https:\/\/linkedin.com\/shareArticle?mini=true&#038;title=Capacitan%20en%20bicombustibles%20a%20beneficiarios%20del%20Programa%20%E2%80%9CLe%C3%B1a%20M%C3%A1s%20Seca%202024%E2%80%9D&#038;url=https:\/\/radiorevelacionfm.cl\/?p=46909' aria-hidden='false' data-av_icon='\ue8fc' data-av_iconfont='entypo-fontello' title='' data-avia-related-tooltip='Compartir en LinkedIn' rel=\"noopener\"><span class='avia_hidden_link_text'>Compartir en LinkedIn<\/span><\/a><\/li><li class='av-share-link av-social-link-mail' ><a  aria-label=\"Compartir por correo\" href='mailto:?subject=Capacitan%20en%20bicombustibles%20a%20beneficiarios%20del%20Programa%20%E2%80%9CLe%C3%B1a%20M%C3%A1s%20Seca%202024%E2%80%9D&#038;body=https:\/\/radiorevelacionfm.cl\/?p=46909' aria-hidden='false' data-av_icon='\ue805' data-av_iconfont='entypo-fontello' title='' data-avia-related-tooltip='Compartir por correo'><span class='avia_hidden_link_text'>Compartir por correo<\/span><\/a><\/li><\/ul><\/div><\/div>\n<div  style='height:50px' class='hr hr-invisible   avia-builder-el-8  el_after_av_social_share  el_before_av_comments_list '><span class='hr-inner ' ><span class='hr-inner-style'><\/span><\/span><\/div>\n<div  class='av-buildercomment  av-blog-meta-html-info-disabled av-blog-meta-tag-disabled  '><\/div>\n","protected":false},"excerpt":{"rendered":"","protected":false},"author":1,"featured_media":46910,"comment_status":"open","ping_status":"open","sticky":false,"template":"","format":"standard","meta":{"footnotes":""},"categories":[38],"tags":[],"class_list":["post-46909","post","type-post","status-publish","format-standard","has-post-thumbnail","hentry","category-regional"],"jetpack_featured_media_url":"https:\/\/radiorevelacionfm.cl\/wp-content\/uploads\/2024\/10\/foto-1-10-2_optimized.jpg","_links":{"self":[{"href":"https:\/\/radiorevelacionfm.cl\/index.php?rest_route=\/wp\/v2\/posts\/46909","targetHints":{"allow":["GET"]}}],"collection":[{"href":"https:\/\/radiorevelacionfm.cl\/index.php?rest_route=\/wp\/v2\/posts"}],"about":[{"href":"https:\/\/radiorevelacionfm.cl\/index.php?rest_route=\/wp\/v2\/types\/post"}],"author":[{"embeddable":true,"href":"https:\/\/radiorevelacionfm.cl\/index.php?rest_route=\/wp\/v2\/users\/1"}],"replies":[{"embeddable":true,"href":"https:\/\/radiorevelacionfm.cl\/index.php?rest_route=%2Fwp%2Fv2%2Fcomments&post=46909"}],"version-history":[{"count":1,"href":"https:\/\/radiorevelacionfm.cl\/index.php?rest_route=\/wp\/v2\/posts\/46909\/revisions"}],"predecessor-version":[{"id":46911,"href":"https:\/\/radiorevelacionfm.cl\/index.php?rest_route=\/wp\/v2\/posts\/46909\/revisions\/46911"}],"wp:featuredmedia":[{"embeddable":true,"href":"https:\/\/radiorevelacionfm.cl\/index.php?rest_route=\/wp\/v2\/media\/46910"}],"wp:attachment":[{"href":"https:\/\/radiorevelacionfm.cl\/index.php?rest_route=%2Fwp%2Fv2%2Fmedia&parent=46909"}],"wp:term":[{"taxonomy":"category","embeddable":true,"href":"https:\/\/radiorevelacionfm.cl\/index.php?rest_route=%2Fwp%2Fv2%2Fcategories&post=46909"},{"taxonomy":"post_tag","embeddable":true,"href":"https:\/\/radiorevelacionfm.cl\/index.php?rest_route=%2Fwp%2Fv2%2Ftags&post=46909"}],"curies":[{"name":"wp","href":"https:\/\/api.w.org\/{rel}","templated":true}]}}