{"id":46906,"date":"2024-10-09T09:13:39","date_gmt":"2024-10-09T12:13:39","guid":{"rendered":"https:\/\/radiorevelacionfm.cl\/?p=46906"},"modified":"2024-10-09T09:13:39","modified_gmt":"2024-10-09T12:13:39","slug":"empresa-regional-suryuis-participa-junto-a-otras-mipes-de-todo-el-pais-en-feria-internacional-food-service","status":"publish","type":"post","link":"https:\/\/radiorevelacionfm.cl\/?p=46906","title":{"rendered":"Empresa regional Suryuis participa junto a otras Mipes de todo el pa\u00eds en feria internacional Food Service"},"content":{"rendered":"<div class=\"flex_column av_one_full  flex_column_div av-zero-column-padding first  avia-builder-el-0  el_before_av_one_full  avia-builder-el-first  \" style='border-radius:0px; '><div  class='avia-image-container  av-styling-    avia-builder-el-1  avia-builder-el-no-sibling  avia-align-center '  itemprop=\"image\" itemscope=\"itemscope\" itemtype=\"https:\/\/schema.org\/ImageObject\"  ><div class='avia-image-container-inner'><div class='avia-image-overlay-wrap'><img decoding=\"async\" class='wp-image-46907 avia-img-lazy-loading-not-46907 avia_image' src=\"https:\/\/radiorevelacionfm.cl\/wp-content\/uploads\/2024\/10\/food-service-2-suryuis-aysen-2-2_optimized.jpg\" alt='' title='food-service-2--suryuis-aysen-2-2_optimized' height=\"600\" width=\"862\"  itemprop=\"thumbnailUrl\" srcset=\"https:\/\/radiorevelacionfm.cl\/wp-content\/uploads\/2024\/10\/food-service-2-suryuis-aysen-2-2_optimized.jpg 862w, https:\/\/radiorevelacionfm.cl\/wp-content\/uploads\/2024\/10\/food-service-2-suryuis-aysen-2-2_optimized-300x209.jpg 300w, https:\/\/radiorevelacionfm.cl\/wp-content\/uploads\/2024\/10\/food-service-2-suryuis-aysen-2-2_optimized-768x535.jpg 768w, https:\/\/radiorevelacionfm.cl\/wp-content\/uploads\/2024\/10\/food-service-2-suryuis-aysen-2-2_optimized-705x491.jpg 705w, https:\/\/radiorevelacionfm.cl\/wp-content\/uploads\/2024\/10\/food-service-2-suryuis-aysen-2-2_optimized-450x313.jpg 450w, https:\/\/radiorevelacionfm.cl\/wp-content\/uploads\/2024\/10\/food-service-2-suryuis-aysen-2-2_optimized-600x418.jpg 600w\" sizes=\"(max-width: 862px) 100vw, 862px\" \/><\/div><\/div><\/div><\/div><div class=\"flex_column av_one_full  flex_column_div av-zero-column-padding first  avia-builder-el-2  el_after_av_one_full  el_before_av_one_full  column-top-margin\" style='border-radius:0px; '><section class=\"av_textblock_section \"  itemscope=\"itemscope\" itemtype=\"https:\/\/schema.org\/BlogPosting\" itemprop=\"blogPost\" ><div class='avia_textblock  '   itemprop=\"text\" ><p style=\"text-align: center;\"><strong><span style=\"font-size: 18pt;\">Empresa regional Suryuis participa junto a otras Mipes de todo el pa\u00eds en feria internacional Food Service<\/span><\/strong><\/p>\n<div id=\"gtx-trans\" style=\"position: absolute; left: -50px; top: 4.31534px;\">\n<div class=\"gtx-trans-icon\"><\/div>\n<\/div>\n<\/div><\/section><\/div><div class=\"flex_column av_one_full  flex_column_div av-zero-column-padding first  avia-builder-el-4  el_after_av_one_full  el_before_av_hr  column-top-margin\" style='border-radius:0px; '><section class=\"av_textblock_section \"  itemscope=\"itemscope\" itemtype=\"https:\/\/schema.org\/BlogPosting\" itemprop=\"blogPost\" ><div class='avia_textblock  '   itemprop=\"text\" ><p style=\"text-align: justify;\"><em>Sercotec invit\u00f3 a un grupo de micro y peque\u00f1as empresas a exponer en la feria internacional de la industria alimentaria m\u00e1s importante del pa\u00eds, buscando fomentar la generaci\u00f3n de alianzas comerciales que impulsen su crecimiento.<\/em><\/p>\n<p style=\"text-align: justify;\">El pasado 01 de octubre en la ciudad de Santiago se dio Inicio a la Feria\u00a0 internacional de la industria alimentaria m\u00e1s importante del pa\u00eds Food and Services. Con apoyo de Sercotec, 16 micro y peque\u00f1as empresas (Mipes) y cooperativas de diversas regiones del pa\u00eds participaron del evento, exhibiendo sus innovadores productos a un p\u00fablico especializado, con miras a generar fruct\u00edferas alianzas comerciales que faciliten su integraci\u00f3n en cadenas de valor m\u00e1s amplias y competitivas.<\/p>\n<p style=\"text-align: justify;\">\u201cParticipar en espacios tan importantes como Food Service brinda una gran oportunidad para que las micro y peque\u00f1as empresas puedan ampliar sus redes de contacto y logren alianzas estrat\u00e9gicas, permiti\u00e9ndoles llegar a nuevos espacios de comercializaci\u00f3n y seguir escalando sus negocios a trav\u00e9s de fruct\u00edferos encadenamientos productivos. En nuestro pabell\u00f3n Sercotec contamos con 16 empresarios y empresarias de todo el pa\u00eds que tendr\u00e1n la posibilidad de dar a conocer sus atractivos e innovadores productos ante un p\u00fablico especializado. Sercotec crea y fortalece empresas, las escala, y ac\u00e1 tenemos lo mejor de lo nuestro. Tenemos empresas que han nacido bajo el alero de Sercotec, y otras que han ido creciendo a trav\u00e9s de nuestros diversos programas de fomento, pasando por ejemplo desde elaborar sus productos en su propia casa a tener un local o a contar con presencia en importantes g\u00f3ndolas\u201d, destac\u00f3 la gerenta general de Sercotec, Mar\u00eda Jos\u00e9 Becerra Moro.<\/p>\n<p style=\"text-align: justify;\">La empresa de la regi\u00f3n de Ays\u00e9n que participo en esta jornada fue la empresa SurYuis<strong>,\u00a0empresa<\/strong> familiar conformada por los hermanos Carolina y \u00c1ngel, quienes elaboran jugos, syrup y harinas a partir de frutos silvestres de la Patagonia, como el calafate, maqui y la Rosa mosqueta. Una de sus Due\u00f1as Carolina Jara, quien particip\u00f3 de esta jornada nos se\u00f1al\u00f3 \u201cPara nosotros fue una tremenda oportunidad, por la magnitud de la feria, donde nos visitaron cerca de 35 mil personas durante los d\u00edas de ejecuci\u00f3n de la feria. Como empresa es una excelente vitrina para nuestros Productos, pero adem\u00e1s es un honor poder dar poder representar a la regi\u00f3n de Ays\u00e9n. Estamos agradecidos de la Oportunidad que nos dio Sercotec\u201d.<\/p>\n<p style=\"text-align: justify;\">Asimismo la Directora regional de Ays\u00e9n Nelly Vargas Mansilla, resalt\u00f3 \u201c la importancia\u00a0 que tiene\u00a0 para\u00a0 nuestras\u00a0 empresas regionales\u00a0 participar de Ferias de nivel internacional, como lo es Food\u00a0 Service y \u00a0en esta ocasi\u00f3n donde participo la empresa Sur yuis , el poder apoyarlas\u00a0 a ser part\u00edcipes nos reconforta\u00a0 \u00a0,ya que les permite\u00a0 acercarse a nuevos mercados , intercambiar experiencias y desarrollar v\u00ednculos comerciales\u201d.<\/p>\n<p style=\"text-align: justify;\">Las empresas participantes fueron seleccionadas a trav\u00e9s de un proceso realizado por Sercotec a nivel pa\u00eds, que incluy\u00f3 una preselecci\u00f3n en todas las regiones entre las empresas que son asesoradas por la red de Centros de Desarrollo de Negocios Sercotec, las que luego fueron evaluadas por comit\u00e9s regionales y posteriormente por un jurado nacional.<\/p>\n<\/div><\/section><\/div><div  style='height:50px' class='hr hr-invisible   avia-builder-el-6  el_after_av_one_full  el_before_av_social_share '><span class='hr-inner ' ><span class='hr-inner-style'><\/span><\/span><\/div><\/p>\n<div  class='av-social-sharing-box  avia-builder-el-7  el_after_av_hr  el_before_av_hr  '><div class='av-share-box'><h5 class='av-share-link-description av-no-toc '>Compartir esta noticia<\/h5><ul class='av-share-box-list noLightbox'><li class='av-share-link av-social-link-facebook' ><a target=\"_blank\" aria-label=\"Compartir en Facebook\" href='https:\/\/www.facebook.com\/sharer.php?u=https:\/\/radiorevelacionfm.cl\/?p=46906&#038;t=Empresa%20regional%20Suryuis%20participa%20junto%20a%20otras%20Mipes%20de%20todo%20el%20pa%C3%ADs%20en%20feria%20internacional%20Food%20Service' aria-hidden='false' data-av_icon='\ue8f3' data-av_iconfont='entypo-fontello' title='' data-avia-related-tooltip='Compartir en Facebook' rel=\"noopener\"><span class='avia_hidden_link_text'>Compartir en Facebook<\/span><\/a><\/li><li class='av-share-link av-social-link-twitter' ><a target=\"_blank\" aria-label=\"Compartir en Twitter\" href='https:\/\/twitter.com\/share?text=Empresa%20regional%20Suryuis%20participa%20junto%20a%20otras%20Mipes%20de%20todo%20el%20pa%C3%ADs%20en%20feria%20internacional%20Food%20Service&#038;url=https:\/\/radiorevelacionfm.cl\/?p=46906' aria-hidden='false' data-av_icon='\ue8f1' data-av_iconfont='entypo-fontello' title='' data-avia-related-tooltip='Compartir en Twitter' rel=\"noopener\"><span class='avia_hidden_link_text'>Compartir en Twitter<\/span><\/a><\/li><li class='av-share-link av-social-link-whatsapp' ><a target=\"_blank\" aria-label=\"Compartir en Whatsapp\" href='https:\/\/api.whatsapp.com\/send?text=https:\/\/radiorevelacionfm.cl\/?p=46906' aria-hidden='false' data-av_icon='\uf232' data-av_iconfont='entypo-fontello' title='' data-avia-related-tooltip='Compartir en Whatsapp' rel=\"noopener\"><span class='avia_hidden_link_text'>Compartir en Whatsapp<\/span><\/a><\/li><li class='av-share-link av-social-link-linkedin' ><a target=\"_blank\" aria-label=\"Compartir en LinkedIn\" href='https:\/\/linkedin.com\/shareArticle?mini=true&#038;title=Empresa%20regional%20Suryuis%20participa%20junto%20a%20otras%20Mipes%20de%20todo%20el%20pa%C3%ADs%20en%20feria%20internacional%20Food%20Service&#038;url=https:\/\/radiorevelacionfm.cl\/?p=46906' aria-hidden='false' data-av_icon='\ue8fc' data-av_iconfont='entypo-fontello' title='' data-avia-related-tooltip='Compartir en LinkedIn' rel=\"noopener\"><span class='avia_hidden_link_text'>Compartir en LinkedIn<\/span><\/a><\/li><li class='av-share-link av-social-link-mail' ><a  aria-label=\"Compartir por correo\" href='mailto:?subject=Empresa%20regional%20Suryuis%20participa%20junto%20a%20otras%20Mipes%20de%20todo%20el%20pa%C3%ADs%20en%20feria%20internacional%20Food%20Service&#038;body=https:\/\/radiorevelacionfm.cl\/?p=46906' aria-hidden='false' data-av_icon='\ue805' data-av_iconfont='entypo-fontello' title='' data-avia-related-tooltip='Compartir por correo'><span class='avia_hidden_link_text'>Compartir por correo<\/span><\/a><\/li><\/ul><\/div><\/div>\n<div  style='height:50px' class='hr hr-invisible   avia-builder-el-8  el_after_av_social_share  el_before_av_comments_list '><span class='hr-inner ' ><span class='hr-inner-style'><\/span><\/span><\/div>\n<div  class='av-buildercomment  av-blog-meta-html-info-disabled av-blog-meta-tag-disabled  '><\/div>\n","protected":false},"excerpt":{"rendered":"","protected":false},"author":1,"featured_media":46907,"comment_status":"open","ping_status":"open","sticky":false,"template":"","format":"standard","meta":{"footnotes":""},"categories":[38],"tags":[],"class_list":["post-46906","post","type-post","status-publish","format-standard","has-post-thumbnail","hentry","category-regional"],"jetpack_featured_media_url":"https:\/\/radiorevelacionfm.cl\/wp-content\/uploads\/2024\/10\/food-service-2-suryuis-aysen-2-2_optimized.jpg","_links":{"self":[{"href":"https:\/\/radiorevelacionfm.cl\/index.php?rest_route=\/wp\/v2\/posts\/46906","targetHints":{"allow":["GET"]}}],"collection":[{"href":"https:\/\/radiorevelacionfm.cl\/index.php?rest_route=\/wp\/v2\/posts"}],"about":[{"href":"https:\/\/radiorevelacionfm.cl\/index.php?rest_route=\/wp\/v2\/types\/post"}],"author":[{"embeddable":true,"href":"https:\/\/radiorevelacionfm.cl\/index.php?rest_route=\/wp\/v2\/users\/1"}],"replies":[{"embeddable":true,"href":"https:\/\/radiorevelacionfm.cl\/index.php?rest_route=%2Fwp%2Fv2%2Fcomments&post=46906"}],"version-history":[{"count":1,"href":"https:\/\/radiorevelacionfm.cl\/index.php?rest_route=\/wp\/v2\/posts\/46906\/revisions"}],"predecessor-version":[{"id":46908,"href":"https:\/\/radiorevelacionfm.cl\/index.php?rest_route=\/wp\/v2\/posts\/46906\/revisions\/46908"}],"wp:featuredmedia":[{"embeddable":true,"href":"https:\/\/radiorevelacionfm.cl\/index.php?rest_route=\/wp\/v2\/media\/46907"}],"wp:attachment":[{"href":"https:\/\/radiorevelacionfm.cl\/index.php?rest_route=%2Fwp%2Fv2%2Fmedia&parent=46906"}],"wp:term":[{"taxonomy":"category","embeddable":true,"href":"https:\/\/radiorevelacionfm.cl\/index.php?rest_route=%2Fwp%2Fv2%2Fcategories&post=46906"},{"taxonomy":"post_tag","embeddable":true,"href":"https:\/\/radiorevelacionfm.cl\/index.php?rest_route=%2Fwp%2Fv2%2Ftags&post=46906"}],"curies":[{"name":"wp","href":"https:\/\/api.w.org\/{rel}","templated":true}]}}