{"id":46903,"date":"2024-10-09T17:24:48","date_gmt":"2024-10-09T20:24:48","guid":{"rendered":"https:\/\/radiorevelacionfm.cl\/?p=46903"},"modified":"2024-10-09T17:29:01","modified_gmt":"2024-10-09T20:29:01","slug":"aysen-sma-inicia-procedimiento-para-determinar-si-el-proyecto-loteo-reserva-escondida-debe-someterse-a-evaluacion-ambiental","status":"publish","type":"post","link":"https:\/\/radiorevelacionfm.cl\/?p=46903","title":{"rendered":"SMA inicia procedimiento para determinar si el proyecto Loteo Reserva Escondida debe someterse a evaluaci\u00f3n ambiental"},"content":{"rendered":"<div class=\"flex_column av_one_full  flex_column_div av-zero-column-padding first  avia-builder-el-0  el_before_av_one_full  avia-builder-el-first  \" style='border-radius:0px; '><div  class='avia-image-container  av-styling-    avia-builder-el-1  avia-builder-el-no-sibling  avia-align-center '  itemprop=\"image\" itemscope=\"itemscope\" itemtype=\"https:\/\/schema.org\/ImageObject\"  ><div class='avia-image-container-inner'><div class='avia-image-overlay-wrap'><img decoding=\"async\" class='wp-image-46904 avia-img-lazy-loading-not-46904 avia_image' src=\"https:\/\/radiorevelacionfm.cl\/wp-content\/uploads\/2024\/10\/a-2-2_optimized-2.jpeg\" alt='' title='a-2-2_optimized-2' height=\"600\" width=\"877\"  itemprop=\"thumbnailUrl\" srcset=\"https:\/\/radiorevelacionfm.cl\/wp-content\/uploads\/2024\/10\/a-2-2_optimized-2.jpeg 877w, https:\/\/radiorevelacionfm.cl\/wp-content\/uploads\/2024\/10\/a-2-2_optimized-2-300x205.jpeg 300w, https:\/\/radiorevelacionfm.cl\/wp-content\/uploads\/2024\/10\/a-2-2_optimized-2-768x525.jpeg 768w, https:\/\/radiorevelacionfm.cl\/wp-content\/uploads\/2024\/10\/a-2-2_optimized-2-705x482.jpeg 705w, https:\/\/radiorevelacionfm.cl\/wp-content\/uploads\/2024\/10\/a-2-2_optimized-2-450x308.jpeg 450w, https:\/\/radiorevelacionfm.cl\/wp-content\/uploads\/2024\/10\/a-2-2_optimized-2-600x410.jpeg 600w\" sizes=\"(max-width: 877px) 100vw, 877px\" \/><\/div><\/div><\/div><\/div>\n<div class=\"flex_column av_one_full  flex_column_div av-zero-column-padding first  avia-builder-el-2  el_after_av_one_full  el_before_av_one_full  column-top-margin\" style='border-radius:0px; '><section class=\"av_textblock_section \"  itemscope=\"itemscope\" itemtype=\"https:\/\/schema.org\/BlogPosting\" itemprop=\"blogPost\" ><div class='avia_textblock  '   itemprop=\"text\" ><p style=\"text-align: center;\"><strong><span style=\"font-size: 18pt;\">SMA inicia procedimiento para determinar si el proyecto Loteo Reserva Escondida debe someterse a evaluaci\u00f3n ambiental<\/span><\/strong><\/p>\n<div id=\"gtx-trans\" style=\"position: absolute; left: -50px; top: 4.31534px;\">\n<div class=\"gtx-trans-icon\"><\/div>\n<\/div>\n<\/div><\/section><\/div><div class=\"flex_column av_one_full  flex_column_div av-zero-column-padding first  avia-builder-el-4  el_after_av_one_full  el_before_av_hr  column-top-margin\" style='border-radius:0px; '><section class=\"av_textblock_section \"  itemscope=\"itemscope\" itemtype=\"https:\/\/schema.org\/BlogPosting\" itemprop=\"blogPost\" ><div class='avia_textblock  '   itemprop=\"text\" ><p style=\"text-align: justify;\"><em>Se trata de un proyecto de esparcimiento, ubicado en la ribera este de la Laguna Escondida, a 10 kil\u00f3metros de la comuna de Puerto Cisnes, y contempla futuras obras de edificaci\u00f3n. <\/em><\/p>\n<p style=\"text-align: justify;\">La Superintendencia del Medio Ambiente (SMA) inici\u00f3 el procedimiento administrativo de requerimiento de ingreso al Sistema de Evaluaci\u00f3n de Impacto Ambiental (SEIA) en contra del titular Sociedad Laguna Escondida Spa, por la ejecuci\u00f3n de su proyecto \u201cLoteo Reserva Escondida\u201d, sin contar con una Resoluci\u00f3n de Calificaci\u00f3n Ambiental (RCA) que lo autorice. Esto tiene como objetivo recabar todos los antecedentes que permitan determinar si corresponde o no exigir el ingreso del proyecto al sistema de evaluaci\u00f3n.<\/p>\n<p style=\"text-align: justify;\">El proyecto contempla una superficie de 2,4 hect\u00e1reas para esparcimiento, la construcci\u00f3n de futuras obras de edificaci\u00f3n, y se encuentra ubicado en la ribera este de la Laguna Escondida, a 10 kil\u00f3metros de la comuna de Puerto Cisnes en la Regi\u00f3n de Ays\u00e9n del General Carlos Ib\u00e1\u00f1ez del Campo.<\/p>\n<p style=\"text-align: justify;\">Hay que indicar que la investigaci\u00f3n respecto de este proyecto fue iniciada de oficio por la SMA, para lo cual se realizaron distintas actividades de fiscalizaci\u00f3n como requerimientos de informaci\u00f3n al titular y al Servicio Nacional de Turismo. Con los antecedentes levantados se constat\u00f3 que existe una Zona de Uso Intensivo que permite la construcci\u00f3n de viviendas, que el acceso al proyecto implica la instalaci\u00f3n de cinco embarcaderos y la implementaci\u00f3n de una v\u00eda de tr\u00e1nsito, entre otros aspectos.<\/p>\n<p style=\"text-align: justify;\">Adem\u00e1s, se pudo determinar que se trata un proyecto que se emplaza al interior de la Zona de Inter\u00e9s Tur\u00edstico (ZOIT) \u201cAys\u00e9n Patagonia Queulat\u201d, por lo que ser\u00eda susceptible de afectar su objeto de protecci\u00f3n.<\/p>\n<p style=\"text-align: justify;\">De esta forma, tras el an\u00e1lisis de la informaci\u00f3n recabada, la Superintendencia concluy\u00f3 que existen indicios para iniciar un procedimiento de requerimiento de ingreso al SEIA. Esto ya que, de acuerdo al art\u00edculo 10 de la Ley 19.300 de Bases Generales del Medio Ambiente &#8211; desarrollado en el art\u00edculo 3 del Reglamento del SEIA &#8211; deber\u00e1n someterse a evaluaci\u00f3n ambiental los proyectos de desarrollo urbano o tur\u00edstico, emplazados en una zona no evaluada de forma ambientalmente estrat\u00e9gica y que consistan en \u201cProyectos de equipamiento que correspondan a predios y\/o edificios destinados en forma permanente a salud, educaci\u00f3n, seguridad, culto, deporte, esparcimiento, cultura, comercio, servicios, fines cient\u00edficos o sociales y que contemplen al menos una de las siguientes caracter\u00edsticas:\u00a0 (\u2026) b)\u00a0 superficie predial igual o mayor a veinte mil metros cuadrados (20.000 m\u00b2)\u201d.<\/p>\n<p style=\"text-align: justify;\">Es importante aclarar que este acto no constituye por s\u00ed mismo un requerimiento de ingreso al SEIA, sino que da inicio formal a un procedimiento administrativo, el cual tiene como objetivo recabar antecedentes que permitan a la SMA determinar si corresponde o no exigir el ingreso.<\/p>\n<p style=\"text-align: justify;\">La Superintendenta <strong>Marie Claude Plumer<\/strong> se\u00f1al\u00f3 que <em>\u201ceste procedimiento administrativo tiene un objetivo correctivo respecto de un proyecto que es susceptible de causar alg\u00fan impacto ambiental y que se encuentra, adem\u00e1s, en una Zona de Inter\u00e9s Tur\u00edstico que requiere medidas de conservaci\u00f3n especiales. En caso de que se confirme una posible elusi\u00f3n, el titular deber\u00e1, de forma obligada, someterse a una evaluaci\u00f3n ambiental\u201d. Adem\u00e1s, agreg\u00f3 que \u201cla ley es clara respecto de las condiciones de operaci\u00f3n de este y cualquier otro proyecto\u201d.<\/em><\/p>\n<p style=\"text-align: justify;\">El titular tendr\u00e1 un plazo de 15 d\u00edas h\u00e1biles, a contar de la notificaci\u00f3n, para enviar sus observaciones, alegaciones o las pruebas que estime pertinente frente a la hip\u00f3tesis de elusi\u00f3n levantada por la SMA.<\/p>\n<p style=\"text-align: justify;\">Revisa m\u00e1s informaci\u00f3n en el Sistema Nacional de Informaci\u00f3n de Fiscalizaci\u00f3n Ambiental (SNIFA): <a href=\"https:\/\/snifa.sma.gob.cl\/RequerimientoIngreso\/Ficha\/216\">https:\/\/snifa.sma.gob.cl\/RequerimientoIngreso\/Ficha\/216<\/a><\/p>\n<\/div><\/section><\/div><\/p>\n<div  style='height:50px' class='hr hr-invisible   avia-builder-el-6  el_after_av_one_full  el_before_av_social_share '><span class='hr-inner ' ><span class='hr-inner-style'><\/span><\/span><\/div>\n<div  class='av-social-sharing-box  avia-builder-el-7  el_after_av_hr  el_before_av_hr  '><div class='av-share-box'><h5 class='av-share-link-description av-no-toc '>Compartir esta noticia<\/h5><ul class='av-share-box-list noLightbox'><li class='av-share-link av-social-link-facebook' ><a target=\"_blank\" aria-label=\"Compartir en Facebook\" href='https:\/\/www.facebook.com\/sharer.php?u=https:\/\/radiorevelacionfm.cl\/?p=46903&#038;t=SMA%20inicia%20procedimiento%20para%20determinar%20si%20el%20proyecto%20Loteo%20Reserva%20Escondida%20debe%20someterse%20a%20evaluaci%C3%B3n%20ambiental' aria-hidden='false' data-av_icon='\ue8f3' data-av_iconfont='entypo-fontello' title='' data-avia-related-tooltip='Compartir en Facebook' rel=\"noopener\"><span class='avia_hidden_link_text'>Compartir en Facebook<\/span><\/a><\/li><li class='av-share-link av-social-link-twitter' ><a target=\"_blank\" aria-label=\"Compartir en Twitter\" href='https:\/\/twitter.com\/share?text=SMA%20inicia%20procedimiento%20para%20determinar%20si%20el%20proyecto%20Loteo%20Reserva%20Escondida%20debe%20someterse%20a%20evaluaci%C3%B3n%20ambiental&#038;url=https:\/\/radiorevelacionfm.cl\/?p=46903' aria-hidden='false' data-av_icon='\ue8f1' data-av_iconfont='entypo-fontello' title='' data-avia-related-tooltip='Compartir en Twitter' rel=\"noopener\"><span class='avia_hidden_link_text'>Compartir en Twitter<\/span><\/a><\/li><li class='av-share-link av-social-link-whatsapp' ><a target=\"_blank\" aria-label=\"Compartir en Whatsapp\" href='https:\/\/api.whatsapp.com\/send?text=https:\/\/radiorevelacionfm.cl\/?p=46903' aria-hidden='false' data-av_icon='\uf232' data-av_iconfont='entypo-fontello' title='' data-avia-related-tooltip='Compartir en Whatsapp' rel=\"noopener\"><span class='avia_hidden_link_text'>Compartir en Whatsapp<\/span><\/a><\/li><li class='av-share-link av-social-link-linkedin' ><a target=\"_blank\" aria-label=\"Compartir en LinkedIn\" href='https:\/\/linkedin.com\/shareArticle?mini=true&#038;title=SMA%20inicia%20procedimiento%20para%20determinar%20si%20el%20proyecto%20Loteo%20Reserva%20Escondida%20debe%20someterse%20a%20evaluaci%C3%B3n%20ambiental&#038;url=https:\/\/radiorevelacionfm.cl\/?p=46903' aria-hidden='false' data-av_icon='\ue8fc' data-av_iconfont='entypo-fontello' title='' data-avia-related-tooltip='Compartir en LinkedIn' rel=\"noopener\"><span class='avia_hidden_link_text'>Compartir en LinkedIn<\/span><\/a><\/li><li class='av-share-link av-social-link-mail' ><a  aria-label=\"Compartir por correo\" href='mailto:?subject=SMA%20inicia%20procedimiento%20para%20determinar%20si%20el%20proyecto%20Loteo%20Reserva%20Escondida%20debe%20someterse%20a%20evaluaci%C3%B3n%20ambiental&#038;body=https:\/\/radiorevelacionfm.cl\/?p=46903' aria-hidden='false' data-av_icon='\ue805' data-av_iconfont='entypo-fontello' title='' data-avia-related-tooltip='Compartir por correo'><span class='avia_hidden_link_text'>Compartir por correo<\/span><\/a><\/li><\/ul><\/div><\/div>\n<div  style='height:50px' class='hr hr-invisible   avia-builder-el-8  el_after_av_social_share  el_before_av_comments_list '><span class='hr-inner ' ><span class='hr-inner-style'><\/span><\/span><\/div>\n<div  class='av-buildercomment  av-blog-meta-html-info-disabled av-blog-meta-tag-disabled  '><\/div>\n","protected":false},"excerpt":{"rendered":"","protected":false},"author":1,"featured_media":46904,"comment_status":"open","ping_status":"open","sticky":false,"template":"","format":"standard","meta":{"footnotes":""},"categories":[39],"tags":[],"class_list":["post-46903","post","type-post","status-publish","format-standard","has-post-thumbnail","hentry","category-medio-ambiente"],"jetpack_featured_media_url":"https:\/\/radiorevelacionfm.cl\/wp-content\/uploads\/2024\/10\/a-2-2_optimized-2.jpeg","_links":{"self":[{"href":"https:\/\/radiorevelacionfm.cl\/index.php?rest_route=\/wp\/v2\/posts\/46903","targetHints":{"allow":["GET"]}}],"collection":[{"href":"https:\/\/radiorevelacionfm.cl\/index.php?rest_route=\/wp\/v2\/posts"}],"about":[{"href":"https:\/\/radiorevelacionfm.cl\/index.php?rest_route=\/wp\/v2\/types\/post"}],"author":[{"embeddable":true,"href":"https:\/\/radiorevelacionfm.cl\/index.php?rest_route=\/wp\/v2\/users\/1"}],"replies":[{"embeddable":true,"href":"https:\/\/radiorevelacionfm.cl\/index.php?rest_route=%2Fwp%2Fv2%2Fcomments&post=46903"}],"version-history":[{"count":3,"href":"https:\/\/radiorevelacionfm.cl\/index.php?rest_route=\/wp\/v2\/posts\/46903\/revisions"}],"predecessor-version":[{"id":46942,"href":"https:\/\/radiorevelacionfm.cl\/index.php?rest_route=\/wp\/v2\/posts\/46903\/revisions\/46942"}],"wp:featuredmedia":[{"embeddable":true,"href":"https:\/\/radiorevelacionfm.cl\/index.php?rest_route=\/wp\/v2\/media\/46904"}],"wp:attachment":[{"href":"https:\/\/radiorevelacionfm.cl\/index.php?rest_route=%2Fwp%2Fv2%2Fmedia&parent=46903"}],"wp:term":[{"taxonomy":"category","embeddable":true,"href":"https:\/\/radiorevelacionfm.cl\/index.php?rest_route=%2Fwp%2Fv2%2Fcategories&post=46903"},{"taxonomy":"post_tag","embeddable":true,"href":"https:\/\/radiorevelacionfm.cl\/index.php?rest_route=%2Fwp%2Fv2%2Ftags&post=46903"}],"curies":[{"name":"wp","href":"https:\/\/api.w.org\/{rel}","templated":true}]}}