{"id":46900,"date":"2024-10-09T09:46:59","date_gmt":"2024-10-09T12:46:59","guid":{"rendered":"https:\/\/radiorevelacionfm.cl\/?p=46900"},"modified":"2024-10-09T09:46:59","modified_gmt":"2024-10-09T12:46:59","slug":"anuncian-incorporacion-de-orquesta-de-camara-universitaria-de-aysen-en-proyecto-de-ley-de-presupuesto-2025","status":"publish","type":"post","link":"https:\/\/radiorevelacionfm.cl\/?p=46900","title":{"rendered":"Anuncian incorporaci\u00f3n de Orquesta de C\u00e1mara Universitaria de Ays\u00e9n en proyecto de Ley de Presupuesto 2025"},"content":{"rendered":"<div class=\"flex_column av_one_full  flex_column_div av-zero-column-padding first  avia-builder-el-0  el_before_av_one_full  avia-builder-el-first  \" style='border-radius:0px; '><div  class='avia-image-container  av-styling-    avia-builder-el-1  avia-builder-el-no-sibling  avia-align-center '  itemprop=\"image\" itemscope=\"itemscope\" itemtype=\"https:\/\/schema.org\/ImageObject\"  ><div class='avia-image-container-inner'><div class='avia-image-overlay-wrap'><img decoding=\"async\" class='wp-image-46901 avia-img-lazy-loading-not-46901 avia_image' src=\"https:\/\/radiorevelacionfm.cl\/wp-content\/uploads\/2024\/10\/dsc02402-2_optimized.jpeg\" alt='' title='dsc02402-2_optimized' height=\"600\" width=\"898\"  itemprop=\"thumbnailUrl\" srcset=\"https:\/\/radiorevelacionfm.cl\/wp-content\/uploads\/2024\/10\/dsc02402-2_optimized.jpeg 898w, https:\/\/radiorevelacionfm.cl\/wp-content\/uploads\/2024\/10\/dsc02402-2_optimized-300x200.jpeg 300w, https:\/\/radiorevelacionfm.cl\/wp-content\/uploads\/2024\/10\/dsc02402-2_optimized-768x513.jpeg 768w, https:\/\/radiorevelacionfm.cl\/wp-content\/uploads\/2024\/10\/dsc02402-2_optimized-705x471.jpeg 705w, https:\/\/radiorevelacionfm.cl\/wp-content\/uploads\/2024\/10\/dsc02402-2_optimized-450x301.jpeg 450w, https:\/\/radiorevelacionfm.cl\/wp-content\/uploads\/2024\/10\/dsc02402-2_optimized-600x401.jpeg 600w\" sizes=\"(max-width: 898px) 100vw, 898px\" \/><\/div><\/div><\/div><\/div><div class=\"flex_column av_one_full  flex_column_div av-zero-column-padding first  avia-builder-el-2  el_after_av_one_full  el_before_av_one_full  column-top-margin\" style='border-radius:0px; '><section class=\"av_textblock_section \"  itemscope=\"itemscope\" itemtype=\"https:\/\/schema.org\/BlogPosting\" itemprop=\"blogPost\" ><div class='avia_textblock  '   itemprop=\"text\" ><p style=\"text-align: center;\"><span style=\"font-size: 18pt;\"><strong>Anuncian incorporaci\u00f3n de Orquesta de C\u00e1mara Universitaria de Ays\u00e9n en proyecto de Ley de Presupuesto 2025<\/strong><\/span><\/p>\n<div id=\"gtx-trans\" style=\"position: absolute; left: -50px; top: 4.31534px;\">\n<div class=\"gtx-trans-icon\"><\/div>\n<\/div>\n<\/div><\/section><\/div><div class=\"flex_column av_one_full  flex_column_div av-zero-column-padding first  avia-builder-el-4  el_after_av_one_full  el_before_av_hr  column-top-margin\" style='border-radius:0px; '><section class=\"av_textblock_section \"  itemscope=\"itemscope\" itemtype=\"https:\/\/schema.org\/BlogPosting\" itemprop=\"blogPost\" ><div class='avia_textblock  '   itemprop=\"text\" ><div>\n<p class=\"Predeterminado\" style=\"text-align: justify;\"><span class=\"Ninguno\"><span lang=\"ES-TRAD\">El seremi de las Culturas, las Artes y el Patrimonio de la Regi\u00f3n de Ays\u00e9n, Felipe Quiroz V\u00e1zquez; el administrador provisional de la Universidad de Ays\u00e9n, Juan Pablo Prieto Cox, y la m\u00fasica y formadora Magdalena Rosas, anunciaron la incorporaci\u00f3n de la Orquesta de C\u00e1mara universitaria en el proyecto de Ley de Presupuesto 2025.<\/span><\/span><\/p>\n<\/div>\n<div style=\"text-align: justify;\">\n<p class=\"Predeterminado\">Tras el acuerdo parlamentario promovido en 2023 por la senadora Ximena \u00d3rdenes, el cual cont\u00f3 con la unanimidad del Senado, el Ministerio de las Culturas, las Artes y el Patrimonio a\u00f1adi\u00f3 el proyecto v\u00eda glosa presupuestaria, lo que permitir\u00eda que Ays\u00e9n cuente con una orquesta p\u00fablica y con financiamiento permanente.<\/p>\n<\/div>\n<div style=\"text-align: justify;\">\n<p class=\"Predeterminado\">El seremi de Culturas Ays\u00e9n, Felipe Quiroz V\u00e1zquez, destac\u00f3 que \u201ces una muy buena noticia, es la primera vez despu\u00e9s de 10 a\u00f1os que ingresa una orquesta v\u00eda financiamiento basal en la partida presupuestaria del Ministerio de las Culturas y qu\u00e9 mejor que hacerlo desde aqu\u00ed, de la universidad p\u00fablica, en colaboraci\u00f3n con ella y en un lugar extremo como nuestra regi\u00f3n. Adem\u00e1s, es una l\u00ednea que queremos robustecer y potenciar como Gobierno, porque sabemos que la cultura construye y est\u00e1 en el centro de las sociedades\u201d.<\/p>\n<\/div>\n<div style=\"text-align: justify;\">\n<p class=\"Predeterminado\">El administrador provisional de la Universidad de Ays\u00e9n, Juan Pablo Prieto Cox, dijo que \u201cestamos muy felices con la noticia de que en la glosa presupuestaria del Ministerio de las Culturas, las Artes y el Patrimonio est\u00e1 incluida la creaci\u00f3n y el financiamiento de la Orquesta de C\u00e1mara de la Universidad de Ays\u00e9n. Uno podr\u00eda decir que es la Orquesta de C\u00e1mara de la Regi\u00f3n de Ays\u00e9n que aloja la universidad para su fortalecimiento y desarrollo. Este ha sido un trabajo enorme de un conjunto de personas y hace bien reconocer a los impulsores de la iniciativa, como la senadora Ximena \u00d3rdenes que logr\u00f3 el acuerdo del Senado y a Magdalena Rosas, una gestora cultural de larga data en esta regi\u00f3n, que ha impulsado esta idea por muchos a\u00f1os y que hoy se concreta al menos en esta glosa. Esperamos el apoyo del congreso para que estos recursos los apruebe a partir del pr\u00f3ximo a\u00f1o en la Universidad de Ays\u00e9n\u201d.<\/p>\n<\/div>\n<div style=\"text-align: justify;\">\n<p class=\"Predeterminado\">Para la senadora Ximena \u00d3rdenes, \u201cesto va a ser posible a partir de este debate presupuestario. Quiero valorar eso, el apoyo del Ministerio de las Culturas, las Artes y el Patrimonio que ha planteado en su dise\u00f1o presupuestario este recurso permanente\u201d.<\/p>\n<\/div>\n<div style=\"text-align: justify;\">\n<p class=\"Predeterminado\">La m\u00fasica, Magdalena Rosas, creadora de la Escuela de M\u00fasica de Coyhaique, est\u00e1 feliz porque reconocen este proyecto un puntal no s\u00f3lo para las artes musicales, sino como un aporte fundamental para la formaci\u00f3n de artistas: \u201cComo hay un acuerdo en el Senado es seguro que lo van a aprobar porque es una necesidad de Ays\u00e9n. Estamos tan lejos de la posibilidad de tener una orquesta, es tan remoto. Y los ni\u00f1os, los estudiantes de m\u00fasica lo necesitan, necesitan ver orquestas profesionales. Cuando uno ha sido educado en eso, escuchando conciertos una vez a la semana semana, una vez al mes, cuando uno ya tiene desarrollado un o\u00eddo porque empez\u00f3 de ni\u00f1o sabe que eso es una necesidad para un ni\u00f1o que quiere estudiar un instrumento\u201d.<\/p>\n<\/div>\n<div style=\"text-align: justify;\">\n<p class=\"Predeterminado\"><span class=\"Ninguno\"><span lang=\"ES-TRAD\">\u00a0<\/span><\/span><\/p>\n<\/div>\n<div>\n<p class=\"Predeterminado\" style=\"text-align: justify;\">\n<\/div>\n<\/div><\/section><\/div><div  style='height:50px' class='hr hr-invisible   avia-builder-el-6  el_after_av_one_full  el_before_av_social_share '><span class='hr-inner ' ><span class='hr-inner-style'><\/span><\/span><\/div><\/p>\n<div  class='av-social-sharing-box  avia-builder-el-7  el_after_av_hr  el_before_av_hr  '><div class='av-share-box'><h5 class='av-share-link-description av-no-toc '>Compartir esta noticia<\/h5><ul class='av-share-box-list noLightbox'><li class='av-share-link av-social-link-facebook' ><a target=\"_blank\" aria-label=\"Compartir en Facebook\" href='https:\/\/www.facebook.com\/sharer.php?u=https:\/\/radiorevelacionfm.cl\/?p=46900&#038;t=Anuncian%20incorporaci%C3%B3n%20de%20Orquesta%20de%20C%C3%A1mara%20Universitaria%20de%20Ays%C3%A9n%20en%20proyecto%20de%20Ley%20de%20Presupuesto%202025' aria-hidden='false' data-av_icon='\ue8f3' data-av_iconfont='entypo-fontello' title='' data-avia-related-tooltip='Compartir en Facebook' rel=\"noopener\"><span class='avia_hidden_link_text'>Compartir en Facebook<\/span><\/a><\/li><li class='av-share-link av-social-link-twitter' ><a target=\"_blank\" aria-label=\"Compartir en Twitter\" href='https:\/\/twitter.com\/share?text=Anuncian%20incorporaci%C3%B3n%20de%20Orquesta%20de%20C%C3%A1mara%20Universitaria%20de%20Ays%C3%A9n%20en%20proyecto%20de%20Ley%20de%20Presupuesto%202025&#038;url=https:\/\/radiorevelacionfm.cl\/?p=46900' aria-hidden='false' data-av_icon='\ue8f1' data-av_iconfont='entypo-fontello' title='' data-avia-related-tooltip='Compartir en Twitter' rel=\"noopener\"><span class='avia_hidden_link_text'>Compartir en Twitter<\/span><\/a><\/li><li class='av-share-link av-social-link-whatsapp' ><a target=\"_blank\" aria-label=\"Compartir en Whatsapp\" href='https:\/\/api.whatsapp.com\/send?text=https:\/\/radiorevelacionfm.cl\/?p=46900' aria-hidden='false' data-av_icon='\uf232' data-av_iconfont='entypo-fontello' title='' data-avia-related-tooltip='Compartir en Whatsapp' rel=\"noopener\"><span class='avia_hidden_link_text'>Compartir en Whatsapp<\/span><\/a><\/li><li class='av-share-link av-social-link-linkedin' ><a target=\"_blank\" aria-label=\"Compartir en LinkedIn\" href='https:\/\/linkedin.com\/shareArticle?mini=true&#038;title=Anuncian%20incorporaci%C3%B3n%20de%20Orquesta%20de%20C%C3%A1mara%20Universitaria%20de%20Ays%C3%A9n%20en%20proyecto%20de%20Ley%20de%20Presupuesto%202025&#038;url=https:\/\/radiorevelacionfm.cl\/?p=46900' aria-hidden='false' data-av_icon='\ue8fc' data-av_iconfont='entypo-fontello' title='' data-avia-related-tooltip='Compartir en LinkedIn' rel=\"noopener\"><span class='avia_hidden_link_text'>Compartir en LinkedIn<\/span><\/a><\/li><li class='av-share-link av-social-link-mail' ><a  aria-label=\"Compartir por correo\" href='mailto:?subject=Anuncian%20incorporaci%C3%B3n%20de%20Orquesta%20de%20C%C3%A1mara%20Universitaria%20de%20Ays%C3%A9n%20en%20proyecto%20de%20Ley%20de%20Presupuesto%202025&#038;body=https:\/\/radiorevelacionfm.cl\/?p=46900' aria-hidden='false' data-av_icon='\ue805' data-av_iconfont='entypo-fontello' title='' data-avia-related-tooltip='Compartir por correo'><span class='avia_hidden_link_text'>Compartir por correo<\/span><\/a><\/li><\/ul><\/div><\/div>\n<div  style='height:50px' class='hr hr-invisible   avia-builder-el-8  el_after_av_social_share  el_before_av_comments_list '><span class='hr-inner ' ><span class='hr-inner-style'><\/span><\/span><\/div>\n<div  class='av-buildercomment  av-blog-meta-html-info-disabled av-blog-meta-tag-disabled  '><\/div>\n","protected":false},"excerpt":{"rendered":"","protected":false},"author":1,"featured_media":46901,"comment_status":"open","ping_status":"open","sticky":false,"template":"","format":"standard","meta":{"footnotes":""},"categories":[52],"tags":[],"class_list":["post-46900","post","type-post","status-publish","format-standard","has-post-thumbnail","hentry","category-cultura"],"jetpack_featured_media_url":"https:\/\/radiorevelacionfm.cl\/wp-content\/uploads\/2024\/10\/dsc02402-2_optimized.jpeg","_links":{"self":[{"href":"https:\/\/radiorevelacionfm.cl\/index.php?rest_route=\/wp\/v2\/posts\/46900","targetHints":{"allow":["GET"]}}],"collection":[{"href":"https:\/\/radiorevelacionfm.cl\/index.php?rest_route=\/wp\/v2\/posts"}],"about":[{"href":"https:\/\/radiorevelacionfm.cl\/index.php?rest_route=\/wp\/v2\/types\/post"}],"author":[{"embeddable":true,"href":"https:\/\/radiorevelacionfm.cl\/index.php?rest_route=\/wp\/v2\/users\/1"}],"replies":[{"embeddable":true,"href":"https:\/\/radiorevelacionfm.cl\/index.php?rest_route=%2Fwp%2Fv2%2Fcomments&post=46900"}],"version-history":[{"count":1,"href":"https:\/\/radiorevelacionfm.cl\/index.php?rest_route=\/wp\/v2\/posts\/46900\/revisions"}],"predecessor-version":[{"id":46902,"href":"https:\/\/radiorevelacionfm.cl\/index.php?rest_route=\/wp\/v2\/posts\/46900\/revisions\/46902"}],"wp:featuredmedia":[{"embeddable":true,"href":"https:\/\/radiorevelacionfm.cl\/index.php?rest_route=\/wp\/v2\/media\/46901"}],"wp:attachment":[{"href":"https:\/\/radiorevelacionfm.cl\/index.php?rest_route=%2Fwp%2Fv2%2Fmedia&parent=46900"}],"wp:term":[{"taxonomy":"category","embeddable":true,"href":"https:\/\/radiorevelacionfm.cl\/index.php?rest_route=%2Fwp%2Fv2%2Fcategories&post=46900"},{"taxonomy":"post_tag","embeddable":true,"href":"https:\/\/radiorevelacionfm.cl\/index.php?rest_route=%2Fwp%2Fv2%2Ftags&post=46900"}],"curies":[{"name":"wp","href":"https:\/\/api.w.org\/{rel}","templated":true}]}}