{"id":46897,"date":"2024-10-08T21:00:11","date_gmt":"2024-10-09T00:00:11","guid":{"rendered":"https:\/\/radiorevelacionfm.cl\/?p=46897"},"modified":"2024-10-08T21:00:11","modified_gmt":"2024-10-09T00:00:11","slug":"invitan-a-primer-interescolar-ambiental-en-la-comuna-de-coyhaique","status":"publish","type":"post","link":"https:\/\/radiorevelacionfm.cl\/?p=46897","title":{"rendered":"Invitan a primer Interescolar Ambiental en la comuna de Coyhaique"},"content":{"rendered":"<div class=\"flex_column av_one_full  flex_column_div av-zero-column-padding first  avia-builder-el-0  el_before_av_one_full  avia-builder-el-first  \" style='border-radius:0px; '><div  class='avia-image-container  av-styling-    avia-builder-el-1  avia-builder-el-no-sibling  avia-align-center '  itemprop=\"image\" itemscope=\"itemscope\" itemtype=\"https:\/\/schema.org\/ImageObject\"  ><div class='avia-image-container-inner'><div class='avia-image-overlay-wrap'><img decoding=\"async\" class='wp-image-46898 avia-img-lazy-loading-not-46898 avia_image' src=\"https:\/\/radiorevelacionfm.cl\/wp-content\/uploads\/2024\/10\/educacion-ambiental-1-2_optimized.jpg\" alt='' title='educacion-ambiental-1-2_optimized' height=\"600\" width=\"800\"  itemprop=\"thumbnailUrl\" srcset=\"https:\/\/radiorevelacionfm.cl\/wp-content\/uploads\/2024\/10\/educacion-ambiental-1-2_optimized.jpg 800w, https:\/\/radiorevelacionfm.cl\/wp-content\/uploads\/2024\/10\/educacion-ambiental-1-2_optimized-300x225.jpg 300w, https:\/\/radiorevelacionfm.cl\/wp-content\/uploads\/2024\/10\/educacion-ambiental-1-2_optimized-768x576.jpg 768w, https:\/\/radiorevelacionfm.cl\/wp-content\/uploads\/2024\/10\/educacion-ambiental-1-2_optimized-705x529.jpg 705w, https:\/\/radiorevelacionfm.cl\/wp-content\/uploads\/2024\/10\/educacion-ambiental-1-2_optimized-450x338.jpg 450w, https:\/\/radiorevelacionfm.cl\/wp-content\/uploads\/2024\/10\/educacion-ambiental-1-2_optimized-600x450.jpg 600w\" sizes=\"(max-width: 800px) 100vw, 800px\" \/><\/div><\/div><\/div><\/div><div class=\"flex_column av_one_full  flex_column_div av-zero-column-padding first  avia-builder-el-2  el_after_av_one_full  el_before_av_one_full  column-top-margin\" style='border-radius:0px; '><section class=\"av_textblock_section \"  itemscope=\"itemscope\" itemtype=\"https:\/\/schema.org\/BlogPosting\" itemprop=\"blogPost\" ><div class='avia_textblock  '   itemprop=\"text\" ><p style=\"text-align: center;\"><strong><span style=\"font-size: 18pt;\">Invitan a primer Interescolar Ambiental en la comuna de Coyhaique<\/span><\/strong><\/p>\n<div id=\"gtx-trans\" style=\"position: absolute; left: -50px; top: 4.31534px;\">\n<div class=\"gtx-trans-icon\"><\/div>\n<\/div>\n<\/div><\/section><\/div><div class=\"flex_column av_one_full  flex_column_div av-zero-column-padding first  avia-builder-el-4  el_after_av_one_full  el_before_av_hr  column-top-margin\" style='border-radius:0px; '><section class=\"av_textblock_section \"  itemscope=\"itemscope\" itemtype=\"https:\/\/schema.org\/BlogPosting\" itemprop=\"blogPost\" ><div class='avia_textblock  '   itemprop=\"text\" ><p style=\"text-align: justify;\">Para este mi\u00e9rcoles 9 de octubre est\u00e1 planificado el primer Interescolar Ambiental en Coyhaique, organizado por la Seremi del Medio Ambiente de la regi\u00f3n de Ays\u00e9n en el marco del 8% del Fondo Nacional de Desarrollo regional FNDR del Gobierno Regional y su Consejo.<\/p>\n<p style=\"text-align: justify;\">La iniciativa tiene como objetivo reforzar el trabajo de educaci\u00f3n y gesti\u00f3n ambiental que realizan los establecimientos educacionales de la comuna de Coyhaique a trav\u00e9s de acciones de educaci\u00f3n ambiental como charlas, talleres, exposiciones y muestras de experiencias que permitan aclarar conceptos en materias ambientales y as\u00ed generar conciencia y cambios de h\u00e1bitos en ni\u00f1os, ni\u00f1as y adolescentes desarrollando valores sustentables que incentiven relaciones arm\u00f3nicas entre las personas y el medio ambiente.<\/p>\n<p style=\"text-align: justify;\">La jornada se realizar\u00e1 en el Centro Cultural de Coyhaique ubicado entre las 10:00 y 17:30 hrs. considerando charlas sobre cambio clim\u00e1tico y sostenibilidad, exposiciones de proyectos educativos, pero adem\u00e1s a las 14:45 hrs. la presentaci\u00f3n de la obra teatral \u201cUn d\u00eda relajado: medio ambiente y cambio clim\u00e1tico\u201d dirigida a ni\u00f1os y ni\u00f1as desde 6 a 14 a\u00f1os, a cargo de las compa\u00f1\u00edas teatrales: Arte Alegr\u00eda &amp; Teatro Austral<\/p>\n<p style=\"text-align: justify;\">Seg\u00fan indic\u00f3 el Seremi del Medio Ambiente, Yoal D\u00edaz, actualmente en Coyhaique, el 49% de los establecimientos educacionales cuenta con alg\u00fan nivel de certificaci\u00f3n ambiental del Ministerio del Medio Ambiente, acreditaci\u00f3n oficial de car\u00e1cter voluntario que reconoce el trabajo individual de las comunidades educativas \u201ceste encuentro comunal es una instancia fruct\u00edfera para el intercambio de experiencias y la generaci\u00f3n de redes y alianzas que faciliten el cumplimiento del objetivo de la educaci\u00f3n ambiental y continuar el fortalecimiento de nuestra red como actores clave en la intervenci\u00f3n de barrios a trav\u00e9s de buenas pr\u00e1cticas y la promoci\u00f3n de\u00a0 valores ambientales\u201d<\/p>\n<p style=\"text-align: justify;\">La iniciativa considera adem\u00e1s la realizaci\u00f3n de talleres formativos en las escuelas de las localidades de Balmaceda, Villa El Blanco, Valle Simpson, Villa Ortega y \u00d1irehuao; tambi\u00e9n un taller formativo en Coyhaique el d\u00eda del evento.<\/p>\n<p style=\"text-align: justify;\">Finalmente el Seremi reiter\u00f3 la invitaci\u00f3n a la comunidad Coyhaique a sumarse la actividad, a conocer las experiencias de los establecimientos educacionales y a participar de las actividades en familia.<\/p>\n<\/div><\/section><\/div><div  style='height:50px' class='hr hr-invisible   avia-builder-el-6  el_after_av_one_full  el_before_av_social_share '><span class='hr-inner ' ><span class='hr-inner-style'><\/span><\/span><\/div><\/p>\n<div  class='av-social-sharing-box  avia-builder-el-7  el_after_av_hr  el_before_av_hr  '><div class='av-share-box'><h5 class='av-share-link-description av-no-toc '>Compartir esta noticia<\/h5><ul class='av-share-box-list noLightbox'><li class='av-share-link av-social-link-facebook' ><a target=\"_blank\" aria-label=\"Compartir en Facebook\" href='https:\/\/www.facebook.com\/sharer.php?u=https:\/\/radiorevelacionfm.cl\/?p=46897&#038;t=Invitan%20a%20primer%20Interescolar%20Ambiental%20en%20la%20comuna%20de%20Coyhaique' aria-hidden='false' data-av_icon='\ue8f3' data-av_iconfont='entypo-fontello' title='' data-avia-related-tooltip='Compartir en Facebook' rel=\"noopener\"><span class='avia_hidden_link_text'>Compartir en Facebook<\/span><\/a><\/li><li class='av-share-link av-social-link-twitter' ><a target=\"_blank\" aria-label=\"Compartir en Twitter\" href='https:\/\/twitter.com\/share?text=Invitan%20a%20primer%20Interescolar%20Ambiental%20en%20la%20comuna%20de%20Coyhaique&#038;url=https:\/\/radiorevelacionfm.cl\/?p=46897' aria-hidden='false' data-av_icon='\ue8f1' data-av_iconfont='entypo-fontello' title='' data-avia-related-tooltip='Compartir en Twitter' rel=\"noopener\"><span class='avia_hidden_link_text'>Compartir en Twitter<\/span><\/a><\/li><li class='av-share-link av-social-link-whatsapp' ><a target=\"_blank\" aria-label=\"Compartir en Whatsapp\" href='https:\/\/api.whatsapp.com\/send?text=https:\/\/radiorevelacionfm.cl\/?p=46897' aria-hidden='false' data-av_icon='\uf232' data-av_iconfont='entypo-fontello' title='' data-avia-related-tooltip='Compartir en Whatsapp' rel=\"noopener\"><span class='avia_hidden_link_text'>Compartir en Whatsapp<\/span><\/a><\/li><li class='av-share-link av-social-link-linkedin' ><a target=\"_blank\" aria-label=\"Compartir en LinkedIn\" href='https:\/\/linkedin.com\/shareArticle?mini=true&#038;title=Invitan%20a%20primer%20Interescolar%20Ambiental%20en%20la%20comuna%20de%20Coyhaique&#038;url=https:\/\/radiorevelacionfm.cl\/?p=46897' aria-hidden='false' data-av_icon='\ue8fc' data-av_iconfont='entypo-fontello' title='' data-avia-related-tooltip='Compartir en LinkedIn' rel=\"noopener\"><span class='avia_hidden_link_text'>Compartir en LinkedIn<\/span><\/a><\/li><li class='av-share-link av-social-link-mail' ><a  aria-label=\"Compartir por correo\" href='mailto:?subject=Invitan%20a%20primer%20Interescolar%20Ambiental%20en%20la%20comuna%20de%20Coyhaique&#038;body=https:\/\/radiorevelacionfm.cl\/?p=46897' aria-hidden='false' data-av_icon='\ue805' data-av_iconfont='entypo-fontello' title='' data-avia-related-tooltip='Compartir por correo'><span class='avia_hidden_link_text'>Compartir por correo<\/span><\/a><\/li><\/ul><\/div><\/div>\n<div  style='height:50px' class='hr hr-invisible   avia-builder-el-8  el_after_av_social_share  el_before_av_comments_list '><span class='hr-inner ' ><span class='hr-inner-style'><\/span><\/span><\/div>\n<div  class='av-buildercomment  av-blog-meta-html-info-disabled av-blog-meta-tag-disabled  '><\/div>\n","protected":false},"excerpt":{"rendered":"","protected":false},"author":1,"featured_media":46898,"comment_status":"open","ping_status":"open","sticky":false,"template":"","format":"standard","meta":{"footnotes":""},"categories":[39],"tags":[],"class_list":["post-46897","post","type-post","status-publish","format-standard","has-post-thumbnail","hentry","category-medio-ambiente"],"jetpack_featured_media_url":"https:\/\/radiorevelacionfm.cl\/wp-content\/uploads\/2024\/10\/educacion-ambiental-1-2_optimized.jpg","_links":{"self":[{"href":"https:\/\/radiorevelacionfm.cl\/index.php?rest_route=\/wp\/v2\/posts\/46897","targetHints":{"allow":["GET"]}}],"collection":[{"href":"https:\/\/radiorevelacionfm.cl\/index.php?rest_route=\/wp\/v2\/posts"}],"about":[{"href":"https:\/\/radiorevelacionfm.cl\/index.php?rest_route=\/wp\/v2\/types\/post"}],"author":[{"embeddable":true,"href":"https:\/\/radiorevelacionfm.cl\/index.php?rest_route=\/wp\/v2\/users\/1"}],"replies":[{"embeddable":true,"href":"https:\/\/radiorevelacionfm.cl\/index.php?rest_route=%2Fwp%2Fv2%2Fcomments&post=46897"}],"version-history":[{"count":1,"href":"https:\/\/radiorevelacionfm.cl\/index.php?rest_route=\/wp\/v2\/posts\/46897\/revisions"}],"predecessor-version":[{"id":46899,"href":"https:\/\/radiorevelacionfm.cl\/index.php?rest_route=\/wp\/v2\/posts\/46897\/revisions\/46899"}],"wp:featuredmedia":[{"embeddable":true,"href":"https:\/\/radiorevelacionfm.cl\/index.php?rest_route=\/wp\/v2\/media\/46898"}],"wp:attachment":[{"href":"https:\/\/radiorevelacionfm.cl\/index.php?rest_route=%2Fwp%2Fv2%2Fmedia&parent=46897"}],"wp:term":[{"taxonomy":"category","embeddable":true,"href":"https:\/\/radiorevelacionfm.cl\/index.php?rest_route=%2Fwp%2Fv2%2Fcategories&post=46897"},{"taxonomy":"post_tag","embeddable":true,"href":"https:\/\/radiorevelacionfm.cl\/index.php?rest_route=%2Fwp%2Fv2%2Ftags&post=46897"}],"curies":[{"name":"wp","href":"https:\/\/api.w.org\/{rel}","templated":true}]}}