{"id":46894,"date":"2024-10-09T16:19:38","date_gmt":"2024-10-09T19:19:38","guid":{"rendered":"https:\/\/radiorevelacionfm.cl\/?p=46894"},"modified":"2024-10-09T16:19:38","modified_gmt":"2024-10-09T19:19:38","slug":"dialogo-por-el-acceso-al-aborto-legal-y-seguro-un-paso-hacia-la-equidad-de-genero-en-coyhaique","status":"publish","type":"post","link":"https:\/\/radiorevelacionfm.cl\/?p=46894","title":{"rendered":"Di\u00e1logo por el acceso al aborto legal y seguro: Un paso hacia la equidad de g\u00e9nero en Coyhaique"},"content":{"rendered":"<div class=\"flex_column av_one_full  flex_column_div av-zero-column-padding first  avia-builder-el-0  el_before_av_one_full  avia-builder-el-first  \" style='border-radius:0px; '><div  class='avia-image-container  av-styling-    avia-builder-el-1  avia-builder-el-no-sibling  avia-align-center '  itemprop=\"image\" itemscope=\"itemscope\" itemtype=\"https:\/\/schema.org\/ImageObject\"  ><div class='avia-image-container-inner'><div class='avia-image-overlay-wrap'><img decoding=\"async\" class='wp-image-46895 avia-img-lazy-loading-not-46895 avia_image' src=\"https:\/\/radiorevelacionfm.cl\/wp-content\/uploads\/2024\/10\/WhatsApp-Image-2024-10-08-at-13.28.26-2-2.jpeg\" alt='' title='WhatsApp Image 2024-10-08 at 13.28.26-2-2' height=\"600\" width=\"800\"  itemprop=\"thumbnailUrl\" srcset=\"https:\/\/radiorevelacionfm.cl\/wp-content\/uploads\/2024\/10\/WhatsApp-Image-2024-10-08-at-13.28.26-2-2.jpeg 800w, https:\/\/radiorevelacionfm.cl\/wp-content\/uploads\/2024\/10\/WhatsApp-Image-2024-10-08-at-13.28.26-2-2-300x225.jpeg 300w, https:\/\/radiorevelacionfm.cl\/wp-content\/uploads\/2024\/10\/WhatsApp-Image-2024-10-08-at-13.28.26-2-2-768x576.jpeg 768w, https:\/\/radiorevelacionfm.cl\/wp-content\/uploads\/2024\/10\/WhatsApp-Image-2024-10-08-at-13.28.26-2-2-705x529.jpeg 705w, https:\/\/radiorevelacionfm.cl\/wp-content\/uploads\/2024\/10\/WhatsApp-Image-2024-10-08-at-13.28.26-2-2-450x338.jpeg 450w, https:\/\/radiorevelacionfm.cl\/wp-content\/uploads\/2024\/10\/WhatsApp-Image-2024-10-08-at-13.28.26-2-2-600x450.jpeg 600w\" sizes=\"(max-width: 800px) 100vw, 800px\" \/><\/div><\/div><\/div><\/div><div class=\"flex_column av_one_full  flex_column_div av-zero-column-padding first  avia-builder-el-2  el_after_av_one_full  el_before_av_one_full  column-top-margin\" style='border-radius:0px; '><section class=\"av_textblock_section \"  itemscope=\"itemscope\" itemtype=\"https:\/\/schema.org\/BlogPosting\" itemprop=\"blogPost\" ><div class='avia_textblock  '   itemprop=\"text\" ><p style=\"text-align: center;\"><span style=\"font-size: 18pt;\"><strong>Di\u00e1logo por el acceso al aborto legal y seguro:\u00a0Un paso hacia la equidad de g\u00e9nero en Coyhaique<\/strong><\/span><\/p>\n<h2><\/h2>\n<h2><\/h2>\n<h2><\/h2>\n<h2 class=\"title\" style=\"text-align: center;\"><b><span style=\"font-size: large;\">\u00a0<\/span><\/b><\/h2>\n<div id=\"gtx-trans\" style=\"position: absolute; left: -50px; top: 4.31534px;\">\n<div class=\"gtx-trans-icon\"><\/div>\n<\/div>\n<\/div><\/section><\/div><div class=\"flex_column av_one_full  flex_column_div av-zero-column-padding first  avia-builder-el-4  el_after_av_one_full  el_before_av_hr  column-top-margin\" style='border-radius:0px; '><section class=\"av_textblock_section \"  itemscope=\"itemscope\" itemtype=\"https:\/\/schema.org\/BlogPosting\" itemprop=\"blogPost\" ><div class='avia_textblock  '   itemprop=\"text\" ><p style=\"text-align: justify;\">En el marco de la Acci\u00f3n Global por el Acceso al Aborto Legal y Seguro, la Seremi de la Mujer y la Equidad de G\u00e9nero de Ays\u00e9n, liderada por Isidora Gacit\u00faa Goles, realiz\u00f3 un di\u00e1logo con cerca de 19 mujeres de Coyhaique para discutir y reflexionar sobre los derechos sexuales y reproductivos.<\/p>\n<p style=\"text-align: justify;\">Una instancia de di\u00e1logo que permiti\u00f3 recopilar opiniones y visiones de diversas mujeres, entre ellas: estudiantes de educaci\u00f3n secundaria, universitarias, adultas y tercera edad, quienes compartieron visiones respecto de la proyectada Ley de Aborto, \u00a0anunciada por el Presidente Gabriel Boric Font, pol\u00edtica de Estado que busca enriquecer y ampliar los derechos sexuales y reproductivos en Chile.<\/p>\n<p style=\"text-align: justify;\">En la actualidad, Chile cuenta desde 2017 con la Ley 21.030 de Interrupci\u00f3n Voluntaria del Embarazo en tres causales: riesgo vital para la mujer, patolog\u00eda cong\u00e9nita incompatible con la vida y embarazo por violaci\u00f3n. Sin embargo, es necesario avanzar en la garant\u00eda de los derechos sexuales y reproductivos, as\u00ed lo enfatiz\u00f3, la Seremi de la Mujer y la Equidad de G\u00e9nero, Isidora Gacit\u00faa Goles, indicando que: \u00abEste di\u00e1logo es un paso importante hacia la equidad de g\u00e9nero en nuestra regi\u00f3n. Es fundamental escuchar las voces de las mujeres y considerar sus opiniones en la construcci\u00f3n de pol\u00edticas p\u00fablicas que afectan sus vidas\u00bb, puntualiz\u00f3.<\/p>\n<p style=\"text-align: justify;\">\u201cComo Ministerio de la Mujer y la Equidad de G\u00e9nero valoramos enormemente haber realizado estos encuentros con mujeres de todo el territorio. Es por eso que hemos realizado a lo largo de todo Chile, encuentros regionales, para poder tambi\u00e9n escuchar sus voces, y las distintas opiniones que pueden haber de las pol\u00edticas p\u00fablicas, porque entendemos tambi\u00e9n que es necesario considerar dentro de las diferencias, puntos de acuerdo, para que as\u00ed podamos construir una sociedad m\u00e1s justa y equitativa que nos permita acortar las brechas de g\u00e9nero\u201d, agreg\u00f3.<\/p>\n<p style=\"text-align: justify;\">Por su parte, la autoridad indic\u00f3 adem\u00e1s que, \u00a0la participaci\u00f3n activa de las mujeres es clave para avanzar en la garant\u00eda de los derechos sexuales y reproductivos, de tal manera que es necesario fortalecer la educaci\u00f3n sexual integral y el acceso a m\u00e9todos anticonceptivos.<\/p>\n<p style=\"text-align: justify;\">Una de las participantes de este encuentro fue la joven \u00a0Barbara \u00a0Mart\u00ednez, quien coment\u00f3: \u201cPara mi participar en la Mesa de Di\u00e1logo fue fundamental, ya que representa una oportunidad para ser escuchadas y para influir en un tema tan crucial como el aborto seguro. Este tipo de instancias, permite que nuestras voces y experiencias, sean parte del dialogo sobre derecho sexuales y reproductivos, algo tan esencial para la autonom\u00eda de las mujeres\u201d, se\u00f1al\u00f3.<\/p>\n<p style=\"text-align: justify;\">En este contexto, esta iniciativa propuesta por el primer mandatario, incorpora \u00a0las necesidades y realidades de las mujeres en situaci\u00f3n de vulnerabilidad y otros casos, que no contempla la Ley, como: ampliaci\u00f3n de las causales de interrupci\u00f3n voluntaria del embarazo, fortalecimiento de la educaci\u00f3n sexual integral en establecimientos educacionales, acceso garantizado a m\u00e9todos anticonceptivos y servicios de salud reproductiva, entre otros.<\/p>\n<p style=\"text-align: justify;\">Como antecedente, la historia de las leyes de aborto en Chile se caracteriza por ser una de las m\u00e1s restrictivas de la regi\u00f3n. Hasta 2017, Chile ten\u00eda una Ley que prohib\u00eda el aborto en todas las circunstancias, conocida como la \u00abLey de Prohibici\u00f3n del Aborto\u00bb (Ley N\u00b0 18.826), promulgada en 1973 bajo el r\u00e9gimen militar de Augusto Pinochet. Esta ley fue una de las m\u00e1s estrictas del mundo, \u00a0y llev\u00f3 a miles de mujeres a buscar abortos clandestinos, poniendo en riesgo su salud y vida. Sin embargo, en 2017, se aprob\u00f3 la Ley 21.030, que permiti\u00f3 la interrupci\u00f3n voluntaria del embarazo en tres causales. Esta ley marc\u00f3 un importante avance en la garant\u00eda de los derechos sexuales y reproductivos en Chile, pero a\u00fan existen desaf\u00edos para asegurar el acceso efectivo y seguro al aborto.<\/p>\n<div style=\"text-align: justify;\">Finalmente, cabe destacar que este di\u00e1logo realizado en la comuna de Coyhaique, se suma al los 16 di\u00e1logos realizados en el pa\u00eds, el cual recopila opiniones y visiones de mujeres, que ser\u00e1n incorporados en un informe, insumo que permitir\u00e1 enriquecer esta nueva propuesta participativa, que busca mejorar y robustecer las pol\u00edticas nacionales en materia de derechos sexuales y reproductivos para las mujeres y las futuras generaciones.<\/div>\n<\/div><\/section><\/div><div  style='height:50px' class='hr hr-invisible   avia-builder-el-6  el_after_av_one_full  el_before_av_social_share '><span class='hr-inner ' ><span class='hr-inner-style'><\/span><\/span><\/div><\/p>\n<div  class='av-social-sharing-box  avia-builder-el-7  el_after_av_hr  el_before_av_hr  '><div class='av-share-box'><h5 class='av-share-link-description av-no-toc '>Compartir esta noticia<\/h5><ul class='av-share-box-list noLightbox'><li class='av-share-link av-social-link-facebook' ><a target=\"_blank\" aria-label=\"Compartir en Facebook\" href='https:\/\/www.facebook.com\/sharer.php?u=https:\/\/radiorevelacionfm.cl\/?p=46894&#038;t=Di%C3%A1logo%20por%20el%20acceso%20al%20aborto%20legal%20y%20seguro%3A%20Un%20paso%20hacia%20la%20equidad%20de%20g%C3%A9nero%20en%20Coyhaique' aria-hidden='false' data-av_icon='\ue8f3' data-av_iconfont='entypo-fontello' title='' data-avia-related-tooltip='Compartir en Facebook' rel=\"noopener\"><span class='avia_hidden_link_text'>Compartir en Facebook<\/span><\/a><\/li><li class='av-share-link av-social-link-twitter' ><a target=\"_blank\" aria-label=\"Compartir en Twitter\" href='https:\/\/twitter.com\/share?text=Di%C3%A1logo%20por%20el%20acceso%20al%20aborto%20legal%20y%20seguro%3A%20Un%20paso%20hacia%20la%20equidad%20de%20g%C3%A9nero%20en%20Coyhaique&#038;url=https:\/\/radiorevelacionfm.cl\/?p=46894' aria-hidden='false' data-av_icon='\ue8f1' data-av_iconfont='entypo-fontello' title='' data-avia-related-tooltip='Compartir en Twitter' rel=\"noopener\"><span class='avia_hidden_link_text'>Compartir en Twitter<\/span><\/a><\/li><li class='av-share-link av-social-link-whatsapp' ><a target=\"_blank\" aria-label=\"Compartir en Whatsapp\" href='https:\/\/api.whatsapp.com\/send?text=https:\/\/radiorevelacionfm.cl\/?p=46894' aria-hidden='false' data-av_icon='\uf232' data-av_iconfont='entypo-fontello' title='' data-avia-related-tooltip='Compartir en Whatsapp' rel=\"noopener\"><span class='avia_hidden_link_text'>Compartir en Whatsapp<\/span><\/a><\/li><li class='av-share-link av-social-link-linkedin' ><a target=\"_blank\" aria-label=\"Compartir en LinkedIn\" href='https:\/\/linkedin.com\/shareArticle?mini=true&#038;title=Di%C3%A1logo%20por%20el%20acceso%20al%20aborto%20legal%20y%20seguro%3A%20Un%20paso%20hacia%20la%20equidad%20de%20g%C3%A9nero%20en%20Coyhaique&#038;url=https:\/\/radiorevelacionfm.cl\/?p=46894' aria-hidden='false' data-av_icon='\ue8fc' data-av_iconfont='entypo-fontello' title='' data-avia-related-tooltip='Compartir en LinkedIn' rel=\"noopener\"><span class='avia_hidden_link_text'>Compartir en LinkedIn<\/span><\/a><\/li><li class='av-share-link av-social-link-mail' ><a  aria-label=\"Compartir por correo\" href='mailto:?subject=Di%C3%A1logo%20por%20el%20acceso%20al%20aborto%20legal%20y%20seguro%3A%20Un%20paso%20hacia%20la%20equidad%20de%20g%C3%A9nero%20en%20Coyhaique&#038;body=https:\/\/radiorevelacionfm.cl\/?p=46894' aria-hidden='false' data-av_icon='\ue805' data-av_iconfont='entypo-fontello' title='' data-avia-related-tooltip='Compartir por correo'><span class='avia_hidden_link_text'>Compartir por correo<\/span><\/a><\/li><\/ul><\/div><\/div>\n<div  style='height:50px' class='hr hr-invisible   avia-builder-el-8  el_after_av_social_share  el_before_av_comments_list '><span class='hr-inner ' ><span class='hr-inner-style'><\/span><\/span><\/div>\n<div  class='av-buildercomment  av-blog-meta-html-info-disabled av-blog-meta-tag-disabled  '><\/div>\n","protected":false},"excerpt":{"rendered":"","protected":false},"author":1,"featured_media":46895,"comment_status":"open","ping_status":"open","sticky":false,"template":"","format":"standard","meta":{"footnotes":""},"categories":[38],"tags":[],"class_list":["post-46894","post","type-post","status-publish","format-standard","has-post-thumbnail","hentry","category-regional"],"jetpack_featured_media_url":"https:\/\/radiorevelacionfm.cl\/wp-content\/uploads\/2024\/10\/WhatsApp-Image-2024-10-08-at-13.28.26-2-2.jpeg","_links":{"self":[{"href":"https:\/\/radiorevelacionfm.cl\/index.php?rest_route=\/wp\/v2\/posts\/46894","targetHints":{"allow":["GET"]}}],"collection":[{"href":"https:\/\/radiorevelacionfm.cl\/index.php?rest_route=\/wp\/v2\/posts"}],"about":[{"href":"https:\/\/radiorevelacionfm.cl\/index.php?rest_route=\/wp\/v2\/types\/post"}],"author":[{"embeddable":true,"href":"https:\/\/radiorevelacionfm.cl\/index.php?rest_route=\/wp\/v2\/users\/1"}],"replies":[{"embeddable":true,"href":"https:\/\/radiorevelacionfm.cl\/index.php?rest_route=%2Fwp%2Fv2%2Fcomments&post=46894"}],"version-history":[{"count":1,"href":"https:\/\/radiorevelacionfm.cl\/index.php?rest_route=\/wp\/v2\/posts\/46894\/revisions"}],"predecessor-version":[{"id":46896,"href":"https:\/\/radiorevelacionfm.cl\/index.php?rest_route=\/wp\/v2\/posts\/46894\/revisions\/46896"}],"wp:featuredmedia":[{"embeddable":true,"href":"https:\/\/radiorevelacionfm.cl\/index.php?rest_route=\/wp\/v2\/media\/46895"}],"wp:attachment":[{"href":"https:\/\/radiorevelacionfm.cl\/index.php?rest_route=%2Fwp%2Fv2%2Fmedia&parent=46894"}],"wp:term":[{"taxonomy":"category","embeddable":true,"href":"https:\/\/radiorevelacionfm.cl\/index.php?rest_route=%2Fwp%2Fv2%2Fcategories&post=46894"},{"taxonomy":"post_tag","embeddable":true,"href":"https:\/\/radiorevelacionfm.cl\/index.php?rest_route=%2Fwp%2Fv2%2Ftags&post=46894"}],"curies":[{"name":"wp","href":"https:\/\/api.w.org\/{rel}","templated":true}]}}