{"id":46891,"date":"2024-10-09T15:51:57","date_gmt":"2024-10-09T18:51:57","guid":{"rendered":"https:\/\/radiorevelacionfm.cl\/?p=46891"},"modified":"2024-10-09T15:51:57","modified_gmt":"2024-10-09T18:51:57","slug":"cerca-de-50-personas-participaron-de-seminario-desafios-en-materia-de-justicia-juvenil","status":"publish","type":"post","link":"https:\/\/radiorevelacionfm.cl\/?p=46891","title":{"rendered":"Cerca de 50 personas participaron de Seminario \u201cDesaf\u00edos en materia de Justicia Juvenil\u201d"},"content":{"rendered":"<div class=\"flex_column av_one_full  flex_column_div av-zero-column-padding first  avia-builder-el-0  el_before_av_one_full  avia-builder-el-first  \" style='border-radius:0px; '><div  class='avia-image-container  av-styling-    avia-builder-el-1  avia-builder-el-no-sibling  avia-align-center '  itemprop=\"image\" itemscope=\"itemscope\" itemtype=\"https:\/\/schema.org\/ImageObject\"  ><div class='avia-image-container-inner'><div class='avia-image-overlay-wrap'><img decoding=\"async\" class='wp-image-46892 avia-img-lazy-loading-not-46892 avia_image' src=\"https:\/\/radiorevelacionfm.cl\/wp-content\/uploads\/2024\/10\/seminario-opcion-justicia-3-2-2.jpg\" alt='' title='seminario opcion- justicia 3-2-2' height=\"600\" width=\"800\"  itemprop=\"thumbnailUrl\" srcset=\"https:\/\/radiorevelacionfm.cl\/wp-content\/uploads\/2024\/10\/seminario-opcion-justicia-3-2-2.jpg 800w, https:\/\/radiorevelacionfm.cl\/wp-content\/uploads\/2024\/10\/seminario-opcion-justicia-3-2-2-300x225.jpg 300w, https:\/\/radiorevelacionfm.cl\/wp-content\/uploads\/2024\/10\/seminario-opcion-justicia-3-2-2-768x576.jpg 768w, https:\/\/radiorevelacionfm.cl\/wp-content\/uploads\/2024\/10\/seminario-opcion-justicia-3-2-2-705x529.jpg 705w, https:\/\/radiorevelacionfm.cl\/wp-content\/uploads\/2024\/10\/seminario-opcion-justicia-3-2-2-450x338.jpg 450w, https:\/\/radiorevelacionfm.cl\/wp-content\/uploads\/2024\/10\/seminario-opcion-justicia-3-2-2-600x450.jpg 600w\" sizes=\"(max-width: 800px) 100vw, 800px\" \/><\/div><\/div><\/div><\/div><div class=\"flex_column av_one_full  flex_column_div av-zero-column-padding first  avia-builder-el-2  el_after_av_one_full  el_before_av_one_full  column-top-margin\" style='border-radius:0px; '><section class=\"av_textblock_section \"  itemscope=\"itemscope\" itemtype=\"https:\/\/schema.org\/BlogPosting\" itemprop=\"blogPost\" ><div class='avia_textblock  '   itemprop=\"text\" ><p style=\"text-align: center;\"><strong><span style=\"font-size: 18pt;\">Cerca de 50 personas participaron de Seminario \u201cDesaf\u00edos en materia de Justicia Juvenil\u201d <\/span><\/strong><\/p>\n<div id=\"gtx-trans\" style=\"position: absolute; left: -50px; top: 4.31534px;\">\n<div class=\"gtx-trans-icon\"><\/div>\n<\/div>\n<\/div><\/section><\/div><div class=\"flex_column av_one_full  flex_column_div av-zero-column-padding first  avia-builder-el-4  el_after_av_one_full  el_before_av_hr  column-top-margin\" style='border-radius:0px; '><section class=\"av_textblock_section \"  itemscope=\"itemscope\" itemtype=\"https:\/\/schema.org\/BlogPosting\" itemprop=\"blogPost\" ><div class='avia_textblock  '   itemprop=\"text\" ><p style=\"text-align: justify;\"><em>Enmarcado en la implementaci\u00f3n del nuevo Sistema de Reinserci\u00f3n Social Juvenil en Coyhaique, la\u00a0Corporaci\u00f3n Opci\u00f3n realiz\u00f3 seminario denominado \u201cDesaf\u00edos en materia de Justicia Juvenil\u201d.<\/em><\/p>\n<p style=\"text-align: justify;\">Cerca de 50 personas participaron de la actividad que se desarroll\u00f3 en el auditorio de la Biblioteca Regional y que fue organizada por la Corporaci\u00f3n Opci\u00f3n en conjunto con la Secretar\u00eda Regional Ministerial de Justicia y Derechos Humanos de la regi\u00f3n de Ays\u00e9n.<\/p>\n<p style=\"text-align: justify;\">La actividad cont\u00f3 con la participaci\u00f3n del Seremi de Justicia y Derechos Humanos, Samuel Navarro Castro, la directora ejecutiva de Corporaci\u00f3n Opci\u00f3n\u00a0Milagros Nehgme Cristi, el director regional del Servicio de Reinserci\u00f3n Social Juvenil Israel Villavicencio Ch\u00e1vez, entre otras autoridades regionales.<\/p>\n<p style=\"text-align: justify;\">Dicha instancia se inici\u00f3\u00a0 con la exposici\u00f3n del Seremi de Justicia y Derechos Humanos Samuel Navarro, qui\u00e9n abord\u00f3 los principales alcances e implementaci\u00f3n del nuevo Servicio de Reinserci\u00f3n Social Juvenil, luego en representaci\u00f3n de la Fiscal\u00eda Nacional la directora de la Unidad Especializada de Responsabilidad Penal Adolescente Alejandra Mera dio cuenta de los desaf\u00edos en materia de justicia juvenil en la regi\u00f3n de Ays\u00e9n, y finalmente Osvaldo V\u00e1squez de Corporaci\u00f3n Opci\u00f3n se refiri\u00f3 a los aportes de este organismo al proceso de especializaci\u00f3n de la oferta program\u00e1tica, propuestas de la evidencia cient\u00edfica, para luego dar paso a un an\u00e1lisis sobre los desaf\u00edos planteados y consultas de los asistentes en el que participaron el Defensor Regional (s) Mauricio Mart\u00ednez, el Fiscal de Ays\u00e9n Fernando Pino, el Seremi de Justicia y DDHH Samuel Navarro y el Director del Programa Multimodal de Corporaci\u00f3n Opci\u00f3n en la regi\u00f3n, Andr\u00e9 Briand.<\/p>\n<p style=\"text-align: justify;\">Respecto a la actividad, el seremi de Justicia y Derechos Humanos Samuel Navarro Castro explic\u00f3 que \u201cfue un seminario muy interesante, tuvo adem\u00e1s una muy buena concurrencia, en donde los distintos panelistas y expositores pudimos relevar y poner en conocimiento los desaf\u00edos que tiene el sistema judicial en materia de reinserci\u00f3n para adolescentes y j\u00f3venes en conflicto con la justicia, en ese sentido fue una oportunidad de poder ver los alcances de la nueva ley que crea el Servicio de Reinserci\u00f3n Social Juvenil, sus principales aspectos, fortalezas y que nos permiten considerar que vamos a tener una mejora sustantiva en el mediano y largo plazo con estos cambios que se introducen en materia de reinserci\u00f3n social juvenil que apunta fundamentalmente a relevar la participaci\u00f3n del intersector, de distintas instituciones p\u00fablicas, pero tambi\u00e9n privadas y una nueva forma de gobernanza y de trabajo en el modelo especializado de intervenci\u00f3n\u201d.<\/p>\n<p style=\"text-align: justify;\">Por su parte, la directora de la Unidad Especializada de Responsabilidad Penal Adolescente de la Fiscal\u00eda Nacional, Alejandra Mera se\u00f1al\u00f3 que \u201ccreo que es super relevante por varias razones, una por acercar todo lo que est\u00e1 ocurriendo en la implementaci\u00f3n de la primera etapa a las regiones que van a comenzar el 13 de enero de 2025 la segunda etapa y hacerlo en la misma regi\u00f3n, acercarnos hacia eso, traer la experiencia y poder colaborar con ello, me parece muy relevante adem\u00e1s tener un di\u00e1logo intersectorial o sea reunir a todas las instituciones fiscales, defensores, el servicio, las organizaciones que implementan los programas, es como un reflejo del esp\u00edritu de la ley en t\u00e9rminos de poder coordinar acciones para poder lograr el fin al que apunta el sistema, que finalmente es lograr intervenciones que tengan sentido para responsabilizar y reinsertar a los adolescentes que infringen la ley\u201d.<\/p>\n<p style=\"text-align: justify;\">Finalmente, la directora ejecutiva de Corporaci\u00f3n Opci\u00f3n\u00a0Milagros Nehgme indic\u00f3 que \u00a0\u201cCorporaci\u00f3n Opci\u00f3n junto a la serem\u00eda de Justicia y DDHH efectu\u00f3 el seminario sobre desaf\u00edos en materia de Justicia Juvenil, ya la macrozona sur en el mes de enero de 2025 va a enfrentar una reforma muy importante en el sistema de Justicia Juvenil, se comienza a implementar la ley 21.057, para la Corporaci\u00f3n Opci\u00f3n que es una instituci\u00f3n de m\u00e1s de 34 a\u00f1os de presencia y que trabaja en la promoci\u00f3n y defensa de los derechos de los ni\u00f1os, as\u00ed como tambi\u00e9n en procesos de restituci\u00f3n de derechos, reparaci\u00f3n y reintegraci\u00f3n social, el poder aportar en esta materia es fundamental, la Corporaci\u00f3n Opci\u00f3n lleva m\u00e1s de 16 a\u00f1os ejecutando programas en medio libre para j\u00f3venes infractores, adolescentes infractores de ley, y esta vez queremos aportar en una jornada de reflexi\u00f3n de lo que significa implementar la reforma, donde sabemos que no solamente va a formar parte de los desaf\u00edos para las instituciones colaboradoras o acreditadas que empiecen a implementar lo que significa los procesos de intervenci\u00f3n con estos adolescentes, sino que son los desaf\u00edos para los distintos actores tanto en el sistema de justicia como instituciones, esperamos que este seminario haya sido el inicio para prepararnos en esta nueva etapa que en enero comienza\u201d.<\/p>\n<\/div><\/section><\/div><div  style='height:50px' class='hr hr-invisible   avia-builder-el-6  el_after_av_one_full  el_before_av_social_share '><span class='hr-inner ' ><span class='hr-inner-style'><\/span><\/span><\/div><\/p>\n<div  class='av-social-sharing-box  avia-builder-el-7  el_after_av_hr  el_before_av_hr  '><div class='av-share-box'><h5 class='av-share-link-description av-no-toc '>Compartir esta noticia<\/h5><ul class='av-share-box-list noLightbox'><li class='av-share-link av-social-link-facebook' ><a target=\"_blank\" aria-label=\"Compartir en Facebook\" href='https:\/\/www.facebook.com\/sharer.php?u=https:\/\/radiorevelacionfm.cl\/?p=46891&#038;t=Cerca%20de%2050%20personas%20participaron%20de%20Seminario%20%E2%80%9CDesaf%C3%ADos%20en%20materia%20de%20Justicia%20Juvenil%E2%80%9D' aria-hidden='false' data-av_icon='\ue8f3' data-av_iconfont='entypo-fontello' title='' data-avia-related-tooltip='Compartir en Facebook' rel=\"noopener\"><span class='avia_hidden_link_text'>Compartir en Facebook<\/span><\/a><\/li><li class='av-share-link av-social-link-twitter' ><a target=\"_blank\" aria-label=\"Compartir en Twitter\" href='https:\/\/twitter.com\/share?text=Cerca%20de%2050%20personas%20participaron%20de%20Seminario%20%E2%80%9CDesaf%C3%ADos%20en%20materia%20de%20Justicia%20Juvenil%E2%80%9D&#038;url=https:\/\/radiorevelacionfm.cl\/?p=46891' aria-hidden='false' data-av_icon='\ue8f1' data-av_iconfont='entypo-fontello' title='' data-avia-related-tooltip='Compartir en Twitter' rel=\"noopener\"><span class='avia_hidden_link_text'>Compartir en Twitter<\/span><\/a><\/li><li class='av-share-link av-social-link-whatsapp' ><a target=\"_blank\" aria-label=\"Compartir en Whatsapp\" href='https:\/\/api.whatsapp.com\/send?text=https:\/\/radiorevelacionfm.cl\/?p=46891' aria-hidden='false' data-av_icon='\uf232' data-av_iconfont='entypo-fontello' title='' data-avia-related-tooltip='Compartir en Whatsapp' rel=\"noopener\"><span class='avia_hidden_link_text'>Compartir en Whatsapp<\/span><\/a><\/li><li class='av-share-link av-social-link-linkedin' ><a target=\"_blank\" aria-label=\"Compartir en LinkedIn\" href='https:\/\/linkedin.com\/shareArticle?mini=true&#038;title=Cerca%20de%2050%20personas%20participaron%20de%20Seminario%20%E2%80%9CDesaf%C3%ADos%20en%20materia%20de%20Justicia%20Juvenil%E2%80%9D&#038;url=https:\/\/radiorevelacionfm.cl\/?p=46891' aria-hidden='false' data-av_icon='\ue8fc' data-av_iconfont='entypo-fontello' title='' data-avia-related-tooltip='Compartir en LinkedIn' rel=\"noopener\"><span class='avia_hidden_link_text'>Compartir en LinkedIn<\/span><\/a><\/li><li class='av-share-link av-social-link-mail' ><a  aria-label=\"Compartir por correo\" href='mailto:?subject=Cerca%20de%2050%20personas%20participaron%20de%20Seminario%20%E2%80%9CDesaf%C3%ADos%20en%20materia%20de%20Justicia%20Juvenil%E2%80%9D&#038;body=https:\/\/radiorevelacionfm.cl\/?p=46891' aria-hidden='false' data-av_icon='\ue805' data-av_iconfont='entypo-fontello' title='' data-avia-related-tooltip='Compartir por correo'><span class='avia_hidden_link_text'>Compartir por correo<\/span><\/a><\/li><\/ul><\/div><\/div>\n<div  style='height:50px' class='hr hr-invisible   avia-builder-el-8  el_after_av_social_share  el_before_av_comments_list '><span class='hr-inner ' ><span class='hr-inner-style'><\/span><\/span><\/div>\n<div  class='av-buildercomment  av-blog-meta-html-info-disabled av-blog-meta-tag-disabled  '><\/div>\n","protected":false},"excerpt":{"rendered":"","protected":false},"author":1,"featured_media":46892,"comment_status":"open","ping_status":"open","sticky":false,"template":"","format":"standard","meta":{"footnotes":""},"categories":[55],"tags":[],"class_list":["post-46891","post","type-post","status-publish","format-standard","has-post-thumbnail","hentry","category-justicia"],"jetpack_featured_media_url":"https:\/\/radiorevelacionfm.cl\/wp-content\/uploads\/2024\/10\/seminario-opcion-justicia-3-2-2.jpg","_links":{"self":[{"href":"https:\/\/radiorevelacionfm.cl\/index.php?rest_route=\/wp\/v2\/posts\/46891","targetHints":{"allow":["GET"]}}],"collection":[{"href":"https:\/\/radiorevelacionfm.cl\/index.php?rest_route=\/wp\/v2\/posts"}],"about":[{"href":"https:\/\/radiorevelacionfm.cl\/index.php?rest_route=\/wp\/v2\/types\/post"}],"author":[{"embeddable":true,"href":"https:\/\/radiorevelacionfm.cl\/index.php?rest_route=\/wp\/v2\/users\/1"}],"replies":[{"embeddable":true,"href":"https:\/\/radiorevelacionfm.cl\/index.php?rest_route=%2Fwp%2Fv2%2Fcomments&post=46891"}],"version-history":[{"count":1,"href":"https:\/\/radiorevelacionfm.cl\/index.php?rest_route=\/wp\/v2\/posts\/46891\/revisions"}],"predecessor-version":[{"id":46893,"href":"https:\/\/radiorevelacionfm.cl\/index.php?rest_route=\/wp\/v2\/posts\/46891\/revisions\/46893"}],"wp:featuredmedia":[{"embeddable":true,"href":"https:\/\/radiorevelacionfm.cl\/index.php?rest_route=\/wp\/v2\/media\/46892"}],"wp:attachment":[{"href":"https:\/\/radiorevelacionfm.cl\/index.php?rest_route=%2Fwp%2Fv2%2Fmedia&parent=46891"}],"wp:term":[{"taxonomy":"category","embeddable":true,"href":"https:\/\/radiorevelacionfm.cl\/index.php?rest_route=%2Fwp%2Fv2%2Fcategories&post=46891"},{"taxonomy":"post_tag","embeddable":true,"href":"https:\/\/radiorevelacionfm.cl\/index.php?rest_route=%2Fwp%2Fv2%2Ftags&post=46891"}],"curies":[{"name":"wp","href":"https:\/\/api.w.org\/{rel}","templated":true}]}}