{"id":46888,"date":"2024-10-08T20:23:37","date_gmt":"2024-10-08T23:23:37","guid":{"rendered":"https:\/\/radiorevelacionfm.cl\/?p=46888"},"modified":"2024-10-08T20:23:37","modified_gmt":"2024-10-08T23:23:37","slug":"invitan-a-participar-de-historias-de-valor-y-servicio-un-nuevo-concurso-literario","status":"publish","type":"post","link":"https:\/\/radiorevelacionfm.cl\/?p=46888","title":{"rendered":"Invitan a participar de Historias de valor y servicio, un nuevo concurso literario"},"content":{"rendered":"<div class=\"flex_column av_one_full  flex_column_div av-zero-column-padding first  avia-builder-el-0  el_before_av_one_full  avia-builder-el-first  \" style='border-radius:0px; '><div  class='avia-image-container  av-styling-    avia-builder-el-1  avia-builder-el-no-sibling  avia-align-center '  itemprop=\"image\" itemscope=\"itemscope\" itemtype=\"https:\/\/schema.org\/ImageObject\"  ><div class='avia-image-container-inner'><div class='avia-image-overlay-wrap'><img decoding=\"async\" class='wp-image-46889 avia-img-lazy-loading-not-46889 avia_image' src=\"https:\/\/radiorevelacionfm.cl\/wp-content\/uploads\/2024\/10\/1728322442_1727353525_imagen-concurso-literario-2_optimized-2.jpg\" alt='' title='1728322442_1727353525_imagen-concurso-literario-2_optimized-2' height=\"600\" width=\"1200\"  itemprop=\"thumbnailUrl\" srcset=\"https:\/\/radiorevelacionfm.cl\/wp-content\/uploads\/2024\/10\/1728322442_1727353525_imagen-concurso-literario-2_optimized-2.jpg 1200w, https:\/\/radiorevelacionfm.cl\/wp-content\/uploads\/2024\/10\/1728322442_1727353525_imagen-concurso-literario-2_optimized-2-300x150.jpg 300w, https:\/\/radiorevelacionfm.cl\/wp-content\/uploads\/2024\/10\/1728322442_1727353525_imagen-concurso-literario-2_optimized-2-1030x515.jpg 1030w, https:\/\/radiorevelacionfm.cl\/wp-content\/uploads\/2024\/10\/1728322442_1727353525_imagen-concurso-literario-2_optimized-2-768x384.jpg 768w, https:\/\/radiorevelacionfm.cl\/wp-content\/uploads\/2024\/10\/1728322442_1727353525_imagen-concurso-literario-2_optimized-2-705x353.jpg 705w, https:\/\/radiorevelacionfm.cl\/wp-content\/uploads\/2024\/10\/1728322442_1727353525_imagen-concurso-literario-2_optimized-2-450x225.jpg 450w, https:\/\/radiorevelacionfm.cl\/wp-content\/uploads\/2024\/10\/1728322442_1727353525_imagen-concurso-literario-2_optimized-2-600x300.jpg 600w\" sizes=\"(max-width: 1200px) 100vw, 1200px\" \/><\/div><\/div><\/div><\/div><div class=\"flex_column av_one_full  flex_column_div av-zero-column-padding first  avia-builder-el-2  el_after_av_one_full  el_before_av_one_full  column-top-margin\" style='border-radius:0px; '><section class=\"av_textblock_section \"  itemscope=\"itemscope\" itemtype=\"https:\/\/schema.org\/BlogPosting\" itemprop=\"blogPost\" ><div class='avia_textblock  '   itemprop=\"text\" ><p style=\"text-align: center;\"><span style=\"font-size: 18pt;\"><b>Invitan a participar de Historias de valor y servicio, un nuevo concurso literario<\/b><\/span><\/p>\n<div id=\"gtx-trans\" style=\"position: absolute; left: -50px; top: 4.31534px;\">\n<div class=\"gtx-trans-icon\"><\/div>\n<\/div>\n<\/div><\/section><\/div><div class=\"flex_column av_one_full  flex_column_div av-zero-column-padding first  avia-builder-el-4  el_after_av_one_full  el_before_av_hr  column-top-margin\" style='border-radius:0px; '><section class=\"av_textblock_section \"  itemscope=\"itemscope\" itemtype=\"https:\/\/schema.org\/BlogPosting\" itemprop=\"blogPost\" ><div class='avia_textblock  '   itemprop=\"text\" ><p style=\"text-align: justify;\">Con el prop\u00f3sito de incentivar la creatividad literaria, el Museo Hist\u00f3rico y Centro Cultural junto a la\u00a0Cooperativa de Carabineros\u00a0invitan a todos los interesados de 18 a\u00f1os en adelante a participar en el concurso literario\u00a0<i>Historias de valor y servicio<\/i>. Su objetivo es destacar a lo largo del texto, el apoyo que hist\u00f3ricamente han entregado los miembros de la Instituci\u00f3n a la comunidad, la cual demanda amparo y protecci\u00f3n.<\/p>\n<p style=\"text-align: justify;\">La actividad busca la creaci\u00f3n de un texto original, en el cual se refleje este actuar a trav\u00e9s de grandes o peque\u00f1as acciones, en el campo o la ciudad, y cuya temporalidad sea desde 1927, a\u00f1o en que se fund\u00f3 la Instituci\u00f3n, en adelante.\u00a0 La idea es rescatar vivencias, reales o imaginarias, que pongan en valor este trabajo y su impacto en la comunidad. Cada concursante podr\u00e1 participar con un cuento.<\/p>\n<p style=\"text-align: justify;\"><b>Extensi\u00f3n:<\/b>\u00a0M\u00ednimo de 350 palabras (una plana) y como m\u00e1ximo 1.000 (cuatro planas).<\/p>\n<p style=\"text-align: justify;\"><b>Formato<\/b>: Los cuentos deben ser originales e in\u00e9ditos, en formato Word, tama\u00f1o carta, letra Arial 12, interlineado 1,5 y alineado justificado. Obligatoriamente, deber\u00e1 contar con un t\u00edtulo, no es necesario que tenga ilustraciones.<\/p>\n<p style=\"text-align: justify;\"><b>Plazos y recepci\u00f3n<\/b>:\u00a0<b>Los participantes podr\u00e1n enviar su trabajo a <a href=\"mailto:educacion@museocarabineros.cl\" rel=\"noreferrer\">educacion@museocarabineros.cl <\/a>desde el 1 al 30 octubre de 2024<\/b>, incluyendo: nombre completo, direcci\u00f3n, ciudad, regi\u00f3n y tel\u00e9fono, aceptando en el correo que este cuento podr\u00eda formar parte de una publicaci\u00f3n realizada por esta entidad, en la que ser\u00e1 respetada su autor\u00eda.<\/p>\n<p style=\"text-align: justify;\">Los cuentos ser\u00e1n evaluados por una comisi\u00f3n compuesta por tres profesionales del Museo, con conocimientos en el \u00e1mbito literario, de acuerdo con una pauta de la cual saldr\u00e1n los tres primeros lugares.\u00a0Los trabajos ganadores ser\u00e1n publicados a trav\u00e9s de nuestras plataformas, pudiendo ser editado en alg\u00fan aspecto. En tanto, la organizaci\u00f3n se reserva el derecho de declararlo desierto.<\/p>\n<p style=\"text-align: justify;\"><b>\u00a1Tenemos entretenidos premios!<\/b><\/p>\n<\/div><\/section><\/div><div  style='height:50px' class='hr hr-invisible   avia-builder-el-6  el_after_av_one_full  el_before_av_social_share '><span class='hr-inner ' ><span class='hr-inner-style'><\/span><\/span><\/div><\/p>\n<div  class='av-social-sharing-box  avia-builder-el-7  el_after_av_hr  el_before_av_hr  '><div class='av-share-box'><h5 class='av-share-link-description av-no-toc '>Compartir esta noticia<\/h5><ul class='av-share-box-list noLightbox'><li class='av-share-link av-social-link-facebook' ><a target=\"_blank\" aria-label=\"Compartir en Facebook\" href='https:\/\/www.facebook.com\/sharer.php?u=https:\/\/radiorevelacionfm.cl\/?p=46888&#038;t=Invitan%20a%20participar%20de%20Historias%20de%20valor%20y%20servicio%2C%20un%20nuevo%20concurso%20literario' aria-hidden='false' data-av_icon='\ue8f3' data-av_iconfont='entypo-fontello' title='' data-avia-related-tooltip='Compartir en Facebook' rel=\"noopener\"><span class='avia_hidden_link_text'>Compartir en Facebook<\/span><\/a><\/li><li class='av-share-link av-social-link-twitter' ><a target=\"_blank\" aria-label=\"Compartir en Twitter\" href='https:\/\/twitter.com\/share?text=Invitan%20a%20participar%20de%20Historias%20de%20valor%20y%20servicio%2C%20un%20nuevo%20concurso%20literario&#038;url=https:\/\/radiorevelacionfm.cl\/?p=46888' aria-hidden='false' data-av_icon='\ue8f1' data-av_iconfont='entypo-fontello' title='' data-avia-related-tooltip='Compartir en Twitter' rel=\"noopener\"><span class='avia_hidden_link_text'>Compartir en Twitter<\/span><\/a><\/li><li class='av-share-link av-social-link-whatsapp' ><a target=\"_blank\" aria-label=\"Compartir en Whatsapp\" href='https:\/\/api.whatsapp.com\/send?text=https:\/\/radiorevelacionfm.cl\/?p=46888' aria-hidden='false' data-av_icon='\uf232' data-av_iconfont='entypo-fontello' title='' data-avia-related-tooltip='Compartir en Whatsapp' rel=\"noopener\"><span class='avia_hidden_link_text'>Compartir en Whatsapp<\/span><\/a><\/li><li class='av-share-link av-social-link-linkedin' ><a target=\"_blank\" aria-label=\"Compartir en LinkedIn\" href='https:\/\/linkedin.com\/shareArticle?mini=true&#038;title=Invitan%20a%20participar%20de%20Historias%20de%20valor%20y%20servicio%2C%20un%20nuevo%20concurso%20literario&#038;url=https:\/\/radiorevelacionfm.cl\/?p=46888' aria-hidden='false' data-av_icon='\ue8fc' data-av_iconfont='entypo-fontello' title='' data-avia-related-tooltip='Compartir en LinkedIn' rel=\"noopener\"><span class='avia_hidden_link_text'>Compartir en LinkedIn<\/span><\/a><\/li><li class='av-share-link av-social-link-mail' ><a  aria-label=\"Compartir por correo\" href='mailto:?subject=Invitan%20a%20participar%20de%20Historias%20de%20valor%20y%20servicio%2C%20un%20nuevo%20concurso%20literario&#038;body=https:\/\/radiorevelacionfm.cl\/?p=46888' aria-hidden='false' data-av_icon='\ue805' data-av_iconfont='entypo-fontello' title='' data-avia-related-tooltip='Compartir por correo'><span class='avia_hidden_link_text'>Compartir por correo<\/span><\/a><\/li><\/ul><\/div><\/div>\n<div  style='height:50px' class='hr hr-invisible   avia-builder-el-8  el_after_av_social_share  el_before_av_comments_list '><span class='hr-inner ' ><span class='hr-inner-style'><\/span><\/span><\/div>\n<div  class='av-buildercomment  av-blog-meta-html-info-disabled av-blog-meta-tag-disabled  '><\/div>\n","protected":false},"excerpt":{"rendered":"","protected":false},"author":1,"featured_media":46889,"comment_status":"open","ping_status":"open","sticky":false,"template":"","format":"standard","meta":{"footnotes":""},"categories":[61],"tags":[],"class_list":["post-46888","post","type-post","status-publish","format-standard","has-post-thumbnail","hentry","category-nacional"],"jetpack_featured_media_url":"https:\/\/radiorevelacionfm.cl\/wp-content\/uploads\/2024\/10\/1728322442_1727353525_imagen-concurso-literario-2_optimized-2.jpg","_links":{"self":[{"href":"https:\/\/radiorevelacionfm.cl\/index.php?rest_route=\/wp\/v2\/posts\/46888","targetHints":{"allow":["GET"]}}],"collection":[{"href":"https:\/\/radiorevelacionfm.cl\/index.php?rest_route=\/wp\/v2\/posts"}],"about":[{"href":"https:\/\/radiorevelacionfm.cl\/index.php?rest_route=\/wp\/v2\/types\/post"}],"author":[{"embeddable":true,"href":"https:\/\/radiorevelacionfm.cl\/index.php?rest_route=\/wp\/v2\/users\/1"}],"replies":[{"embeddable":true,"href":"https:\/\/radiorevelacionfm.cl\/index.php?rest_route=%2Fwp%2Fv2%2Fcomments&post=46888"}],"version-history":[{"count":1,"href":"https:\/\/radiorevelacionfm.cl\/index.php?rest_route=\/wp\/v2\/posts\/46888\/revisions"}],"predecessor-version":[{"id":46890,"href":"https:\/\/radiorevelacionfm.cl\/index.php?rest_route=\/wp\/v2\/posts\/46888\/revisions\/46890"}],"wp:featuredmedia":[{"embeddable":true,"href":"https:\/\/radiorevelacionfm.cl\/index.php?rest_route=\/wp\/v2\/media\/46889"}],"wp:attachment":[{"href":"https:\/\/radiorevelacionfm.cl\/index.php?rest_route=%2Fwp%2Fv2%2Fmedia&parent=46888"}],"wp:term":[{"taxonomy":"category","embeddable":true,"href":"https:\/\/radiorevelacionfm.cl\/index.php?rest_route=%2Fwp%2Fv2%2Fcategories&post=46888"},{"taxonomy":"post_tag","embeddable":true,"href":"https:\/\/radiorevelacionfm.cl\/index.php?rest_route=%2Fwp%2Fv2%2Ftags&post=46888"}],"curies":[{"name":"wp","href":"https:\/\/api.w.org\/{rel}","templated":true}]}}