{"id":46886,"date":"2024-10-08T15:17:12","date_gmt":"2024-10-08T18:17:12","guid":{"rendered":"https:\/\/radiorevelacionfm.cl\/?p=46886"},"modified":"2024-10-08T15:17:12","modified_gmt":"2024-10-08T18:17:12","slug":"tribunal-condena-a-autores-de-trafico-de-drogas-via-encomiendas","status":"publish","type":"post","link":"https:\/\/radiorevelacionfm.cl\/?p=46886","title":{"rendered":"Tribunal condena a autores de tr\u00e1fico de drogas v\u00eda encomiendas"},"content":{"rendered":"<div class=\"flex_column av_one_full  flex_column_div av-zero-column-padding first  avia-builder-el-0  el_before_av_one_full  avia-builder-el-first  \" style='border-radius:0px; '><div  class='avia-image-container  av-styling-    avia-builder-el-1  avia-builder-el-no-sibling  avia-align-center '  itemprop=\"image\" itemscope=\"itemscope\" itemtype=\"https:\/\/schema.org\/ImageObject\"  ><div class='avia-image-container-inner'><div class='avia-image-overlay-wrap'><img decoding=\"async\" class='wp-image-13477 avia-img-lazy-loading-not-13477 avia_image' src=\"https:\/\/radiorevelacionfm.cl\/wp-content\/uploads\/2022\/02\/foto-1-top-4-1_optimized.jpg\" alt='' title='foto-1-top-4-1_optimized' height=\"573\" width=\"860\"  itemprop=\"thumbnailUrl\" srcset=\"https:\/\/radiorevelacionfm.cl\/wp-content\/uploads\/2022\/02\/foto-1-top-4-1_optimized.jpg 860w, https:\/\/radiorevelacionfm.cl\/wp-content\/uploads\/2022\/02\/foto-1-top-4-1_optimized-300x200.jpg 300w, https:\/\/radiorevelacionfm.cl\/wp-content\/uploads\/2022\/02\/foto-1-top-4-1_optimized-768x512.jpg 768w, https:\/\/radiorevelacionfm.cl\/wp-content\/uploads\/2022\/02\/foto-1-top-4-1_optimized-705x470.jpg 705w, https:\/\/radiorevelacionfm.cl\/wp-content\/uploads\/2022\/02\/foto-1-top-4-1_optimized-600x400.jpg 600w\" sizes=\"(max-width: 860px) 100vw, 860px\" \/><\/div><\/div><\/div><\/div><div class=\"flex_column av_one_full  flex_column_div av-zero-column-padding first  avia-builder-el-2  el_after_av_one_full  el_before_av_one_full  column-top-margin\" style='border-radius:0px; '><section class=\"av_textblock_section \"  itemscope=\"itemscope\" itemtype=\"https:\/\/schema.org\/BlogPosting\" itemprop=\"blogPost\" ><div class='avia_textblock  '   itemprop=\"text\" ><p style=\"text-align: center;\"><strong><span style=\"font-size: 18pt;\">Tribunal condena a autores de tr\u00e1fico de drogas v\u00eda encomiendas<\/span><\/strong><\/p>\n<div id=\"gtx-trans\" style=\"position: absolute; left: -50px; top: 4.31534px;\">\n<div class=\"gtx-trans-icon\"><\/div>\n<\/div>\n<\/div><\/section><\/div><div class=\"flex_column av_one_full  flex_column_div av-zero-column-padding first  avia-builder-el-4  el_after_av_one_full  el_before_av_hr  column-top-margin\" style='border-radius:0px; '><section class=\"av_textblock_section \"  itemscope=\"itemscope\" itemtype=\"https:\/\/schema.org\/BlogPosting\" itemprop=\"blogPost\" ><div class='avia_textblock  '   itemprop=\"text\" ><div>\n<p class=\"v1MsoNormal\" style=\"text-align: justify;\">El Tribunal de Juicio Oral en lo Penal de Coyhaique conden\u00f3 a Cristi\u00e1n Andr\u00e9s Araya Guzm\u00e1n a la pena de 6 a\u00f1os y 180 d\u00edas de presidio efectivo, accesorias legales de \u00a0inhabilitaci\u00f3n absoluta perpetua para derechos pol\u00edticos\u00a0y la\u00a0inhabilitaci\u00f3n absoluta para cargos y oficios p\u00fablicos durante el tiempo de la condena; m\u00e1s el pago de una multa de 40 UTM, en calidad de autor del delito consumado de tr\u00e1fico de drogas. Il\u00edcito perpetrado en enero y febrero pasados, en la ciudad.<\/p>\n<p class=\"v1MsoNormal\" style=\"text-align: justify;\">En fallo un\u00e1nime (causa rol 105-2024), el tribunal \u2013integrado por los magistrados Pablo Freire Gavil\u00e1n (presidente), Patricio Z\u00fa\u00f1iga Valenzuela y Rosal\u00eda Mansilla Quiroz (redactora)\u2013 conden\u00f3, adem\u00e1s, al acusado Franco Aurelio B\u00f3rquez Caro a la pena de 5 a\u00f1os de presidio, con el beneficio de la libertad vigilada intensiva por el mismo lapso, accesorias de inhabilitaci\u00f3n absoluta perpetua para derechos pol\u00edticos\u00a0y la\u00a0inhabilitaci\u00f3n absoluta para cargos y oficios p\u00fablicos durante el tiempo de la condena; m\u00e1s el pago de una multa de 40 UTM, en calidad de coautor del delito.<\/p>\n<p class=\"v1MsoNormal\" style=\"text-align: justify;\">El sentenciado B\u00f3rquez Caro deber\u00e1 cumplir con un programa de actividades orientadas a su reinserci\u00f3n social en el \u00e1mbito personal, comunitario y laboral, a trav\u00e9s de una intervenci\u00f3n individualizada y bajo la sujeci\u00f3n permanente a un delegado de Gendarmer\u00eda y permanecer en su domicilio entre las 23 horas y las cinco de la ma\u00f1ana del d\u00eda siguiente.<\/p>\n<p class=\"v1MsoNormal\" style=\"text-align: justify;\">Una vez que el fallo quede ejecutoriado, el tribunal dispuso que se proceda a la toma de muestras biol\u00f3gicas de los sentenciados para determinar\u00a0sus respectivas huellas gen\u00e9ticas\u00a0e incorporaci\u00f3n en el registro nacional de ADN de condenados. Adem\u00e1s, se decret\u00f3 el comiso de las especies incautadas.<\/p>\n<p class=\"v1MsoNormal\" style=\"text-align: justify;\">El tribunal dio por acreditado, m\u00e1s all\u00e1 de toda duda razonable,\u00a0que\u00a0los acusados B\u00f3rquez Caro y Araya Guzm\u00e1n, \u00ab(&#8230;) se coordinaron para trasladar, por medio de la empresa Transportes Zona Sur S.A., sustancias psicotr\u00f3picas desde la Regi\u00f3n Metropolitana a la ciudad de Coyhaique, la que posteriormente ser\u00eda vendida a terceros. En ese contexto el d\u00eda 6 de febrero de 2024, personal de la PDI asistido por un can detector de drogas, concurri\u00f3 a la bodega de dicha empresa, \u00a0al proceder a su apertura con autorizaci\u00f3n judicial, se detect\u00f3 que se trataba de un parlante embalado en film, en cuyo interior los imputados transportaban ocho paquetes cubiertos por una bolsa de pl\u00e1stico y cinta adhesiva transparente, los cuales en total conten\u00edan 2.063,82 gramos netos de cannabis, y tres paquetes cubiertos por una bolsa de pl\u00e1stica y cinta adhesiva transparente contenedoras de sustancia en polvo blanco, que result\u00f3 ser clorhidrato de coca\u00edna, con un pesos total neto de 1465,78 gramos\u00bb.<\/p>\n<p class=\"v1MsoNormal\" style=\"text-align: justify;\">En tanto, el 7 de febrero de 2024, funcionarios de la Polic\u00eda de Investigaciones que se encontraban vigilando la empresa, se percatan que \u00ab(&#8230;) B\u00f3rquez Caro concurre hasta dicha sucursal, a retirar la encomienda vigilada, la que le fue entregada y fue detenido mientras la portaba; y, posteriormente, se detuvo a Cristi\u00e1n Andr\u00e9s Araya Guzm\u00e1n \u00a0quien estaba en posesi\u00f3n de dos tel\u00e9fonos celulares a trav\u00e9s de los cuales coordinaba esta actividad il\u00edcita\u00bb.<\/p>\n<p class=\"v1MsoNormal\" style=\"text-align: justify;\">Asimismo, las coordinaciones entre los acusados, permiti\u00f3 la concreci\u00f3n del env\u00edo de una segunda encomienda remitida desde la comuna de Pudahuel, hasta Coyhaique, por medio de la misma empresa de transportes. \u00abDicha encomienda fue detectada por personal de la PDI y al proceder a su apertura previa autorizaci\u00f3n judicial, se encontr\u00f3 que se trataba de un parlante embalado en film, en cuyo interior los imputados transportaban seis paquetes cubiertos por una bolsa de pl\u00e1stico y cinta adhesiva transparente contenedores de sustancia en polvo blanco, que conforme a los an\u00e1lisis respectivos result\u00f3 ser coca\u00edna clorhidrato, con un peso neto total 2.764,25 gramos\u00bb.<\/p>\n<p class=\"v1MsoNormal\" style=\"text-align: justify;\">\n<\/div>\n<\/div><\/section><\/div><div  style='height:50px' class='hr hr-invisible   avia-builder-el-6  el_after_av_one_full  el_before_av_social_share '><span class='hr-inner ' ><span class='hr-inner-style'><\/span><\/span><\/div><\/p>\n<div  class='av-social-sharing-box  avia-builder-el-7  el_after_av_hr  el_before_av_hr  '><div class='av-share-box'><h5 class='av-share-link-description av-no-toc '>Compartir esta noticia<\/h5><ul class='av-share-box-list noLightbox'><li class='av-share-link av-social-link-facebook' ><a target=\"_blank\" aria-label=\"Compartir en Facebook\" href='https:\/\/www.facebook.com\/sharer.php?u=https:\/\/radiorevelacionfm.cl\/?p=46886&#038;t=Tribunal%20condena%20a%20autores%20de%20tr%C3%A1fico%20de%20drogas%20v%C3%ADa%20encomiendas' aria-hidden='false' data-av_icon='\ue8f3' data-av_iconfont='entypo-fontello' title='' data-avia-related-tooltip='Compartir en Facebook' rel=\"noopener\"><span class='avia_hidden_link_text'>Compartir en Facebook<\/span><\/a><\/li><li class='av-share-link av-social-link-twitter' ><a target=\"_blank\" aria-label=\"Compartir en Twitter\" href='https:\/\/twitter.com\/share?text=Tribunal%20condena%20a%20autores%20de%20tr%C3%A1fico%20de%20drogas%20v%C3%ADa%20encomiendas&#038;url=https:\/\/radiorevelacionfm.cl\/?p=46886' aria-hidden='false' data-av_icon='\ue8f1' data-av_iconfont='entypo-fontello' title='' data-avia-related-tooltip='Compartir en Twitter' rel=\"noopener\"><span class='avia_hidden_link_text'>Compartir en Twitter<\/span><\/a><\/li><li class='av-share-link av-social-link-whatsapp' ><a target=\"_blank\" aria-label=\"Compartir en Whatsapp\" href='https:\/\/api.whatsapp.com\/send?text=https:\/\/radiorevelacionfm.cl\/?p=46886' aria-hidden='false' data-av_icon='\uf232' data-av_iconfont='entypo-fontello' title='' data-avia-related-tooltip='Compartir en Whatsapp' rel=\"noopener\"><span class='avia_hidden_link_text'>Compartir en Whatsapp<\/span><\/a><\/li><li class='av-share-link av-social-link-linkedin' ><a target=\"_blank\" aria-label=\"Compartir en LinkedIn\" href='https:\/\/linkedin.com\/shareArticle?mini=true&#038;title=Tribunal%20condena%20a%20autores%20de%20tr%C3%A1fico%20de%20drogas%20v%C3%ADa%20encomiendas&#038;url=https:\/\/radiorevelacionfm.cl\/?p=46886' aria-hidden='false' data-av_icon='\ue8fc' data-av_iconfont='entypo-fontello' title='' data-avia-related-tooltip='Compartir en LinkedIn' rel=\"noopener\"><span class='avia_hidden_link_text'>Compartir en LinkedIn<\/span><\/a><\/li><li class='av-share-link av-social-link-mail' ><a  aria-label=\"Compartir por correo\" href='mailto:?subject=Tribunal%20condena%20a%20autores%20de%20tr%C3%A1fico%20de%20drogas%20v%C3%ADa%20encomiendas&#038;body=https:\/\/radiorevelacionfm.cl\/?p=46886' aria-hidden='false' data-av_icon='\ue805' data-av_iconfont='entypo-fontello' title='' data-avia-related-tooltip='Compartir por correo'><span class='avia_hidden_link_text'>Compartir por correo<\/span><\/a><\/li><\/ul><\/div><\/div>\n<div  style='height:50px' class='hr hr-invisible   avia-builder-el-8  el_after_av_social_share  el_before_av_comments_list '><span class='hr-inner ' ><span class='hr-inner-style'><\/span><\/span><\/div>\n<div  class='av-buildercomment  av-blog-meta-html-info-disabled av-blog-meta-tag-disabled  '><\/div>\n","protected":false},"excerpt":{"rendered":"","protected":false},"author":1,"featured_media":13477,"comment_status":"open","ping_status":"open","sticky":false,"template":"","format":"standard","meta":{"footnotes":""},"categories":[55],"tags":[],"class_list":["post-46886","post","type-post","status-publish","format-standard","has-post-thumbnail","hentry","category-justicia"],"jetpack_featured_media_url":"https:\/\/radiorevelacionfm.cl\/wp-content\/uploads\/2022\/02\/foto-1-top-4-1_optimized.jpg","_links":{"self":[{"href":"https:\/\/radiorevelacionfm.cl\/index.php?rest_route=\/wp\/v2\/posts\/46886","targetHints":{"allow":["GET"]}}],"collection":[{"href":"https:\/\/radiorevelacionfm.cl\/index.php?rest_route=\/wp\/v2\/posts"}],"about":[{"href":"https:\/\/radiorevelacionfm.cl\/index.php?rest_route=\/wp\/v2\/types\/post"}],"author":[{"embeddable":true,"href":"https:\/\/radiorevelacionfm.cl\/index.php?rest_route=\/wp\/v2\/users\/1"}],"replies":[{"embeddable":true,"href":"https:\/\/radiorevelacionfm.cl\/index.php?rest_route=%2Fwp%2Fv2%2Fcomments&post=46886"}],"version-history":[{"count":1,"href":"https:\/\/radiorevelacionfm.cl\/index.php?rest_route=\/wp\/v2\/posts\/46886\/revisions"}],"predecessor-version":[{"id":46887,"href":"https:\/\/radiorevelacionfm.cl\/index.php?rest_route=\/wp\/v2\/posts\/46886\/revisions\/46887"}],"wp:featuredmedia":[{"embeddable":true,"href":"https:\/\/radiorevelacionfm.cl\/index.php?rest_route=\/wp\/v2\/media\/13477"}],"wp:attachment":[{"href":"https:\/\/radiorevelacionfm.cl\/index.php?rest_route=%2Fwp%2Fv2%2Fmedia&parent=46886"}],"wp:term":[{"taxonomy":"category","embeddable":true,"href":"https:\/\/radiorevelacionfm.cl\/index.php?rest_route=%2Fwp%2Fv2%2Fcategories&post=46886"},{"taxonomy":"post_tag","embeddable":true,"href":"https:\/\/radiorevelacionfm.cl\/index.php?rest_route=%2Fwp%2Fv2%2Ftags&post=46886"}],"curies":[{"name":"wp","href":"https:\/\/api.w.org\/{rel}","templated":true}]}}