{"id":46883,"date":"2024-10-09T09:25:19","date_gmt":"2024-10-09T12:25:19","guid":{"rendered":"https:\/\/radiorevelacionfm.cl\/?p=46883"},"modified":"2024-10-09T09:25:19","modified_gmt":"2024-10-09T12:25:19","slug":"subsecretaria-de-mineria-suina-chahuan-lidera-tercera-sesion-de-la-mesa-de-mineria-y-geologia-en-chile-chico","status":"publish","type":"post","link":"https:\/\/radiorevelacionfm.cl\/?p=46883","title":{"rendered":"Subsecretaria de Miner\u00eda Suina Chahu\u00e1n lidera tercera sesi\u00f3n de la mesa de Miner\u00eda y Geolog\u00eda en Chile Chico"},"content":{"rendered":"<div class=\"flex_column av_one_full  flex_column_div av-zero-column-padding first  avia-builder-el-0  el_before_av_one_full  avia-builder-el-first  \" style='border-radius:0px; '><div  class='avia-image-container  av-styling-    avia-builder-el-1  avia-builder-el-no-sibling  avia-align-center '  itemprop=\"image\" itemscope=\"itemscope\" itemtype=\"https:\/\/schema.org\/ImageObject\"  ><div class='avia-image-container-inner'><div class='avia-image-overlay-wrap'><img decoding=\"async\" class='wp-image-46884 avia-img-lazy-loading-not-46884 avia_image' src=\"https:\/\/radiorevelacionfm.cl\/wp-content\/uploads\/2024\/10\/be23a46a-0182-4dfa-8909-84a40d1119f4-2-2.jpg\" alt='' title='be23a46a-0182-4dfa-8909-84a40d1119f4-2-2' height=\"600\" width=\"800\"  itemprop=\"thumbnailUrl\" srcset=\"https:\/\/radiorevelacionfm.cl\/wp-content\/uploads\/2024\/10\/be23a46a-0182-4dfa-8909-84a40d1119f4-2-2.jpg 800w, https:\/\/radiorevelacionfm.cl\/wp-content\/uploads\/2024\/10\/be23a46a-0182-4dfa-8909-84a40d1119f4-2-2-300x225.jpg 300w, https:\/\/radiorevelacionfm.cl\/wp-content\/uploads\/2024\/10\/be23a46a-0182-4dfa-8909-84a40d1119f4-2-2-768x576.jpg 768w, https:\/\/radiorevelacionfm.cl\/wp-content\/uploads\/2024\/10\/be23a46a-0182-4dfa-8909-84a40d1119f4-2-2-705x529.jpg 705w, https:\/\/radiorevelacionfm.cl\/wp-content\/uploads\/2024\/10\/be23a46a-0182-4dfa-8909-84a40d1119f4-2-2-450x338.jpg 450w, https:\/\/radiorevelacionfm.cl\/wp-content\/uploads\/2024\/10\/be23a46a-0182-4dfa-8909-84a40d1119f4-2-2-600x450.jpg 600w\" sizes=\"(max-width: 800px) 100vw, 800px\" \/><\/div><\/div><\/div><\/div><div class=\"flex_column av_one_full  flex_column_div av-zero-column-padding first  avia-builder-el-2  el_after_av_one_full  el_before_av_one_full  column-top-margin\" style='border-radius:0px; '><section class=\"av_textblock_section \"  itemscope=\"itemscope\" itemtype=\"https:\/\/schema.org\/BlogPosting\" itemprop=\"blogPost\" ><div class='avia_textblock  '   itemprop=\"text\" ><p style=\"text-align: center;\"><strong><span style=\"font-size: 18pt;\">Subsecretaria de Miner\u00eda Suina Chahu\u00e1n lidera tercera sesi\u00f3n de la mesa de Miner\u00eda y Geolog\u00eda en Chile Chico<\/span><\/strong><\/p>\n<div id=\"gtx-trans\" style=\"position: absolute; left: -50px; top: 4.31534px;\">\n<div class=\"gtx-trans-icon\"><\/div>\n<\/div>\n<\/div><\/section><\/div><div class=\"flex_column av_one_full  flex_column_div av-zero-column-padding first  avia-builder-el-4  el_after_av_one_full  el_before_av_hr  column-top-margin\" style='border-radius:0px; '><section class=\"av_textblock_section \"  itemscope=\"itemscope\" itemtype=\"https:\/\/schema.org\/BlogPosting\" itemprop=\"blogPost\" ><div class='avia_textblock  '   itemprop=\"text\" ><p style=\"text-align: justify;\">Junto a autoridades regionales, locales, representantes gremiales, del sector productivo y empresas mineras de la regi\u00f3n, en Chile Chico, se efect\u00fao la tercera sesi\u00f3n de la mesa de la Miner\u00eda y Geolog\u00eda, organizada por el Ministerio de Miner\u00eda Ays\u00e9n.<\/p>\n<p style=\"text-align: justify;\"><strong>En su paso por la regi\u00f3n, la Subsecretaria de Miner\u00eda, Suina Chahu\u00e1n<\/strong>\u00a0 encabez\u00f3 la mesa\u00a0 que tiene por objetivo abordar los desaf\u00edos, brechas y oportunidades del sector, promoviendo la colaboraci\u00f3n entre las diversas entidades involucradas para fomentar el crecimiento econ\u00f3mico regional.<\/p>\n<p style=\"text-align: justify;\"><strong>En este contexto, la Subsecretaria expres\u00f3 que se ha generado este espacio p\u00fablico -privado donde se ha creado una discusi\u00f3n de alto nivel t\u00e9cnico <\/strong>\u201cla iniciativa creada por el seremi de Miner\u00eda, Juan V\u00e1squez Alarc\u00f3n, ha generado un espacio\u00a0 donde participa el sector productivo, p\u00fablico, y la sociedad civil\u00a0 para discutir temas de la miner\u00eda y geolog\u00eda y sus desaf\u00edos en Ays\u00e9n. En la instancia, todos pudimos expresar las brechas y los espacios que tiene el sector productivo de la miner\u00eda en la regi\u00f3n, y con ello, ir generando un avance en el proceso productivo\u00a0 y encadenando\u00a0 capacidades de desarrollo de talento que va de la mano con todo el impulso de este sector\u201d.\u00a0 Dijo la Subsecretaria.<\/p>\n<p style=\"text-align: justify;\">En la ocasi\u00f3n, se efectuaron dos presentaciones, la primera estuvo a cargo del Ministerio de Obras P\u00fablicas, donde la seremi de la cartera, Paloma Jara Vald\u00e9s, present\u00f3 el tema \u201cInfraestructura para apoyar el desarrollo productivo\u201d poniendo \u00e9nfasis en la circular del Servicio de Impuestos Internos N\u00b0 49 del 31 de agosto del 2006 donde se explica que las empresas extractivas, requieren para el desarrollo eficiente de su actividad, disponer de caminos que cuenten con especificaciones t\u00e9cnicas acordes con las caracter\u00edsticas de peso y carga de los productos que deben movilizar. Adem\u00e1s de dar a conocer que la Direcci\u00f3n de Vialidad del Ministerio de Obras P\u00fablicas se encuentra facultada legalmente para recibir aportes o contribuciones de particulares cuyo destino sea la construcci\u00f3n o mejoramiento de caminos u obras viales de uso p\u00fablico.<\/p>\n<p style=\"text-align: justify;\">La segunda presentaci\u00f3n fue desarrollada por la empresa PROESTECH con el tema \u201cReutilizaci\u00f3n de desechos mineros en Infraestructura\u201d quienes mostraron a los asistentes de la mesa\u00a0 el prop\u00f3sito del proyecto que incluye reutilizar los materiales de descarte de los procesos mineros.<\/p>\n<p style=\"text-align: justify;\"><strong>En este contexto, el Delegado\u00a0 Regional Presidencial, Rodrigo Araya Morales,<\/strong> \u00a0indic\u00f3 que \u201cHemos participado junto a la Subsecretaria de Miner\u00eda en esta instancia que ha sido gatillada por la Seremi de Miner\u00eda de nuestra regi\u00f3n y que ha sido muy valorada por todos los actores presentes en la mesa, se discutieron dos temas relevantes del punto de vista de los beneficios tributarios en relaci\u00f3n al trabajo del camino de la empresa del sector y tambi\u00e9n se analiz\u00f3 una propuesta de innovaci\u00f3n con el uso del material de relave minero para la construcci\u00f3n de caminos, estas son cosas que abren expectativas que no estaban consideradas y que permiten generar una mesa de trabajo a cargo de la Seremi de Miner\u00eda para poder concretar estas iniciativas.<\/p>\n<p style=\"text-align: justify;\"><strong>El Diputado por la regi\u00f3n de Ays\u00e9n, Miguel \u00c1ngel Calisto, <\/strong>con respecto al desarrollo de la tercera mesa se\u00f1al\u00f3 que \u201ceste tipo de v\u00ednculos es importante para fortalecer la actividad minera que es relevante no solo en lo econ\u00f3mico, sino tambi\u00e9n en lo cultural para la regi\u00f3n, hay mucho que entrelazar y gestionar para fortalecer nuestras comunidades, destaco la comunicaci\u00f3n que existe entre la seremi de Miner\u00eda y las empresas mineras presentes, tenemos que hacer miner\u00eda sustentable que dialogue con el medio ambiente\u201d.<\/p>\n<p style=\"text-align: justify;\">Al t\u00e9rmino de la jornada, la subsecretaria de Miner\u00eda, Suina Chahu\u00e1n,\u00a0 junto a\u00a0 los integrantes de la Mesa realizaron una visita a las instalaciones de la Mina operada por Andian Silver, la cual se encuentra en proceso de reactivaci\u00f3n en el sector Laguna Verde de Chile Chico.<\/p>\n<\/div><\/section><\/div><div  style='height:50px' class='hr hr-invisible   avia-builder-el-6  el_after_av_one_full  el_before_av_social_share '><span class='hr-inner ' ><span class='hr-inner-style'><\/span><\/span><\/div><\/p>\n<div  class='av-social-sharing-box  avia-builder-el-7  el_after_av_hr  el_before_av_hr  '><div class='av-share-box'><h5 class='av-share-link-description av-no-toc '>Compartir esta noticia<\/h5><ul class='av-share-box-list noLightbox'><li class='av-share-link av-social-link-facebook' ><a target=\"_blank\" aria-label=\"Compartir en Facebook\" href='https:\/\/www.facebook.com\/sharer.php?u=https:\/\/radiorevelacionfm.cl\/?p=46883&#038;t=Subsecretaria%20de%20Miner%C3%ADa%20Suina%20Chahu%C3%A1n%20lidera%20tercera%20sesi%C3%B3n%20de%20la%20mesa%20de%20Miner%C3%ADa%20y%20Geolog%C3%ADa%20en%20Chile%20Chico' aria-hidden='false' data-av_icon='\ue8f3' data-av_iconfont='entypo-fontello' title='' data-avia-related-tooltip='Compartir en Facebook' rel=\"noopener\"><span class='avia_hidden_link_text'>Compartir en Facebook<\/span><\/a><\/li><li class='av-share-link av-social-link-twitter' ><a target=\"_blank\" aria-label=\"Compartir en Twitter\" href='https:\/\/twitter.com\/share?text=Subsecretaria%20de%20Miner%C3%ADa%20Suina%20Chahu%C3%A1n%20lidera%20tercera%20sesi%C3%B3n%20de%20la%20mesa%20de%20Miner%C3%ADa%20y%20Geolog%C3%ADa%20en%20Chile%20Chico&#038;url=https:\/\/radiorevelacionfm.cl\/?p=46883' aria-hidden='false' data-av_icon='\ue8f1' data-av_iconfont='entypo-fontello' title='' data-avia-related-tooltip='Compartir en Twitter' rel=\"noopener\"><span class='avia_hidden_link_text'>Compartir en Twitter<\/span><\/a><\/li><li class='av-share-link av-social-link-whatsapp' ><a target=\"_blank\" aria-label=\"Compartir en Whatsapp\" href='https:\/\/api.whatsapp.com\/send?text=https:\/\/radiorevelacionfm.cl\/?p=46883' aria-hidden='false' data-av_icon='\uf232' data-av_iconfont='entypo-fontello' title='' data-avia-related-tooltip='Compartir en Whatsapp' rel=\"noopener\"><span class='avia_hidden_link_text'>Compartir en Whatsapp<\/span><\/a><\/li><li class='av-share-link av-social-link-linkedin' ><a target=\"_blank\" aria-label=\"Compartir en LinkedIn\" href='https:\/\/linkedin.com\/shareArticle?mini=true&#038;title=Subsecretaria%20de%20Miner%C3%ADa%20Suina%20Chahu%C3%A1n%20lidera%20tercera%20sesi%C3%B3n%20de%20la%20mesa%20de%20Miner%C3%ADa%20y%20Geolog%C3%ADa%20en%20Chile%20Chico&#038;url=https:\/\/radiorevelacionfm.cl\/?p=46883' aria-hidden='false' data-av_icon='\ue8fc' data-av_iconfont='entypo-fontello' title='' data-avia-related-tooltip='Compartir en LinkedIn' rel=\"noopener\"><span class='avia_hidden_link_text'>Compartir en LinkedIn<\/span><\/a><\/li><li class='av-share-link av-social-link-mail' ><a  aria-label=\"Compartir por correo\" href='mailto:?subject=Subsecretaria%20de%20Miner%C3%ADa%20Suina%20Chahu%C3%A1n%20lidera%20tercera%20sesi%C3%B3n%20de%20la%20mesa%20de%20Miner%C3%ADa%20y%20Geolog%C3%ADa%20en%20Chile%20Chico&#038;body=https:\/\/radiorevelacionfm.cl\/?p=46883' aria-hidden='false' data-av_icon='\ue805' data-av_iconfont='entypo-fontello' title='' data-avia-related-tooltip='Compartir por correo'><span class='avia_hidden_link_text'>Compartir por correo<\/span><\/a><\/li><\/ul><\/div><\/div>\n<div  style='height:50px' class='hr hr-invisible   avia-builder-el-8  el_after_av_social_share  el_before_av_comments_list '><span class='hr-inner ' ><span class='hr-inner-style'><\/span><\/span><\/div>\n<div  class='av-buildercomment  av-blog-meta-html-info-disabled av-blog-meta-tag-disabled  '><\/div>\n","protected":false},"excerpt":{"rendered":"","protected":false},"author":1,"featured_media":46884,"comment_status":"open","ping_status":"open","sticky":false,"template":"","format":"standard","meta":{"footnotes":""},"categories":[38],"tags":[],"class_list":["post-46883","post","type-post","status-publish","format-standard","has-post-thumbnail","hentry","category-regional"],"jetpack_featured_media_url":"https:\/\/radiorevelacionfm.cl\/wp-content\/uploads\/2024\/10\/be23a46a-0182-4dfa-8909-84a40d1119f4-2-2.jpg","_links":{"self":[{"href":"https:\/\/radiorevelacionfm.cl\/index.php?rest_route=\/wp\/v2\/posts\/46883","targetHints":{"allow":["GET"]}}],"collection":[{"href":"https:\/\/radiorevelacionfm.cl\/index.php?rest_route=\/wp\/v2\/posts"}],"about":[{"href":"https:\/\/radiorevelacionfm.cl\/index.php?rest_route=\/wp\/v2\/types\/post"}],"author":[{"embeddable":true,"href":"https:\/\/radiorevelacionfm.cl\/index.php?rest_route=\/wp\/v2\/users\/1"}],"replies":[{"embeddable":true,"href":"https:\/\/radiorevelacionfm.cl\/index.php?rest_route=%2Fwp%2Fv2%2Fcomments&post=46883"}],"version-history":[{"count":1,"href":"https:\/\/radiorevelacionfm.cl\/index.php?rest_route=\/wp\/v2\/posts\/46883\/revisions"}],"predecessor-version":[{"id":46885,"href":"https:\/\/radiorevelacionfm.cl\/index.php?rest_route=\/wp\/v2\/posts\/46883\/revisions\/46885"}],"wp:featuredmedia":[{"embeddable":true,"href":"https:\/\/radiorevelacionfm.cl\/index.php?rest_route=\/wp\/v2\/media\/46884"}],"wp:attachment":[{"href":"https:\/\/radiorevelacionfm.cl\/index.php?rest_route=%2Fwp%2Fv2%2Fmedia&parent=46883"}],"wp:term":[{"taxonomy":"category","embeddable":true,"href":"https:\/\/radiorevelacionfm.cl\/index.php?rest_route=%2Fwp%2Fv2%2Fcategories&post=46883"},{"taxonomy":"post_tag","embeddable":true,"href":"https:\/\/radiorevelacionfm.cl\/index.php?rest_route=%2Fwp%2Fv2%2Ftags&post=46883"}],"curies":[{"name":"wp","href":"https:\/\/api.w.org\/{rel}","templated":true}]}}