{"id":46880,"date":"2024-10-08T14:22:13","date_gmt":"2024-10-08T17:22:13","guid":{"rendered":"https:\/\/radiorevelacionfm.cl\/?p=46880"},"modified":"2024-10-12T20:43:31","modified_gmt":"2024-10-12T23:43:31","slug":"educacion-ejecuta-proyecto-de-iniciativa-provincial-que-busca-apropiarse-de-los-sentidos-de-la-evaluacion-formativa","status":"publish","type":"post","link":"https:\/\/radiorevelacionfm.cl\/?p=46880","title":{"rendered":"Educaci\u00f3n ejecuta proyecto de iniciativa provincial que busca apropiarse de los sentidos de la evaluaci\u00f3n formativa"},"content":{"rendered":"<div class=\"flex_column av_one_full  flex_column_div av-zero-column-padding first  avia-builder-el-0  el_before_av_one_full  avia-builder-el-first  \" style='border-radius:0px; '><div  class='avia-image-container  av-styling-    avia-builder-el-1  avia-builder-el-no-sibling  avia-align-center '  itemprop=\"image\" itemscope=\"itemscope\" itemtype=\"https:\/\/schema.org\/ImageObject\"  ><div class='avia-image-container-inner'><div class='avia-image-overlay-wrap'><img decoding=\"async\" class='wp-image-46881 avia-img-lazy-loading-not-46881 avia_image' src=\"https:\/\/radiorevelacionfm.cl\/wp-content\/uploads\/2024\/10\/jornada-iniciativas-provinciales-7-2_optimized.jpg\" alt='' title='jornada-iniciativas-provinciales-(7)-2_optimized' height=\"600\" width=\"1046\"  itemprop=\"thumbnailUrl\" srcset=\"https:\/\/radiorevelacionfm.cl\/wp-content\/uploads\/2024\/10\/jornada-iniciativas-provinciales-7-2_optimized.jpg 1046w, https:\/\/radiorevelacionfm.cl\/wp-content\/uploads\/2024\/10\/jornada-iniciativas-provinciales-7-2_optimized-300x172.jpg 300w, https:\/\/radiorevelacionfm.cl\/wp-content\/uploads\/2024\/10\/jornada-iniciativas-provinciales-7-2_optimized-1030x591.jpg 1030w, https:\/\/radiorevelacionfm.cl\/wp-content\/uploads\/2024\/10\/jornada-iniciativas-provinciales-7-2_optimized-768x441.jpg 768w, https:\/\/radiorevelacionfm.cl\/wp-content\/uploads\/2024\/10\/jornada-iniciativas-provinciales-7-2_optimized-705x404.jpg 705w, https:\/\/radiorevelacionfm.cl\/wp-content\/uploads\/2024\/10\/jornada-iniciativas-provinciales-7-2_optimized-450x258.jpg 450w, https:\/\/radiorevelacionfm.cl\/wp-content\/uploads\/2024\/10\/jornada-iniciativas-provinciales-7-2_optimized-600x344.jpg 600w\" sizes=\"(max-width: 1046px) 100vw, 1046px\" \/><\/div><\/div><\/div><\/div><div class=\"flex_column av_one_full  flex_column_div av-zero-column-padding first  avia-builder-el-2  el_after_av_one_full  el_before_av_one_full  column-top-margin\" style='border-radius:0px; '><section class=\"av_textblock_section \"  itemscope=\"itemscope\" itemtype=\"https:\/\/schema.org\/BlogPosting\" itemprop=\"blogPost\" ><div class='avia_textblock  '   itemprop=\"text\" ><p style=\"text-align: center;\"><span style=\"font-size: 18pt;\"><b>Educaci\u00f3n ejecuta proyecto de iniciativa provincial que busca apropiarse de los sentidos de la evaluaci\u00f3n formativa<\/b><\/span><\/p>\n<div id=\"gtx-trans\" style=\"position: absolute; left: -50px; top: 4.31534px;\">\n<div class=\"gtx-trans-icon\"><\/div>\n<\/div>\n<\/div><\/section><\/div><div class=\"flex_column av_one_full  flex_column_div av-zero-column-padding first  avia-builder-el-4  el_after_av_one_full  el_before_av_hr  column-top-margin\" style='border-radius:0px; '><section class=\"av_textblock_section \"  itemscope=\"itemscope\" itemtype=\"https:\/\/schema.org\/BlogPosting\" itemprop=\"blogPost\" ><div class='avia_textblock  '   itemprop=\"text\" ><p class=\"v1MsoNormal\" style=\"text-align: justify;\">A fines de septiembre, concluy\u00f3 la Segunda Jornada del proyecto de iniciativa provincial llamado \u201cLa Evaluaci\u00f3n Formativa: Escudo para la Trayectoria Educativa\u201d que se vincula a acci\u00f3n del Plan Anual del Comit\u00e9 Local de Desarrollo Profesional Docente que consist\u00eda en orientar a trav\u00e9s de la supervisi\u00f3n el uso de horas no lectivas y la apropiaci\u00f3n del Marco para la Buena Ense\u00f1anza, realizada en la comuna de Villa O\u2019Higgins.<\/p>\n<p class=\"v1MsoNormal\" style=\"text-align: justify;\">Esta iniciativa permiti\u00f3 reunir a los equipos de gesti\u00f3n de los establecimientos de las comunas de Cochrane, Tortel y Villa O\u2019Higgins con el objetivo de promover el desarrollo de pr\u00e1cticas innovadoras en relaci\u00f3n con el proceso de evaluaci\u00f3n a partir de relaciones de colaboraci\u00f3n e intercambio de experiencias promover el progreso del aprendizaje y la retroalimentaci\u00f3n de los procesos de ense\u00f1anza.<\/p>\n<p class=\"v1MsoNormal\" style=\"text-align: justify;\">Estas jornadas fueron lideradas por supervisoras y la Secretaria T\u00e9cnica del Comit\u00e9 Local de Desarrollo Profesional Docente con \u00e9nfasis en la formaci\u00f3n y el desarrollo profesional entre pares a trav\u00e9s de espacios y tiempos de reflexi\u00f3n y colaboraci\u00f3n entre establecimientos.<\/p>\n<p class=\"v1MsoNormal\" style=\"text-align: justify;\">Lilia Concha Directora de CPEIP, envi\u00f3 un saludo en el que manifest\u00f3 \u201cAqu\u00ed hay dos cosas virtuosas que ocurren. Por una parte, abordar la evaluaci\u00f3n para el aprendizaje formativo y por otra parte abordar la importancia del trabajo en colaboraci\u00f3n y con sentido colectivo entre docentes. Donde intercambiamos experiencias conocimientos, y nos cooperamos para el trabajo t\u00e9cnico en conjunto\u201d.<\/p>\n<p class=\"v1MsoNormal\" style=\"text-align: justify;\">Ruby Gallano, supervisora y Sonia Miranda, Secretaria T\u00e9cnica del CL de DPD, manifestaron su satisfacci\u00f3n por haber concluido este proyecto con una jornada realizada de manera in\u00e9dita en el extremo sur de nuestra regi\u00f3n, en donde las posibilidades de conexi\u00f3n son posibles solo a trav\u00e9s de la gesti\u00f3n, disposici\u00f3n y colaboraci\u00f3n con los equipos de gesti\u00f3n de tres comunas. El trabajo realizado favoreci\u00f3 permanentemente la reflexi\u00f3n con foco en el aprendizaje de los estudiantes con sentido de pertenencia en el contexto situado.<\/p>\n<p class=\"v1MsoNormal\" style=\"text-align: justify;\">Se le consult\u00f3 a los representantes de colegios participantes sus impresiones de la jornada que es la \u00faltima en el a\u00f1o y los desaf\u00edos que se llevan al t\u00e9rmino de esta.<\/p>\n<p class=\"v1MsoNormal\" style=\"text-align: justify;\">Eladio Saldivia, director de la Escuela Comandante Luis Bravo Bravo de Caleta Tortel manifest\u00f3 que \u201cla instancia vivida permite dar una mirada profunda a problem\u00e1ticas reales y nos desaf\u00eda a aplicar estrategias que se presentaron en los estudios de casos\u201d.<\/p>\n<p class=\"v1MsoNormal\" style=\"text-align: justify;\">Erika Salinas, directora del Liceo Austral Lord Cochrane indica: \u201cNosotros pensamos que la proyecci\u00f3n para el pr\u00f3ximo a\u00f1o es trabajar con mayor vinculaci\u00f3n y mancomunadamente con los establecimientos m\u00e1s cercanos con el fin de realizar actividades en donde nuestros estudiantes puedan salir e intercambiar experiencias con los estudiantes de las otras escuelas y gestionar los recursos para hacer realidad esta proyecci\u00f3n para que los estudiantes conozcan otras realidades\u201d.<\/p>\n<p class=\"v1MsoNormal\" style=\"text-align: justify;\">Benedicto Schenffeldt, director de la Escuela Teniente Hern\u00e1n Merino Correa tambi\u00e9n expresa su deseo a que esta coordinaci\u00f3n que se ha logrado a trav\u00e9s de la iniciativa provincial siga.<\/p>\n<p class=\"v1MsoNormal\" style=\"text-align: justify;\">\u201cEn nuestro establecimiento es necesario continuar fortaleciendo las capacidades docentes en relaci\u00f3n con la evaluaci\u00f3n formativa y propiciar el v\u00ednculo de profesionales de los establecimientos aqu\u00ed presentes desde la pedagog\u00eda y sus disciplinas, asignaturas o coordinaciones. Donde una coordinadora de departamento por ejemplo pueda asistir a un establecimiento un d\u00eda y trabajar en conjunto, despejar dudas, conocer iniciativas y traer nuevas ideas. Proyectando el desarrollo profesional en servicio\u201d.<\/p>\n<p class=\"v1MsoNormal\" style=\"text-align: justify;\">Paula Sanchez, directora Liceo Pioneros del Sur apuesta su deseo de crear una red o una comunidad de la Provincia del Capit\u00e1n Prat con sentido territorial donde nos reunamos de manera sistem\u00e1tica.<\/p>\n<p class=\"v1MsoNormal\" style=\"text-align: justify;\">\u201cNo es un acuerdo menor. Yo agradezco que esta vez hayan venido hasta ac\u00e1 (Villa O\u2019Higgins), s\u00e9 lo que cuesta el traslado, el esfuerzo que eso significa, pero tambi\u00e9n agradezco que ustedes hayan pensado en nosotros, que hayan hecho este enorme trayecto porque cuantas veces somos nosotros los que recorremos dos d\u00edas para llegar a las jornadas a las que nos citan. Nosotros nos sentimos super solos y me atrae la idea de consagrar estas acciones en los planes que desarrollamos asociados a liderazgo, desarrollo profesional docente entre otros y como dec\u00edan los otros directores, favorecer el intercambio de docentes y coordinadores tambi\u00e9n. El hecho de contactarnos con otros profesionales y ver otras caras, otras formas de hacer, nos nutre porque las comunidades que aprenden son las comunidades que crecen\u201d.<\/p>\n<\/div><\/section><\/div><div  style='height:50px' class='hr hr-invisible   avia-builder-el-6  el_after_av_one_full  el_before_av_social_share '><span class='hr-inner ' ><span class='hr-inner-style'><\/span><\/span><\/div><\/p>\n<div  class='av-social-sharing-box  avia-builder-el-7  el_after_av_hr  el_before_av_hr  '><div class='av-share-box'><h5 class='av-share-link-description av-no-toc '>Compartir esta noticia<\/h5><ul class='av-share-box-list noLightbox'><li class='av-share-link av-social-link-facebook' ><a target=\"_blank\" aria-label=\"Compartir en Facebook\" href='https:\/\/www.facebook.com\/sharer.php?u=https:\/\/radiorevelacionfm.cl\/?p=46880&#038;t=Educaci%C3%B3n%20ejecuta%20proyecto%20de%20iniciativa%20provincial%20que%20busca%20apropiarse%20de%20los%20sentidos%20de%20la%20evaluaci%C3%B3n%20formativa' aria-hidden='false' data-av_icon='\ue8f3' data-av_iconfont='entypo-fontello' title='' data-avia-related-tooltip='Compartir en Facebook' rel=\"noopener\"><span class='avia_hidden_link_text'>Compartir en Facebook<\/span><\/a><\/li><li class='av-share-link av-social-link-twitter' ><a target=\"_blank\" aria-label=\"Compartir en Twitter\" href='https:\/\/twitter.com\/share?text=Educaci%C3%B3n%20ejecuta%20proyecto%20de%20iniciativa%20provincial%20que%20busca%20apropiarse%20de%20los%20sentidos%20de%20la%20evaluaci%C3%B3n%20formativa&#038;url=https:\/\/radiorevelacionfm.cl\/?p=46880' aria-hidden='false' data-av_icon='\ue8f1' data-av_iconfont='entypo-fontello' title='' data-avia-related-tooltip='Compartir en Twitter' rel=\"noopener\"><span class='avia_hidden_link_text'>Compartir en Twitter<\/span><\/a><\/li><li class='av-share-link av-social-link-whatsapp' ><a target=\"_blank\" aria-label=\"Compartir en Whatsapp\" href='https:\/\/api.whatsapp.com\/send?text=https:\/\/radiorevelacionfm.cl\/?p=46880' aria-hidden='false' data-av_icon='\uf232' data-av_iconfont='entypo-fontello' title='' data-avia-related-tooltip='Compartir en Whatsapp' rel=\"noopener\"><span class='avia_hidden_link_text'>Compartir en Whatsapp<\/span><\/a><\/li><li class='av-share-link av-social-link-linkedin' ><a target=\"_blank\" aria-label=\"Compartir en LinkedIn\" href='https:\/\/linkedin.com\/shareArticle?mini=true&#038;title=Educaci%C3%B3n%20ejecuta%20proyecto%20de%20iniciativa%20provincial%20que%20busca%20apropiarse%20de%20los%20sentidos%20de%20la%20evaluaci%C3%B3n%20formativa&#038;url=https:\/\/radiorevelacionfm.cl\/?p=46880' aria-hidden='false' data-av_icon='\ue8fc' data-av_iconfont='entypo-fontello' title='' data-avia-related-tooltip='Compartir en LinkedIn' rel=\"noopener\"><span class='avia_hidden_link_text'>Compartir en LinkedIn<\/span><\/a><\/li><li class='av-share-link av-social-link-mail' ><a  aria-label=\"Compartir por correo\" href='mailto:?subject=Educaci%C3%B3n%20ejecuta%20proyecto%20de%20iniciativa%20provincial%20que%20busca%20apropiarse%20de%20los%20sentidos%20de%20la%20evaluaci%C3%B3n%20formativa&#038;body=https:\/\/radiorevelacionfm.cl\/?p=46880' aria-hidden='false' data-av_icon='\ue805' data-av_iconfont='entypo-fontello' title='' data-avia-related-tooltip='Compartir por correo'><span class='avia_hidden_link_text'>Compartir por correo<\/span><\/a><\/li><\/ul><\/div><\/div>\n<div  style='height:50px' class='hr hr-invisible   avia-builder-el-8  el_after_av_social_share  el_before_av_comments_list '><span class='hr-inner ' ><span class='hr-inner-style'><\/span><\/span><\/div>\n<div  class='av-buildercomment  av-blog-meta-html-info-disabled av-blog-meta-tag-disabled  '><\/div>\n","protected":false},"excerpt":{"rendered":"","protected":false},"author":1,"featured_media":46881,"comment_status":"open","ping_status":"open","sticky":false,"template":"","format":"standard","meta":{"footnotes":""},"categories":[49],"tags":[],"class_list":["post-46880","post","type-post","status-publish","format-standard","has-post-thumbnail","hentry","category-educacion"],"jetpack_featured_media_url":"https:\/\/radiorevelacionfm.cl\/wp-content\/uploads\/2024\/10\/jornada-iniciativas-provinciales-7-2_optimized.jpg","_links":{"self":[{"href":"https:\/\/radiorevelacionfm.cl\/index.php?rest_route=\/wp\/v2\/posts\/46880","targetHints":{"allow":["GET"]}}],"collection":[{"href":"https:\/\/radiorevelacionfm.cl\/index.php?rest_route=\/wp\/v2\/posts"}],"about":[{"href":"https:\/\/radiorevelacionfm.cl\/index.php?rest_route=\/wp\/v2\/types\/post"}],"author":[{"embeddable":true,"href":"https:\/\/radiorevelacionfm.cl\/index.php?rest_route=\/wp\/v2\/users\/1"}],"replies":[{"embeddable":true,"href":"https:\/\/radiorevelacionfm.cl\/index.php?rest_route=%2Fwp%2Fv2%2Fcomments&post=46880"}],"version-history":[{"count":1,"href":"https:\/\/radiorevelacionfm.cl\/index.php?rest_route=\/wp\/v2\/posts\/46880\/revisions"}],"predecessor-version":[{"id":46882,"href":"https:\/\/radiorevelacionfm.cl\/index.php?rest_route=\/wp\/v2\/posts\/46880\/revisions\/46882"}],"wp:featuredmedia":[{"embeddable":true,"href":"https:\/\/radiorevelacionfm.cl\/index.php?rest_route=\/wp\/v2\/media\/46881"}],"wp:attachment":[{"href":"https:\/\/radiorevelacionfm.cl\/index.php?rest_route=%2Fwp%2Fv2%2Fmedia&parent=46880"}],"wp:term":[{"taxonomy":"category","embeddable":true,"href":"https:\/\/radiorevelacionfm.cl\/index.php?rest_route=%2Fwp%2Fv2%2Fcategories&post=46880"},{"taxonomy":"post_tag","embeddable":true,"href":"https:\/\/radiorevelacionfm.cl\/index.php?rest_route=%2Fwp%2Fv2%2Ftags&post=46880"}],"curies":[{"name":"wp","href":"https:\/\/api.w.org\/{rel}","templated":true}]}}