{"id":4688,"date":"2021-05-30T18:31:38","date_gmt":"2021-05-30T21:31:38","guid":{"rendered":"https:\/\/radiorevelacionfm.cl\/?p=4688"},"modified":"2021-05-30T18:31:38","modified_gmt":"2021-05-30T21:31:38","slug":"extienden-plazos-de-postulacion-a-fondos-de-concursos-del-6-fndr","status":"publish","type":"post","link":"https:\/\/radiorevelacionfm.cl\/?p=4688","title":{"rendered":"Extienden plazos de postulaci\u00f3n a fondos de concursos del 6% FNDR"},"content":{"rendered":"<div class=\"flex_column av_one_full  flex_column_div av-zero-column-padding first  avia-builder-el-0  el_before_av_one_full  avia-builder-el-first  \" style='border-radius:0px; '><div  class='avia-image-container  av-styling-    avia-builder-el-1  avia-builder-el-no-sibling  avia-align-center '  itemprop=\"image\" itemscope=\"itemscope\" itemtype=\"https:\/\/schema.org\/ImageObject\"  ><div class='avia-image-container-inner'><div class='avia-image-overlay-wrap'><img decoding=\"async\" class='wp-image-0 avia-img-lazy-loading-not-0 avia_image' src=\"https:\/\/radiorevelacionfm.cl\/wp-content\/uploads\/2021\/05\/captura2_optimized.jpg\" alt='' title=''   itemprop=\"thumbnailUrl\"  \/><\/div><\/div><\/div><\/div>\n<div class=\"flex_column av_one_full  flex_column_div av-zero-column-padding first  avia-builder-el-2  el_after_av_one_full  el_before_av_one_full  column-top-margin\" style='border-radius:0px; '><section class=\"av_textblock_section \"  itemscope=\"itemscope\" itemtype=\"https:\/\/schema.org\/BlogPosting\" itemprop=\"blogPost\" ><div class='avia_textblock  '   itemprop=\"text\" ><p style=\"text-align: center;\"><strong><span style=\"font-size: 18pt;\">Extienden plazos de postulaci\u00f3n a fondos de concursos del 6% FNDR <\/span><\/strong><\/p>\n<div id=\"gtx-trans\" style=\"position: absolute; left: -50px; top: 4.31534px;\">\n<div class=\"gtx-trans-icon\"><\/div>\n<\/div>\n<\/div><\/section><\/div><div class=\"flex_column av_one_full  flex_column_div av-zero-column-padding first  avia-builder-el-4  el_after_av_one_full  el_before_av_hr  column-top-margin\" style='border-radius:0px; '><section class=\"av_textblock_section \"  itemscope=\"itemscope\" itemtype=\"https:\/\/schema.org\/BlogPosting\" itemprop=\"blogPost\" ><div class='avia_textblock  '   itemprop=\"text\" ><p class=\"v1MsoNormal\" style=\"text-align: justify;\"><span lang=\"ES-MX\">Una invitaci\u00f3n a postular proyectos al 6% del Fondo Nacional de Desarrollo Regional, formul\u00f3 el Consejo Regional de Ays\u00e9n, tras la actualizaci\u00f3n de los plazos asociados a la convocatoria 2021, en la sesi\u00f3n plenaria del viernes \u00faltimo.<\/span><\/p>\n<p class=\"v1MsoNormal\" style=\"text-align: justify;\"><span lang=\"ES-MX\">Tras la solicitud del cuerpo colegiado, el Fondo Deporte se extiende hasta el 07 de junio; el Fondo Cultura hasta el 14 de junio; el Fondo Seguridad Ciudadana hasta el 11 de junio; Medioambiente hasta 18 de junio y Fondo Social hasta el 12 de julio.<\/span><\/p>\n<p class=\"v1MsoNormal\" style=\"text-align: justify;\"><span lang=\"ES-MX\">La adecuaci\u00f3n obedece al trabajo conjunto desarrollado junto con la Divisi\u00f3n de Desarrollo Social y Humano (Dideso), encabezada por Jorge Ojeda, como explic\u00f3 el presidente del CORE, Sergio Gonz\u00e1lez.<\/span><\/p>\n<p class=\"v1MsoNormal\" style=\"text-align: justify;\"><span lang=\"ES-MX\">\u00abPrimero que todo, destacar la modificaci\u00f3n de las fechas de los concursos 2% Deporte con fecha de cierre el 07 de junio y el 2% Cultura con fecha de cierre el 14 de junio pr\u00f3ximo\u00bb, detall\u00f3.<\/span><\/p>\n<p class=\"v1MsoNormal\" style=\"text-align: justify;\"><span lang=\"ES-MX\">El presidente de la la Comisi\u00f3n Social, Cultural y Deportiva el CORE, Gustavo Villarroel, invit\u00f3 a revisar los antecedentes y bases en la p\u00e1gina\u00a0<a href=\"http:\/\/www.goreaysen.cl\/\" target=\"_blank\" rel=\"noopener noreferrer\">www.goreaysen.cl<\/a>.<\/span><\/p>\n<p class=\"v1MsoNormal\" style=\"text-align: justify;\"><span lang=\"ES-MX\">\u00abFacilitar los procesos de postulaci\u00f3n y an\u00e1lisis que deben hacer, principalmente, las organizaciones sociales m\u00e1s que los municipios, para preparar sus postulaciones de proyectos, en cada uno de los concursos que tenemos, sobre todo pensando en que este a\u00f1o vamos a desarrollar los cinco concursos\u00bb, indic\u00f3.<\/span><\/p>\n<p class=\"v1MsoNormal\" style=\"text-align: justify;\"><span lang=\"ES-MX\">En este sentido destac\u00f3 la definici\u00f3n de un formulario \u00fanico de postulaci\u00f3n, a fin de propiciar un proceso accesible para las organizaciones.<\/span><\/p>\n<p class=\"v1MsoNormal\" style=\"text-align: justify;\"><span lang=\"ES-MX\">\u00abComo es un instructivo nuevo, que por primera vez modifica todo lo que guardaba relaci\u00f3n con los instructivos anteriores que eran independientes para cada concurso, pudi\u00e9ramos tener situaciones que van a tener que ser analizadas posteriormente, pero ya hay un instrumento disponible para que las organizaciones sociales trabajen en un solo documento sus presentaciones independiente que postulen a uno u otro 2%\u00bb, puntualiz\u00f3.<\/span><\/p>\n<p class=\"v1MsoNormal\" style=\"text-align: justify;\"><span lang=\"ES-MX\">Respecto de los presupuestos, se considera en las l\u00edneas Deporte un total de $470.000.000; Cultura, $390.000.000; Seguridad Ciudadana con $75.000.000, Medioambiente con $70.000.000 y Social con $443.253.000.<\/span><\/p>\n<\/div><\/section><\/div><\/p>\n<div  style='height:50px' class='hr hr-invisible   avia-builder-el-6  el_after_av_one_full  el_before_av_social_share '><span class='hr-inner ' ><span class='hr-inner-style'><\/span><\/span><\/div>\n<div  class='av-social-sharing-box  avia-builder-el-7  el_after_av_hr  el_before_av_hr  '><div class='av-share-box'><h5 class='av-share-link-description av-no-toc '>Compartir esta noticia<\/h5><ul class='av-share-box-list noLightbox'><li class='av-share-link av-social-link-facebook' ><a target=\"_blank\" aria-label=\"Compartir en Facebook\" href='https:\/\/www.facebook.com\/sharer.php?u=https:\/\/radiorevelacionfm.cl\/?p=4688&#038;t=Extienden%20plazos%20de%20postulaci%C3%B3n%20a%20fondos%20de%20concursos%20del%206%25%20FNDR' aria-hidden='false' data-av_icon='\ue8f3' data-av_iconfont='entypo-fontello' title='' data-avia-related-tooltip='Compartir en Facebook' rel=\"noopener\"><span class='avia_hidden_link_text'>Compartir en Facebook<\/span><\/a><\/li><li class='av-share-link av-social-link-twitter' ><a target=\"_blank\" aria-label=\"Compartir en Twitter\" href='https:\/\/twitter.com\/share?text=Extienden%20plazos%20de%20postulaci%C3%B3n%20a%20fondos%20de%20concursos%20del%206%25%20FNDR&#038;url=https:\/\/radiorevelacionfm.cl\/?p=4688' aria-hidden='false' data-av_icon='\ue8f1' data-av_iconfont='entypo-fontello' title='' data-avia-related-tooltip='Compartir en Twitter' rel=\"noopener\"><span class='avia_hidden_link_text'>Compartir en Twitter<\/span><\/a><\/li><li class='av-share-link av-social-link-whatsapp' ><a target=\"_blank\" aria-label=\"Compartir en Whatsapp\" href='https:\/\/api.whatsapp.com\/send?text=https:\/\/radiorevelacionfm.cl\/?p=4688' aria-hidden='false' data-av_icon='\uf232' data-av_iconfont='entypo-fontello' title='' data-avia-related-tooltip='Compartir en Whatsapp' rel=\"noopener\"><span class='avia_hidden_link_text'>Compartir en Whatsapp<\/span><\/a><\/li><li class='av-share-link av-social-link-linkedin' ><a target=\"_blank\" aria-label=\"Compartir en LinkedIn\" href='https:\/\/linkedin.com\/shareArticle?mini=true&#038;title=Extienden%20plazos%20de%20postulaci%C3%B3n%20a%20fondos%20de%20concursos%20del%206%25%20FNDR&#038;url=https:\/\/radiorevelacionfm.cl\/?p=4688' aria-hidden='false' data-av_icon='\ue8fc' data-av_iconfont='entypo-fontello' title='' data-avia-related-tooltip='Compartir en LinkedIn' rel=\"noopener\"><span class='avia_hidden_link_text'>Compartir en LinkedIn<\/span><\/a><\/li><li class='av-share-link av-social-link-mail' ><a  aria-label=\"Compartir por correo\" href='mailto:?subject=Extienden%20plazos%20de%20postulaci%C3%B3n%20a%20fondos%20de%20concursos%20del%206%25%20FNDR&#038;body=https:\/\/radiorevelacionfm.cl\/?p=4688' aria-hidden='false' data-av_icon='\ue805' data-av_iconfont='entypo-fontello' title='' data-avia-related-tooltip='Compartir por correo'><span class='avia_hidden_link_text'>Compartir por correo<\/span><\/a><\/li><\/ul><\/div><\/div>\n<div  style='height:50px' class='hr hr-invisible   avia-builder-el-8  el_after_av_social_share  el_before_av_comments_list '><span class='hr-inner ' ><span class='hr-inner-style'><\/span><\/span><\/div>\n<div  class='av-buildercomment  av-blog-meta-html-info-disabled av-blog-meta-tag-disabled  '><\/div>\n","protected":false},"excerpt":{"rendered":"","protected":false},"author":1,"featured_media":0,"comment_status":"open","ping_status":"open","sticky":false,"template":"","format":"standard","meta":{"footnotes":""},"categories":[38],"tags":[],"class_list":["post-4688","post","type-post","status-publish","format-standard","hentry","category-regional"],"jetpack_featured_media_url":"","_links":{"self":[{"href":"https:\/\/radiorevelacionfm.cl\/index.php?rest_route=\/wp\/v2\/posts\/4688","targetHints":{"allow":["GET"]}}],"collection":[{"href":"https:\/\/radiorevelacionfm.cl\/index.php?rest_route=\/wp\/v2\/posts"}],"about":[{"href":"https:\/\/radiorevelacionfm.cl\/index.php?rest_route=\/wp\/v2\/types\/post"}],"author":[{"embeddable":true,"href":"https:\/\/radiorevelacionfm.cl\/index.php?rest_route=\/wp\/v2\/users\/1"}],"replies":[{"embeddable":true,"href":"https:\/\/radiorevelacionfm.cl\/index.php?rest_route=%2Fwp%2Fv2%2Fcomments&post=4688"}],"version-history":[{"count":2,"href":"https:\/\/radiorevelacionfm.cl\/index.php?rest_route=\/wp\/v2\/posts\/4688\/revisions"}],"predecessor-version":[{"id":4694,"href":"https:\/\/radiorevelacionfm.cl\/index.php?rest_route=\/wp\/v2\/posts\/4688\/revisions\/4694"}],"wp:attachment":[{"href":"https:\/\/radiorevelacionfm.cl\/index.php?rest_route=%2Fwp%2Fv2%2Fmedia&parent=4688"}],"wp:term":[{"taxonomy":"category","embeddable":true,"href":"https:\/\/radiorevelacionfm.cl\/index.php?rest_route=%2Fwp%2Fv2%2Fcategories&post=4688"},{"taxonomy":"post_tag","embeddable":true,"href":"https:\/\/radiorevelacionfm.cl\/index.php?rest_route=%2Fwp%2Fv2%2Ftags&post=4688"}],"curies":[{"name":"wp","href":"https:\/\/api.w.org\/{rel}","templated":true}]}}