{"id":46878,"date":"2024-10-08T21:29:41","date_gmt":"2024-10-09T00:29:41","guid":{"rendered":"https:\/\/radiorevelacionfm.cl\/?p=46878"},"modified":"2024-10-08T21:29:41","modified_gmt":"2024-10-09T00:29:41","slug":"tras-el-termino-anticipado-en-agosto-de-2023-edelaysen-reingresa-al-sistema-de-evaluacion-de-impacto-ambiental-la-mini-central-hidroelectrica-de-pasada-los-maquis","status":"publish","type":"post","link":"https:\/\/radiorevelacionfm.cl\/?p=46878","title":{"rendered":"Tras el t\u00e9rmino anticipado en agosto de 2023: Edelaysen reingresa al Sistema de Evaluaci\u00f3n de Impacto Ambiental la Mini Central Hidroel\u00e9ctrica de Pasada Los Maquis"},"content":{"rendered":"<div class=\"flex_column av_one_full  flex_column_div av-zero-column-padding first  avia-builder-el-0  el_before_av_one_full  avia-builder-el-first  \" style='border-radius:0px; '><div  class='avia-image-container  av-styling-    avia-builder-el-1  avia-builder-el-no-sibling  avia-align-center '  itemprop=\"image\" itemscope=\"itemscope\" itemtype=\"https:\/\/schema.org\/ImageObject\"  ><div class='avia-image-container-inner'><div class='avia-image-overlay-wrap'><img decoding=\"async\" class='wp-image-27691 avia-img-lazy-loading-not-27691 avia_image' src=\"https:\/\/radiorevelacionfm.cl\/wp-content\/uploads\/2023\/02\/los-maquis_02-1_optimized.jpg\" alt='' title='los-maquis_02-(1)_optimized' height=\"600\" width=\"960\"  itemprop=\"thumbnailUrl\" srcset=\"https:\/\/radiorevelacionfm.cl\/wp-content\/uploads\/2023\/02\/los-maquis_02-1_optimized.jpg 960w, https:\/\/radiorevelacionfm.cl\/wp-content\/uploads\/2023\/02\/los-maquis_02-1_optimized-300x188.jpg 300w, https:\/\/radiorevelacionfm.cl\/wp-content\/uploads\/2023\/02\/los-maquis_02-1_optimized-768x480.jpg 768w, https:\/\/radiorevelacionfm.cl\/wp-content\/uploads\/2023\/02\/los-maquis_02-1_optimized-705x441.jpg 705w, https:\/\/radiorevelacionfm.cl\/wp-content\/uploads\/2023\/02\/los-maquis_02-1_optimized-600x375.jpg 600w\" sizes=\"(max-width: 960px) 100vw, 960px\" \/><\/div><\/div><\/div><\/div><div class=\"flex_column av_one_full  flex_column_div av-zero-column-padding first  avia-builder-el-2  el_after_av_one_full  el_before_av_one_full  column-top-margin\" style='border-radius:0px; '><section class=\"av_textblock_section \"  itemscope=\"itemscope\" itemtype=\"https:\/\/schema.org\/BlogPosting\" itemprop=\"blogPost\" ><div class='avia_textblock  '   itemprop=\"text\" ><p style=\"text-align: center;\"><strong><span style=\"font-size: 18pt;\">Tras el t\u00e9rmino anticipado en agosto de 2023:\u00a0Edelaysen reingresa al Sistema de Evaluaci\u00f3n de Impacto Ambiental la Mini Central Hidroel\u00e9ctrica de Pasada Los Maquis<\/span><\/strong><\/p>\n<div id=\"gtx-trans\" style=\"position: absolute; left: -50px; top: 4.31534px;\">\n<div class=\"gtx-trans-icon\"><\/div>\n<\/div>\n<\/div><\/section><\/div><div class=\"flex_column av_one_full  flex_column_div av-zero-column-padding first  avia-builder-el-4  el_after_av_one_full  el_before_av_hr  column-top-margin\" style='border-radius:0px; '><section class=\"av_textblock_section \"  itemscope=\"itemscope\" itemtype=\"https:\/\/schema.org\/BlogPosting\" itemprop=\"blogPost\" ><div class='avia_textblock  '   itemprop=\"text\" ><p style=\"text-align: justify;\"><em>El proyecto busca reemplazar con energ\u00eda renovable gran parte de la que se genera hoy con di\u00e9sel, fortaleciendo adem\u00e1s el sistema el\u00e9ctrico de la zona del Lago General Carrera. Este nuevo ingreso al SEIA considera una robusta DIA, donde se responde las observaciones de los servicios evaluadores generadas en el proceso anterior.<\/em><\/p>\n<p style=\"text-align: justify;\">Tras la resoluci\u00f3n del Servicio de Evaluaci\u00f3n Ambiental (SEA) de agosto de 2023, que concluy\u00f3 anticipadamente el proceso de evaluaci\u00f3n del Proyecto Minicentral Hidroel\u00e9ctrica de Pasada Los Maquis, la compa\u00f1\u00eda el\u00e9ctrica Edelaysen ha trabajado en el fortalecimiento de la Declaraci\u00f3n de Impacto Ambiental (DIA) del proyecto, sumando nuevas caracterizaciones ambientales y campa\u00f1as en terreno que permitan responder a las principales preocupaciones levantadas por los servicios p\u00fablicos en sus respectivos pronunciamientos durante el proceso anterior.<\/p>\n<p style=\"text-align: justify;\">Entre los nuevos estudios se destaca la incorporaci\u00f3n de una caracterizaci\u00f3n paleontol\u00f3gica; dos nuevas campa\u00f1as de ecosistemas acu\u00e1ticos que se desarrollaron en las estaciones de invierno 2023 y oto\u00f1o 2024; y una nueva campa\u00f1a respecto a la componente de medio humano. Adem\u00e1s, se complement\u00f3 la informaci\u00f3n en los diferentes cap\u00edtulos y anexos que formar\u00e1n parte del nuevo expediente, considerando los pronunciamientos de los Servicios en el proceso anterior y tambi\u00e9n las nuevas gu\u00edas y lineamientos del SEA. Lo anterior, se suma a todas las campa\u00f1as, de diferentes aspectos ambientales, ya realizadas en el ingreso anterior, y a los comentarios de la comunidad levantados en la Participaci\u00f3n Ciudadana Temprana, que Edelaysen ejecut\u00f3 en forma voluntaria, entre fines del a\u00f1o 2022 y la primera parte del a\u00f1o 2023.<\/p>\n<p style=\"text-align: justify;\">En este reingreso, adem\u00e1s de complementar los antecedentes que se presentan conforme a lo explicado anteriormente, la empresa sum\u00f3 nuevos consultores de especialidad, para acompa\u00f1ar el proceso completo de elaboraci\u00f3n y asegurar la calidad de los antecedentes presentados.<\/p>\n<p style=\"text-align: justify;\">Siguiendo los nuevos lineamientos del SEA y los principios del Acuerdo de Escaz\u00fa, que promueve la participaci\u00f3n ciudadana en la toma de decisiones ambientales y garantiza el acceso a la informaci\u00f3n, el proyecto ha sido renombrado para reflejar mejor su alcance.\u00a0 A partir de ahora, se denominar\u00e1 oficialmente: <em>Rehabilitaci\u00f3n y Ampliaci\u00f3n de la Mini Central Hidroel\u00e9ctrica de Pasada Los Maquis de 1 MW, dentro de la Zona de Inter\u00e9s Tur\u00edstico Chelenko, en Puerto Guadal<\/em>.<\/p>\n<p style=\"text-align: justify;\"><strong><u>Fortalecimiento del Sistema El\u00e9ctrico<\/u><\/strong><\/p>\n<p style=\"text-align: justify;\">Ubicada en una antigua central que oper\u00f3 en los a\u00f1os 80, esta minicentral fortalecer\u00e1 el Sistema el\u00e9ctrico que se extiende desde Chile Chico hasta Cochrane. La central suministrar\u00e1 energ\u00eda renovable, reemplazando al a\u00f1o cerca de 1.6 millones de litros de di\u00e9sel, que es gran parte de lo que actualmente se utiliza para la generaci\u00f3n de energ\u00eda en este sistema el\u00e9ctrico.<\/p>\n<p style=\"text-align: justify;\">Con este proyecto se contribuye a reducir las emisiones de gases de efecto invernadero, diversificar la matriz energ\u00e9tica (bajando la dependencia respecto al di\u00e9sel en este sistema) y ayudar a reducir las alzas en procesos de determinaci\u00f3n de tarifas futuras. Adem\u00e1s, gracias a su ubicaci\u00f3n estrat\u00e9gica en el centro del sistema el\u00e9ctrico y sus caracter\u00edsticas t\u00e9cnicas, la operaci\u00f3n de la mini central reducir\u00e1 la vulnerabilidad del sistema, disminuyendo los eventos de fallas en el sistema y los tiempos de interrupci\u00f3n de suministro.<\/p>\n<p style=\"text-align: justify;\">\u201cTanto la experiencia operacional de los \u00faltimos a\u00f1os, como los estudios realizados nos confirman que este proyecto es fundamental y urgente para el Sistema El\u00e9ctrico del General Carrera. No solo porque proporcionar\u00e1 mayor estabilidad, sino porque adem\u00e1s el sistema requiere incorporar nuevas centrales de energ\u00edas renovables (ERNC) a la matriz, que actualmente ya cubre cerca del 60% a 70% de la demanda m\u00e1xima con generaci\u00f3n di\u00e9sel, para contribuir a descarbonizar y al mismo tiempo a amortiguar las alzas en el costo de generaci\u00f3n de energ\u00eda el\u00e9ctrica y la Mini central Los Maquis aporta en esa direcci\u00f3n\u201d, coment\u00f3 Leonardo Mor\u00e1n, Gerente de Edelaysen.<\/p>\n<p style=\"text-align: justify;\">La nueva DIA super\u00f3 la etapa de admisibilidad con fecha\u00a07 de octubre de 2024, iniciando su tramitaci\u00f3n en el SEIA, luego de haber sido ingresada con fecha 30 de septiembre de 2024, conforme a lo comprometido en el marco del Programa de Cumplimiento presentado este a\u00f1o a la Superintendencia de Medio Ambiente, cuya aprobaci\u00f3n se encuentra pendiente.<\/p>\n<\/div><\/section><\/div><div  style='height:50px' class='hr hr-invisible   avia-builder-el-6  el_after_av_one_full  el_before_av_social_share '><span class='hr-inner ' ><span class='hr-inner-style'><\/span><\/span><\/div><\/p>\n<div  class='av-social-sharing-box  avia-builder-el-7  el_after_av_hr  el_before_av_hr  '><div class='av-share-box'><h5 class='av-share-link-description av-no-toc '>Compartir esta noticia<\/h5><ul class='av-share-box-list noLightbox'><li class='av-share-link av-social-link-facebook' ><a target=\"_blank\" aria-label=\"Compartir en Facebook\" href='https:\/\/www.facebook.com\/sharer.php?u=https:\/\/radiorevelacionfm.cl\/?p=46878&#038;t=Tras%20el%20t%C3%A9rmino%20anticipado%20en%20agosto%20de%202023%3A%20Edelaysen%20reingresa%20al%20Sistema%20de%20Evaluaci%C3%B3n%20de%20Impacto%20Ambiental%20la%20Mini%20Central%20Hidroel%C3%A9ctrica%20de%20Pasada%20Los%20Maquis' aria-hidden='false' data-av_icon='\ue8f3' data-av_iconfont='entypo-fontello' title='' data-avia-related-tooltip='Compartir en Facebook' rel=\"noopener\"><span class='avia_hidden_link_text'>Compartir en Facebook<\/span><\/a><\/li><li class='av-share-link av-social-link-twitter' ><a target=\"_blank\" aria-label=\"Compartir en Twitter\" href='https:\/\/twitter.com\/share?text=Tras%20el%20t%C3%A9rmino%20anticipado%20en%20agosto%20de%202023%3A%20Edelaysen%20reingresa%20al%20Sistema%20de%20Evaluaci%C3%B3n%20de%20Impacto%20Ambiental%20la%20Mini%20Central%20Hidroel%C3%A9ctrica%20de%20Pasada%20Los%20Maquis&#038;url=https:\/\/radiorevelacionfm.cl\/?p=46878' aria-hidden='false' data-av_icon='\ue8f1' data-av_iconfont='entypo-fontello' title='' data-avia-related-tooltip='Compartir en Twitter' rel=\"noopener\"><span class='avia_hidden_link_text'>Compartir en Twitter<\/span><\/a><\/li><li class='av-share-link av-social-link-whatsapp' ><a target=\"_blank\" aria-label=\"Compartir en Whatsapp\" href='https:\/\/api.whatsapp.com\/send?text=https:\/\/radiorevelacionfm.cl\/?p=46878' aria-hidden='false' data-av_icon='\uf232' data-av_iconfont='entypo-fontello' title='' data-avia-related-tooltip='Compartir en Whatsapp' rel=\"noopener\"><span class='avia_hidden_link_text'>Compartir en Whatsapp<\/span><\/a><\/li><li class='av-share-link av-social-link-linkedin' ><a target=\"_blank\" aria-label=\"Compartir en LinkedIn\" href='https:\/\/linkedin.com\/shareArticle?mini=true&#038;title=Tras%20el%20t%C3%A9rmino%20anticipado%20en%20agosto%20de%202023%3A%20Edelaysen%20reingresa%20al%20Sistema%20de%20Evaluaci%C3%B3n%20de%20Impacto%20Ambiental%20la%20Mini%20Central%20Hidroel%C3%A9ctrica%20de%20Pasada%20Los%20Maquis&#038;url=https:\/\/radiorevelacionfm.cl\/?p=46878' aria-hidden='false' data-av_icon='\ue8fc' data-av_iconfont='entypo-fontello' title='' data-avia-related-tooltip='Compartir en LinkedIn' rel=\"noopener\"><span class='avia_hidden_link_text'>Compartir en LinkedIn<\/span><\/a><\/li><li class='av-share-link av-social-link-mail' ><a  aria-label=\"Compartir por correo\" href='mailto:?subject=Tras%20el%20t%C3%A9rmino%20anticipado%20en%20agosto%20de%202023%3A%20Edelaysen%20reingresa%20al%20Sistema%20de%20Evaluaci%C3%B3n%20de%20Impacto%20Ambiental%20la%20Mini%20Central%20Hidroel%C3%A9ctrica%20de%20Pasada%20Los%20Maquis&#038;body=https:\/\/radiorevelacionfm.cl\/?p=46878' aria-hidden='false' data-av_icon='\ue805' data-av_iconfont='entypo-fontello' title='' data-avia-related-tooltip='Compartir por correo'><span class='avia_hidden_link_text'>Compartir por correo<\/span><\/a><\/li><\/ul><\/div><\/div>\n<div  style='height:50px' class='hr hr-invisible   avia-builder-el-8  el_after_av_social_share  el_before_av_comments_list '><span class='hr-inner ' ><span class='hr-inner-style'><\/span><\/span><\/div>\n<div  class='av-buildercomment  av-blog-meta-html-info-disabled av-blog-meta-tag-disabled  '><\/div>\n","protected":false},"excerpt":{"rendered":"","protected":false},"author":1,"featured_media":27691,"comment_status":"open","ping_status":"open","sticky":false,"template":"","format":"standard","meta":{"footnotes":""},"categories":[38],"tags":[],"class_list":["post-46878","post","type-post","status-publish","format-standard","has-post-thumbnail","hentry","category-regional"],"jetpack_featured_media_url":"https:\/\/radiorevelacionfm.cl\/wp-content\/uploads\/2023\/02\/los-maquis_02-1_optimized.jpg","_links":{"self":[{"href":"https:\/\/radiorevelacionfm.cl\/index.php?rest_route=\/wp\/v2\/posts\/46878","targetHints":{"allow":["GET"]}}],"collection":[{"href":"https:\/\/radiorevelacionfm.cl\/index.php?rest_route=\/wp\/v2\/posts"}],"about":[{"href":"https:\/\/radiorevelacionfm.cl\/index.php?rest_route=\/wp\/v2\/types\/post"}],"author":[{"embeddable":true,"href":"https:\/\/radiorevelacionfm.cl\/index.php?rest_route=\/wp\/v2\/users\/1"}],"replies":[{"embeddable":true,"href":"https:\/\/radiorevelacionfm.cl\/index.php?rest_route=%2Fwp%2Fv2%2Fcomments&post=46878"}],"version-history":[{"count":1,"href":"https:\/\/radiorevelacionfm.cl\/index.php?rest_route=\/wp\/v2\/posts\/46878\/revisions"}],"predecessor-version":[{"id":46879,"href":"https:\/\/radiorevelacionfm.cl\/index.php?rest_route=\/wp\/v2\/posts\/46878\/revisions\/46879"}],"wp:featuredmedia":[{"embeddable":true,"href":"https:\/\/radiorevelacionfm.cl\/index.php?rest_route=\/wp\/v2\/media\/27691"}],"wp:attachment":[{"href":"https:\/\/radiorevelacionfm.cl\/index.php?rest_route=%2Fwp%2Fv2%2Fmedia&parent=46878"}],"wp:term":[{"taxonomy":"category","embeddable":true,"href":"https:\/\/radiorevelacionfm.cl\/index.php?rest_route=%2Fwp%2Fv2%2Fcategories&post=46878"},{"taxonomy":"post_tag","embeddable":true,"href":"https:\/\/radiorevelacionfm.cl\/index.php?rest_route=%2Fwp%2Fv2%2Ftags&post=46878"}],"curies":[{"name":"wp","href":"https:\/\/api.w.org\/{rel}","templated":true}]}}