{"id":46875,"date":"2024-10-08T19:51:44","date_gmt":"2024-10-08T22:51:44","guid":{"rendered":"https:\/\/radiorevelacionfm.cl\/?p=46875"},"modified":"2024-10-08T19:51:44","modified_gmt":"2024-10-08T22:51:44","slug":"personas-cuidadoras-con-credencial-podran-excusarse-para-ser-vocal-de-mesa-en-estas-elecciones","status":"publish","type":"post","link":"https:\/\/radiorevelacionfm.cl\/?p=46875","title":{"rendered":"Personas cuidadoras con credencial podr\u00e1n excusarse para ser vocal de mesa en estas elecciones"},"content":{"rendered":"<div class=\"flex_column av_one_full  flex_column_div av-zero-column-padding first  avia-builder-el-0  el_before_av_one_full  avia-builder-el-first  \" style='border-radius:0px; '><div  class='avia-image-container  av-styling-    avia-builder-el-1  avia-builder-el-no-sibling  avia-align-center '  itemprop=\"image\" itemscope=\"itemscope\" itemtype=\"https:\/\/schema.org\/ImageObject\"  ><div class='avia-image-container-inner'><div class='avia-image-overlay-wrap'><img decoding=\"async\" class='wp-image-46876 avia-img-lazy-loading-not-46876 avia_image' src=\"https:\/\/radiorevelacionfm.cl\/wp-content\/uploads\/2024\/10\/seremi-credencial-2_optimized.jpeg\" alt='' title='seremi-credencial-2_optimized' height=\"600\" width=\"800\"  itemprop=\"thumbnailUrl\" srcset=\"https:\/\/radiorevelacionfm.cl\/wp-content\/uploads\/2024\/10\/seremi-credencial-2_optimized.jpeg 800w, https:\/\/radiorevelacionfm.cl\/wp-content\/uploads\/2024\/10\/seremi-credencial-2_optimized-300x225.jpeg 300w, https:\/\/radiorevelacionfm.cl\/wp-content\/uploads\/2024\/10\/seremi-credencial-2_optimized-768x576.jpeg 768w, https:\/\/radiorevelacionfm.cl\/wp-content\/uploads\/2024\/10\/seremi-credencial-2_optimized-705x529.jpeg 705w, https:\/\/radiorevelacionfm.cl\/wp-content\/uploads\/2024\/10\/seremi-credencial-2_optimized-450x338.jpeg 450w, https:\/\/radiorevelacionfm.cl\/wp-content\/uploads\/2024\/10\/seremi-credencial-2_optimized-600x450.jpeg 600w\" sizes=\"(max-width: 800px) 100vw, 800px\" \/><\/div><\/div><\/div><\/div><div class=\"flex_column av_one_full  flex_column_div av-zero-column-padding first  avia-builder-el-2  el_after_av_one_full  el_before_av_one_full  column-top-margin\" style='border-radius:0px; '><section class=\"av_textblock_section \"  itemscope=\"itemscope\" itemtype=\"https:\/\/schema.org\/BlogPosting\" itemprop=\"blogPost\" ><div class='avia_textblock  '   itemprop=\"text\" ><p style=\"text-align: center;\"><strong><span style=\"font-size: 18pt;\">Personas cuidadoras con credencial podr\u00e1n excusarse para ser vocal de mesa en estas elecciones <\/span><\/strong><\/p>\n<div id=\"gtx-trans\" style=\"position: absolute; left: -50px; top: 4.31534px;\">\n<div class=\"gtx-trans-icon\"><\/div>\n<\/div>\n<\/div><\/section><\/div><div class=\"flex_column av_one_full  flex_column_div av-zero-column-padding first  avia-builder-el-4  el_after_av_one_full  el_before_av_hr  column-top-margin\" style='border-radius:0px; '><section class=\"av_textblock_section \"  itemscope=\"itemscope\" itemtype=\"https:\/\/schema.org\/BlogPosting\" itemprop=\"blogPost\" ><div class='avia_textblock  '   itemprop=\"text\" ><p style=\"text-align: justify;\">La Seremi de Desarrollo Social Karina Acevedo Auad inform\u00f3 que las personas que ejercen el rol de cuidados y que tienen su credencial o certificado debidamente inscritos en el Registro Social de Hogares, se pueden excusar en sus respectivas Juntas Electorales.<\/p>\n<p style=\"text-align: justify;\">Hasta el 9 de octubre, las personas cuidadoras que est\u00e1n inscritas en el Registro Social de Hogares y que cuentan con su credencial o certificado, podr\u00e1n excusarse de ser vocales de mesa o miembros del Colegio Escrutador en su respectiva junta electoral.<\/p>\n<p style=\"text-align: justify;\">La medida se implementa en el entendido que los cuidados son un trabajo 24\/7 y que ausentarse durante tantas horas es complejo, especialmente cuando se cuenta con pocas redes de apoyo. La Iniciativa consta de un tr\u00e1mite simplificado que se incorpora desde estas elecciones, ya que antes las personas cuidadoras deb\u00edan realizar la solicitud de un certificado m\u00e9dico o de una declaraci\u00f3n jurada que acreditara su condici\u00f3n de cuidador o cuidadora.<\/p>\n<p style=\"text-align: justify;\">Desde ahora, y para las futuras elecciones, basta con presentar la credencial o certificado que acredita su inscripci\u00f3n en el Registro Social de Hogares, as\u00ed lo destac\u00f3 la Seremi de Desarrollo Social y Familia Karina Acevedo Auad \u00abEste 26 y 27 de octubre tenemos elecciones en todo el pa\u00eds, es muy importante participar de esta instancia c\u00edvica y ejercer el derecho a voto, sin embargo para nuestro Ministerio de Desarrollo Social y Familia es muy importante relevar el rol de las personas cuidadoras, se hace muy complejo para alguien que ejerce el rol de cuidados a tiempo completo ausentarse para estar dos d\u00edas en este proceso electoral. Por lo mismo es que hemos sostenido acuerdos con el Servel y buscamos facilitar a quienes cuidan con esta posibilidad de excusarse, mostrando la credencial o el certificado en sus respectivas juntas electorales a lo largo de la regi\u00f3n de Ays\u00e9n\u00bb.<\/p>\n<p style=\"text-align: justify;\">Hay que destacar que el Servicio Electoral, Servel manifest\u00f3 su compromiso y apoyo para difundir la existencia de la credencial y la necesidad de facilitar el sufragio a las personas cuidadoras para las personas encargadas de los locales de votaci\u00f3n, las y los vocales de mesa y otras personas que desempe\u00f1an diversas funciones durante la elecci\u00f3n.<\/p>\n<p style=\"text-align: justify;\">En este sentido la Seremi de Desarrollo Social y Familia hizo hincapi\u00e9 en la consideraci\u00f3n especial que se debe tener con las personas cuidadoras \u00abConsiderando el tiempo que dedican las cuidadoras y el traslado para ir a un centro de votaci\u00f3n, queremos hace un llamado especialmente a las mesas de votaci\u00f3n que puedan extender una atenci\u00f3n preferente a las personas cuidadoras, sabemos que tienen autonom\u00eda y que est\u00e1 en la decisi\u00f3n de los delegados de la junta electoral y vocales de mesa. Es muy importante que las personas cuidadoras se identifiquen con la credencial, para que se les reconozca en su condici\u00f3n y se les entreguen estas facilidades\u00bb.<\/p>\n<p style=\"text-align: justify;\">Para quienes a\u00fan no se inscriben, pueden hacerlo en www.registrosocial.gob.cl, para poder excusarse como vocal en los siguientes procesos electorales.<\/p>\n<\/div><\/section><\/div><div  style='height:50px' class='hr hr-invisible   avia-builder-el-6  el_after_av_one_full  el_before_av_social_share '><span class='hr-inner ' ><span class='hr-inner-style'><\/span><\/span><\/div><\/p>\n<div  class='av-social-sharing-box  avia-builder-el-7  el_after_av_hr  el_before_av_hr  '><div class='av-share-box'><h5 class='av-share-link-description av-no-toc '>Compartir esta noticia<\/h5><ul class='av-share-box-list noLightbox'><li class='av-share-link av-social-link-facebook' ><a target=\"_blank\" aria-label=\"Compartir en Facebook\" href='https:\/\/www.facebook.com\/sharer.php?u=https:\/\/radiorevelacionfm.cl\/?p=46875&#038;t=Personas%20cuidadoras%20con%20credencial%20podr%C3%A1n%20excusarse%20para%20ser%20vocal%20de%20mesa%20en%20estas%20elecciones' aria-hidden='false' data-av_icon='\ue8f3' data-av_iconfont='entypo-fontello' title='' data-avia-related-tooltip='Compartir en Facebook' rel=\"noopener\"><span class='avia_hidden_link_text'>Compartir en Facebook<\/span><\/a><\/li><li class='av-share-link av-social-link-twitter' ><a target=\"_blank\" aria-label=\"Compartir en Twitter\" href='https:\/\/twitter.com\/share?text=Personas%20cuidadoras%20con%20credencial%20podr%C3%A1n%20excusarse%20para%20ser%20vocal%20de%20mesa%20en%20estas%20elecciones&#038;url=https:\/\/radiorevelacionfm.cl\/?p=46875' aria-hidden='false' data-av_icon='\ue8f1' data-av_iconfont='entypo-fontello' title='' data-avia-related-tooltip='Compartir en Twitter' rel=\"noopener\"><span class='avia_hidden_link_text'>Compartir en Twitter<\/span><\/a><\/li><li class='av-share-link av-social-link-whatsapp' ><a target=\"_blank\" aria-label=\"Compartir en Whatsapp\" href='https:\/\/api.whatsapp.com\/send?text=https:\/\/radiorevelacionfm.cl\/?p=46875' aria-hidden='false' data-av_icon='\uf232' data-av_iconfont='entypo-fontello' title='' data-avia-related-tooltip='Compartir en Whatsapp' rel=\"noopener\"><span class='avia_hidden_link_text'>Compartir en Whatsapp<\/span><\/a><\/li><li class='av-share-link av-social-link-linkedin' ><a target=\"_blank\" aria-label=\"Compartir en LinkedIn\" href='https:\/\/linkedin.com\/shareArticle?mini=true&#038;title=Personas%20cuidadoras%20con%20credencial%20podr%C3%A1n%20excusarse%20para%20ser%20vocal%20de%20mesa%20en%20estas%20elecciones&#038;url=https:\/\/radiorevelacionfm.cl\/?p=46875' aria-hidden='false' data-av_icon='\ue8fc' data-av_iconfont='entypo-fontello' title='' data-avia-related-tooltip='Compartir en LinkedIn' rel=\"noopener\"><span class='avia_hidden_link_text'>Compartir en LinkedIn<\/span><\/a><\/li><li class='av-share-link av-social-link-mail' ><a  aria-label=\"Compartir por correo\" href='mailto:?subject=Personas%20cuidadoras%20con%20credencial%20podr%C3%A1n%20excusarse%20para%20ser%20vocal%20de%20mesa%20en%20estas%20elecciones&#038;body=https:\/\/radiorevelacionfm.cl\/?p=46875' aria-hidden='false' data-av_icon='\ue805' data-av_iconfont='entypo-fontello' title='' data-avia-related-tooltip='Compartir por correo'><span class='avia_hidden_link_text'>Compartir por correo<\/span><\/a><\/li><\/ul><\/div><\/div>\n<div  style='height:50px' class='hr hr-invisible   avia-builder-el-8  el_after_av_social_share  el_before_av_comments_list '><span class='hr-inner ' ><span class='hr-inner-style'><\/span><\/span><\/div>\n<div  class='av-buildercomment  av-blog-meta-html-info-disabled av-blog-meta-tag-disabled  '><\/div>\n","protected":false},"excerpt":{"rendered":"","protected":false},"author":1,"featured_media":46876,"comment_status":"open","ping_status":"open","sticky":false,"template":"","format":"standard","meta":{"footnotes":""},"categories":[38],"tags":[],"class_list":["post-46875","post","type-post","status-publish","format-standard","has-post-thumbnail","hentry","category-regional"],"jetpack_featured_media_url":"https:\/\/radiorevelacionfm.cl\/wp-content\/uploads\/2024\/10\/seremi-credencial-2_optimized.jpeg","_links":{"self":[{"href":"https:\/\/radiorevelacionfm.cl\/index.php?rest_route=\/wp\/v2\/posts\/46875","targetHints":{"allow":["GET"]}}],"collection":[{"href":"https:\/\/radiorevelacionfm.cl\/index.php?rest_route=\/wp\/v2\/posts"}],"about":[{"href":"https:\/\/radiorevelacionfm.cl\/index.php?rest_route=\/wp\/v2\/types\/post"}],"author":[{"embeddable":true,"href":"https:\/\/radiorevelacionfm.cl\/index.php?rest_route=\/wp\/v2\/users\/1"}],"replies":[{"embeddable":true,"href":"https:\/\/radiorevelacionfm.cl\/index.php?rest_route=%2Fwp%2Fv2%2Fcomments&post=46875"}],"version-history":[{"count":1,"href":"https:\/\/radiorevelacionfm.cl\/index.php?rest_route=\/wp\/v2\/posts\/46875\/revisions"}],"predecessor-version":[{"id":46877,"href":"https:\/\/radiorevelacionfm.cl\/index.php?rest_route=\/wp\/v2\/posts\/46875\/revisions\/46877"}],"wp:featuredmedia":[{"embeddable":true,"href":"https:\/\/radiorevelacionfm.cl\/index.php?rest_route=\/wp\/v2\/media\/46876"}],"wp:attachment":[{"href":"https:\/\/radiorevelacionfm.cl\/index.php?rest_route=%2Fwp%2Fv2%2Fmedia&parent=46875"}],"wp:term":[{"taxonomy":"category","embeddable":true,"href":"https:\/\/radiorevelacionfm.cl\/index.php?rest_route=%2Fwp%2Fv2%2Fcategories&post=46875"},{"taxonomy":"post_tag","embeddable":true,"href":"https:\/\/radiorevelacionfm.cl\/index.php?rest_route=%2Fwp%2Fv2%2Ftags&post=46875"}],"curies":[{"name":"wp","href":"https:\/\/api.w.org\/{rel}","templated":true}]}}