{"id":46872,"date":"2024-10-08T15:12:54","date_gmt":"2024-10-08T18:12:54","guid":{"rendered":"https:\/\/radiorevelacionfm.cl\/?p=46872"},"modified":"2024-10-08T15:12:54","modified_gmt":"2024-10-08T18:12:54","slug":"seremi-de-salud-aysen-lidera-actualizacion-nacional-del-protocolo-nacional-de-vigilancia-para-trabajadores-expuestos-a-condiciones-hiperbaricas","status":"publish","type":"post","link":"https:\/\/radiorevelacionfm.cl\/?p=46872","title":{"rendered":"Seremi de Salud Ays\u00e9n lidera actualizaci\u00f3n nacional del \u201cProtocolo Nacional de Vigilancia para Trabajadores Expuestos a Condiciones Hiperb\u00e1ricas\u201d"},"content":{"rendered":"<div class=\"flex_column av_one_full  flex_column_div av-zero-column-padding first  avia-builder-el-0  el_before_av_one_full  avia-builder-el-first  \" style='border-radius:0px; '><div  class='avia-image-container  av-styling-    avia-builder-el-1  avia-builder-el-no-sibling  avia-align-center '  itemprop=\"image\" itemscope=\"itemscope\" itemtype=\"https:\/\/schema.org\/ImageObject\"  ><div class='avia-image-container-inner'><div class='avia-image-overlay-wrap'><img decoding=\"async\" class='wp-image-46873 avia-img-lazy-loading-not-46873 avia_image' src=\"https:\/\/radiorevelacionfm.cl\/wp-content\/uploads\/2024\/10\/buceo-1-2_optimized-2.jpeg\" alt='' title='buceo-(1)-2_optimized-2' height=\"600\" width=\"1067\"  itemprop=\"thumbnailUrl\" srcset=\"https:\/\/radiorevelacionfm.cl\/wp-content\/uploads\/2024\/10\/buceo-1-2_optimized-2.jpeg 1067w, https:\/\/radiorevelacionfm.cl\/wp-content\/uploads\/2024\/10\/buceo-1-2_optimized-2-300x169.jpeg 300w, https:\/\/radiorevelacionfm.cl\/wp-content\/uploads\/2024\/10\/buceo-1-2_optimized-2-1030x579.jpeg 1030w, https:\/\/radiorevelacionfm.cl\/wp-content\/uploads\/2024\/10\/buceo-1-2_optimized-2-768x432.jpeg 768w, https:\/\/radiorevelacionfm.cl\/wp-content\/uploads\/2024\/10\/buceo-1-2_optimized-2-705x396.jpeg 705w, https:\/\/radiorevelacionfm.cl\/wp-content\/uploads\/2024\/10\/buceo-1-2_optimized-2-450x253.jpeg 450w, https:\/\/radiorevelacionfm.cl\/wp-content\/uploads\/2024\/10\/buceo-1-2_optimized-2-600x337.jpeg 600w\" sizes=\"(max-width: 1067px) 100vw, 1067px\" \/><\/div><\/div><\/div><\/div><div class=\"flex_column av_one_full  flex_column_div av-zero-column-padding first  avia-builder-el-2  el_after_av_one_full  el_before_av_one_full  column-top-margin\" style='border-radius:0px; '><section class=\"av_textblock_section \"  itemscope=\"itemscope\" itemtype=\"https:\/\/schema.org\/BlogPosting\" itemprop=\"blogPost\" ><div class='avia_textblock  '   itemprop=\"text\" ><p style=\"text-align: center;\"><span style=\"font-size: 18pt;\"><strong>Seremi de Salud Ays\u00e9n lidera actualizaci\u00f3n nacional del \u201cProtocolo Nacional de Vigilancia para Trabajadores Expuestos a Condiciones Hiperb\u00e1ricas\u201d<\/strong><\/span><\/p>\n<div id=\"gtx-trans\" style=\"position: absolute; left: -50px; top: 4.31534px;\">\n<div class=\"gtx-trans-icon\"><\/div>\n<\/div>\n<\/div><\/section><\/div><div class=\"flex_column av_one_full  flex_column_div av-zero-column-padding first  avia-builder-el-4  el_after_av_one_full  el_before_av_hr  column-top-margin\" style='border-radius:0px; '><section class=\"av_textblock_section \"  itemscope=\"itemscope\" itemtype=\"https:\/\/schema.org\/BlogPosting\" itemprop=\"blogPost\" ><div class='avia_textblock  '   itemprop=\"text\" ><p style=\"text-align: justify;\"><em>Este trabajo colaborativo re\u00fane a especialistas en buceo tanto del mundo p\u00fablico como privado. Anualmente, en Ays\u00e9n mueren entre 3 y 4 trabajadores del sector, generando alrededor de un 6% de enfermedades incapacitantes al a\u00f1o.<\/em><\/p>\n<p style=\"text-align: justify;\">Debido al desarrollo del sector acu\u00edcola y la salmonicultura, el litoral de Ays\u00e9n es una de las zonas del pa\u00eds que cuenta con el mayor n\u00famero de trabajadores expuestos a condiciones hiperb\u00e1ricas, donde los buzos profesionales juegan una labor clave. En efecto, estas actividades cobran anualmente la vida de 3 a 4 trabajadores de nuestra regi\u00f3n, generando alrededor de un 6% de enfermedades profesionales incapacitantes al a\u00f1o.<\/p>\n<p style=\"text-align: justify;\">Es en este contexto, que el equipo de la Unidad de Salud Ocupacional de la Seremi de Salud Ays\u00e9n fue convocado por la Subsecretar\u00eda de Salud P\u00fablica del Ministerio de Salud para ser parte del proceso de actualizaci\u00f3n del \u00abProtocolo Nacional de Vigilancia para Trabajadores Expuestos a Condiciones Hiperb\u00e1ricas\u00bb, trabajo que se est\u00e1 llevando a cabo estrechamente con una serie de profesionales y expertos en buceo del sur del pa\u00eds, tanto del mundo p\u00fablico como privado.<\/p>\n<p style=\"text-align: justify;\">\u201cEsta es una tarea que se nos design\u00f3 desde el nivel ministerial y que hemos liderado de manera robusta desde la regi\u00f3n de Ays\u00e9n, incorporando la participaci\u00f3n de diversos organismos en la materia, incluyendo profesionales de la academia e investigaci\u00f3n, expertos en buceo y de la medicina hiperb\u00e1rica\u201d, indic\u00f3 Carmen Monsalve, seremi de Salud Ays\u00e9n.<\/p>\n<p style=\"text-align: justify;\">La autoridad sanitaria hizo hincapi\u00e9 en que la experiencia de los equipos locales en materia de condiciones hiperb\u00e1ricas permitir\u00e1 salvar vidas, entendiendo que la seguridad laboral es parte importante para el desarrollo del pa\u00eds.<\/p>\n<p style=\"text-align: justify;\">\u201cEstamos muy contentos, porque con esta contribuci\u00f3n que hemos logrado articular desde el nivel regional, estaremos protegiendo a todas y todos los trabajadores que se desempe\u00f1an en condiciones hiperb\u00e1ricas en Chile\u201d, agreg\u00f3 la Seremi de Salud, precisando que en el mes de noviembre se entregar\u00e1 el texto definitivo a la Subsecretar\u00eda de Salud P\u00fablica.<\/p>\n<p style=\"text-align: justify;\"><strong>TRABAJO EN EQUIPO<\/strong><\/p>\n<p style=\"text-align: justify;\">Para el proceso de actualizaci\u00f3n de este protocolo, fueron convocados una serie de actores tanto de la esfera p\u00fablica como privada, incluyendo a acad\u00e9micos de las Universidades de Ays\u00e9n, Concepci\u00f3n y Atacama, gremios y sindicatos de buzos profesionales, organismos administradores (ACHS, ISL, Mutual de Seguridad, etc), equipos de la Seremi de Salud Ays\u00e9n, Los Lagos y Magallanes, especialistas en medicina subacu\u00e1tica y la Armada de Chile, entre otros.<\/p>\n<p style=\"text-align: justify;\">\u201cEl buceo es una de las actividades m\u00e1s riesgosas que se desarrollan dentro de la industria acu\u00edcola, y en general a nivel nacional. Como organizaciones sindicales, la importancia de haber participado dentro del proceso de actualizaci\u00f3n del protocolo, nos llama a que efectivamente se quieren mejorar las labores en cuanto a la seguridad de los trabajadores, y que el protocolo se actualice en base de la realidad de c\u00f3mo se est\u00e1 viendo la medicina asociada al buceo\u201d, destaca Jos\u00e9 Luis Loyola, dirigente sindical empresa Salmones Blumar.<\/p>\n<p style=\"text-align: justify;\">El presidente del sindicato de Blumar, que re\u00fane a m\u00e1s de 280 buzos de Ays\u00e9n y Magallanes, agreg\u00f3 que \u201cesta actualizaci\u00f3n nos deber\u00eda ayudar a que la protecci\u00f3n de los trabajadores sea much\u00edsimo m\u00e1s efectiva, y a la vez que se haga el nexo con las mutualidades, que tomen el rol de proteger a los trabajadores en base a las materias que les competen\u201d.<\/p>\n<p style=\"text-align: justify;\">Por su parte, el Dr. Jorge Calder\u00f3n, neur\u00f3logo jefe de la Unidad de Medicina Subacu\u00e1tica del Hospital de Ancud, explic\u00f3 que gran parte de las enfermedades profesionales asociadas al buceo son detectadas tras a\u00f1os de exposici\u00f3n a condiciones hiperb\u00e1ricas, por lo que los ex\u00e1menes y controles preventivos son clave para mejorar la salud de los trabajadores del sector acu\u00edcola.<\/p>\n<p style=\"text-align: justify;\">\u201cUna de las enfermedades que se asocia al buceo es la osteonecrosis disb\u00e1rica, que consiste en que se \u2018apolillen\u2019 los huesos, especialmente de la cadera y el hombro. Eso hace que la articulaci\u00f3n colapse, generando mucho dolor y dificultad para mover la articulaci\u00f3n.\u00a0 Es una condici\u00f3n grave pero que se da con los a\u00f1os, por lo tanto, la idea es detectarla en etapas iniciales. Ese es justamente uno de los objetivos del protocolo: evitar o detectar tempranamente patolog\u00edas relacionadas al buceo, y que quienes trabajan en condiciones hiperb\u00e1ricas no mueran\u201d, explica el Dr. Calder\u00f3n.<\/p>\n<p style=\"text-align: justify;\">El especialista en medicina subacu\u00e1tica precis\u00f3 que, adem\u00e1s de la osteonecrosis disb\u00e1rica, tambi\u00e9n existen patolog\u00edas neurol\u00f3gicas y cardiovasculares asociadas a las condiciones hiperb\u00e1ricas, tales como epilepsia e infartos.<\/p>\n<\/div><\/section><\/div><div  style='height:50px' class='hr hr-invisible   avia-builder-el-6  el_after_av_one_full  el_before_av_social_share '><span class='hr-inner ' ><span class='hr-inner-style'><\/span><\/span><\/div><\/p>\n<div  class='av-social-sharing-box  avia-builder-el-7  el_after_av_hr  el_before_av_hr  '><div class='av-share-box'><h5 class='av-share-link-description av-no-toc '>Compartir esta noticia<\/h5><ul class='av-share-box-list noLightbox'><li class='av-share-link av-social-link-facebook' ><a target=\"_blank\" aria-label=\"Compartir en Facebook\" href='https:\/\/www.facebook.com\/sharer.php?u=https:\/\/radiorevelacionfm.cl\/?p=46872&#038;t=Seremi%20de%20Salud%20Ays%C3%A9n%20lidera%20actualizaci%C3%B3n%20nacional%20del%20%E2%80%9CProtocolo%20Nacional%20de%20Vigilancia%20para%20Trabajadores%20Expuestos%20a%20Condiciones%20Hiperb%C3%A1ricas%E2%80%9D' aria-hidden='false' data-av_icon='\ue8f3' data-av_iconfont='entypo-fontello' title='' data-avia-related-tooltip='Compartir en Facebook' rel=\"noopener\"><span class='avia_hidden_link_text'>Compartir en Facebook<\/span><\/a><\/li><li class='av-share-link av-social-link-twitter' ><a target=\"_blank\" aria-label=\"Compartir en Twitter\" href='https:\/\/twitter.com\/share?text=Seremi%20de%20Salud%20Ays%C3%A9n%20lidera%20actualizaci%C3%B3n%20nacional%20del%20%E2%80%9CProtocolo%20Nacional%20de%20Vigilancia%20para%20Trabajadores%20Expuestos%20a%20Condiciones%20Hiperb%C3%A1ricas%E2%80%9D&#038;url=https:\/\/radiorevelacionfm.cl\/?p=46872' aria-hidden='false' data-av_icon='\ue8f1' data-av_iconfont='entypo-fontello' title='' data-avia-related-tooltip='Compartir en Twitter' rel=\"noopener\"><span class='avia_hidden_link_text'>Compartir en Twitter<\/span><\/a><\/li><li class='av-share-link av-social-link-whatsapp' ><a target=\"_blank\" aria-label=\"Compartir en Whatsapp\" href='https:\/\/api.whatsapp.com\/send?text=https:\/\/radiorevelacionfm.cl\/?p=46872' aria-hidden='false' data-av_icon='\uf232' data-av_iconfont='entypo-fontello' title='' data-avia-related-tooltip='Compartir en Whatsapp' rel=\"noopener\"><span class='avia_hidden_link_text'>Compartir en Whatsapp<\/span><\/a><\/li><li class='av-share-link av-social-link-linkedin' ><a target=\"_blank\" aria-label=\"Compartir en LinkedIn\" href='https:\/\/linkedin.com\/shareArticle?mini=true&#038;title=Seremi%20de%20Salud%20Ays%C3%A9n%20lidera%20actualizaci%C3%B3n%20nacional%20del%20%E2%80%9CProtocolo%20Nacional%20de%20Vigilancia%20para%20Trabajadores%20Expuestos%20a%20Condiciones%20Hiperb%C3%A1ricas%E2%80%9D&#038;url=https:\/\/radiorevelacionfm.cl\/?p=46872' aria-hidden='false' data-av_icon='\ue8fc' data-av_iconfont='entypo-fontello' title='' data-avia-related-tooltip='Compartir en LinkedIn' rel=\"noopener\"><span class='avia_hidden_link_text'>Compartir en LinkedIn<\/span><\/a><\/li><li class='av-share-link av-social-link-mail' ><a  aria-label=\"Compartir por correo\" href='mailto:?subject=Seremi%20de%20Salud%20Ays%C3%A9n%20lidera%20actualizaci%C3%B3n%20nacional%20del%20%E2%80%9CProtocolo%20Nacional%20de%20Vigilancia%20para%20Trabajadores%20Expuestos%20a%20Condiciones%20Hiperb%C3%A1ricas%E2%80%9D&#038;body=https:\/\/radiorevelacionfm.cl\/?p=46872' aria-hidden='false' data-av_icon='\ue805' data-av_iconfont='entypo-fontello' title='' data-avia-related-tooltip='Compartir por correo'><span class='avia_hidden_link_text'>Compartir por correo<\/span><\/a><\/li><\/ul><\/div><\/div>\n<div  style='height:50px' class='hr hr-invisible   avia-builder-el-8  el_after_av_social_share  el_before_av_comments_list '><span class='hr-inner ' ><span class='hr-inner-style'><\/span><\/span><\/div>\n<div  class='av-buildercomment  av-blog-meta-html-info-disabled av-blog-meta-tag-disabled  '><\/div>\n","protected":false},"excerpt":{"rendered":"","protected":false},"author":1,"featured_media":46873,"comment_status":"open","ping_status":"open","sticky":false,"template":"","format":"standard","meta":{"footnotes":""},"categories":[46],"tags":[],"class_list":["post-46872","post","type-post","status-publish","format-standard","has-post-thumbnail","hentry","category-salud"],"jetpack_featured_media_url":"https:\/\/radiorevelacionfm.cl\/wp-content\/uploads\/2024\/10\/buceo-1-2_optimized-2.jpeg","_links":{"self":[{"href":"https:\/\/radiorevelacionfm.cl\/index.php?rest_route=\/wp\/v2\/posts\/46872","targetHints":{"allow":["GET"]}}],"collection":[{"href":"https:\/\/radiorevelacionfm.cl\/index.php?rest_route=\/wp\/v2\/posts"}],"about":[{"href":"https:\/\/radiorevelacionfm.cl\/index.php?rest_route=\/wp\/v2\/types\/post"}],"author":[{"embeddable":true,"href":"https:\/\/radiorevelacionfm.cl\/index.php?rest_route=\/wp\/v2\/users\/1"}],"replies":[{"embeddable":true,"href":"https:\/\/radiorevelacionfm.cl\/index.php?rest_route=%2Fwp%2Fv2%2Fcomments&post=46872"}],"version-history":[{"count":1,"href":"https:\/\/radiorevelacionfm.cl\/index.php?rest_route=\/wp\/v2\/posts\/46872\/revisions"}],"predecessor-version":[{"id":46874,"href":"https:\/\/radiorevelacionfm.cl\/index.php?rest_route=\/wp\/v2\/posts\/46872\/revisions\/46874"}],"wp:featuredmedia":[{"embeddable":true,"href":"https:\/\/radiorevelacionfm.cl\/index.php?rest_route=\/wp\/v2\/media\/46873"}],"wp:attachment":[{"href":"https:\/\/radiorevelacionfm.cl\/index.php?rest_route=%2Fwp%2Fv2%2Fmedia&parent=46872"}],"wp:term":[{"taxonomy":"category","embeddable":true,"href":"https:\/\/radiorevelacionfm.cl\/index.php?rest_route=%2Fwp%2Fv2%2Fcategories&post=46872"},{"taxonomy":"post_tag","embeddable":true,"href":"https:\/\/radiorevelacionfm.cl\/index.php?rest_route=%2Fwp%2Fv2%2Ftags&post=46872"}],"curies":[{"name":"wp","href":"https:\/\/api.w.org\/{rel}","templated":true}]}}