{"id":46869,"date":"2024-10-08T14:52:04","date_gmt":"2024-10-08T17:52:04","guid":{"rendered":"https:\/\/radiorevelacionfm.cl\/?p=46869"},"modified":"2024-10-08T14:52:04","modified_gmt":"2024-10-08T17:52:04","slug":"en-terreno-se-realizaron-los-seguimientos-a-proyectos-del-ffoip-y-ffmcs-en-las-comunas-de-lago-verde-y-cisnes","status":"publish","type":"post","link":"https:\/\/radiorevelacionfm.cl\/?p=46869","title":{"rendered":"En Terreno: Se realizaron los seguimientos a proyectos del FFOIP y FFMCS en las comunas de Lago Verde y Cisnes"},"content":{"rendered":"<div class=\"flex_column av_one_full  flex_column_div av-zero-column-padding first  avia-builder-el-0  el_before_av_one_full  avia-builder-el-first  \" style='border-radius:0px; '><div  class='avia-image-container  av-styling-    avia-builder-el-1  avia-builder-el-no-sibling  avia-align-center '  itemprop=\"image\" itemscope=\"itemscope\" itemtype=\"https:\/\/schema.org\/ImageObject\"  ><div class='avia-image-container-inner'><div class='avia-image-overlay-wrap'><img decoding=\"async\" class='wp-image-46870 avia-img-lazy-loading-not-46870 avia_image' src=\"https:\/\/radiorevelacionfm.cl\/wp-content\/uploads\/2024\/10\/radio-revelacion-2-2.jpg\" alt='' title='radio revelacion-2-2' height=\"600\" width=\"800\"  itemprop=\"thumbnailUrl\" srcset=\"https:\/\/radiorevelacionfm.cl\/wp-content\/uploads\/2024\/10\/radio-revelacion-2-2.jpg 800w, https:\/\/radiorevelacionfm.cl\/wp-content\/uploads\/2024\/10\/radio-revelacion-2-2-300x225.jpg 300w, https:\/\/radiorevelacionfm.cl\/wp-content\/uploads\/2024\/10\/radio-revelacion-2-2-768x576.jpg 768w, https:\/\/radiorevelacionfm.cl\/wp-content\/uploads\/2024\/10\/radio-revelacion-2-2-705x529.jpg 705w, https:\/\/radiorevelacionfm.cl\/wp-content\/uploads\/2024\/10\/radio-revelacion-2-2-450x338.jpg 450w, https:\/\/radiorevelacionfm.cl\/wp-content\/uploads\/2024\/10\/radio-revelacion-2-2-600x450.jpg 600w\" sizes=\"(max-width: 800px) 100vw, 800px\" \/><\/div><\/div><\/div><\/div><div class=\"flex_column av_one_full  flex_column_div av-zero-column-padding first  avia-builder-el-2  el_after_av_one_full  el_before_av_one_full  column-top-margin\" style='border-radius:0px; '><section class=\"av_textblock_section \"  itemscope=\"itemscope\" itemtype=\"https:\/\/schema.org\/BlogPosting\" itemprop=\"blogPost\" ><div class='avia_textblock  '   itemprop=\"text\" ><p style=\"text-align: center;\"><strong><span style=\"font-size: 18pt;\">En Terreno: Se realizaron los seguimientos a proyectos del FFOIP y FFMCS en las comunas de Lago Verde y Cisnes<\/span><\/strong><\/p>\n<div id=\"gtx-trans\" style=\"position: absolute; left: -50px; top: 4.31534px;\">\n<div class=\"gtx-trans-icon\"><\/div>\n<\/div>\n<\/div><\/section><\/div><div class=\"flex_column av_one_full  flex_column_div av-zero-column-padding first  avia-builder-el-4  el_after_av_one_full  el_before_av_hr  column-top-margin\" style='border-radius:0px; '><section class=\"av_textblock_section \"  itemscope=\"itemscope\" itemtype=\"https:\/\/schema.org\/BlogPosting\" itemprop=\"blogPost\" ><div class='avia_textblock  '   itemprop=\"text\" ><p style=\"text-align: justify;\">Recientemente el equipo de la seremi de Gobierno Ays\u00e9n, realiz\u00f3 una serie\u00a0 de seguimientos a proyectos que se adjudicaron el Fondo de Fortalecimiento de Organizaciones de Inter\u00e9s P\u00fablico (FFOIP) y el Fondo de Fomento de Medios de Comunicaci\u00f3n Social (FFMCS). Por lo que visitaron la radio Ray\u00e9n de villa Amengual, la radio Revelaci\u00f3n Fm, la radio La Voz del Mar de Puerto Cisnes y la radio de Puyuhuapi. En cuanto al FFOIP realizaron el seguimiento de \u00a0la ejecuci\u00f3n del proyecto FFOIP\u00a0 de la agrupaci\u00f3n Taller Laboral \u00abLa Esperanza\u00bb de Puerto Cisnes y en Villa Ma\u00f1ihuales, la ejecuci\u00f3n del proyecto FFOIP de la agrupaci\u00f3n Consejo Vecinal de Desarrollo Barrio Los Ma\u00f1\u00edos.<\/p>\n<p style=\"text-align: justify;\">\u201cNuestro equipo de trabajo realiz\u00f3 una extensa jornada de difusi\u00f3n y seguimiento de algunos proyectos del Fondo de Fortalecimiento de Organizaciones de Inter\u00e9s P\u00fablico (FFOIP) y del Fondo de Fomento de Medios de Comunicaci\u00f3n Social (FFMCS) que se est\u00e1n ejecutando en las comunas de Lago Verde y Cisnes, los cuales nuestro ministerio Secretar\u00eda General de Gobierno financia a nivel nacional. Estuvimos visitando a medios de comunicaci\u00f3n y tambi\u00e9n agrupaciones de estas comunas, constatando en terreno el trabajo que est\u00e1n realizando por sus vecinos y vecinas. En los pr\u00f3ximos d\u00edas, tambi\u00e9n estaremos en Cochrane, Guadal, Iba\u00f1ez, Chile Chico, Balmaceda, Pen\u00ednsula Levican, Coyhaique y Ays\u00e9n, entre otras localidades, realizando seguimientos a proyectos que se adjudicaron nuestros fondos este a\u00f1o\u201d, se\u00f1al\u00f3 el seremi (s) de Gobierno, Tom\u00e1s Laibe.<\/p>\n<p style=\"text-align: justify;\">En Puerto Cisnes, el equipo de la Seremi de Gobierno regi\u00f3n de Ays\u00e9n visit\u00f3 el proyecto de la agrupaci\u00f3n Taller Laboral \u00abLa Esperanza\u00bb, el cual busca apoyar y financiar diferentes \u00e1reas para los emprendimientos de las mujeres que forman el taller. Valentina Hern\u00e1ndez, coordinadora del proyecto adjudicado por el Taller Laboral \u201cLa Esperanza\u201d de Puerto Cisnes, indic\u00f3: \u201cEste proyecto viene a apoyar y a financiar diferentes \u00e1reas para los emprendimientos y a nosotros nos toc\u00f3 la implementaci\u00f3n, principalmente de toldos, mesas, sillas, ropa corporativa y capacitaciones en diferentes \u00e1reas\u201d.<\/p>\n<p style=\"text-align: justify;\">Por su parte, Mar\u00eda Barrales, presidenta de la agrupaci\u00f3n Taller Laboral \u201cLa Esperanza\u201d, se\u00f1al\u00f3: \u201cPara m\u00ed y para las socias ha sido s\u00faper bueno, hace dos a\u00f1os que quer\u00edamos postular y no hab\u00edamos podido. Esto para nosotras ha sido una tremenda alegr\u00eda, porque nuestras socias quer\u00edan tener materiales para trabajar y mayores comodidades para instalarnos con nuestras cosas, como los toldos y las mesas, ya que aqu\u00ed en Puerto Cisnes llueve mucho\u201d.<\/p>\n<p style=\"text-align: justify;\">En cuanto al seguimiento del Fondo de Fomento de Medios de Comunicaci\u00f3n Social, el equipo visit\u00f3 las radios, Ray\u00e9n de villa Amengual, Radio Revelaci\u00f3n, radio La Voz del Mar de Puerto Cisnes y radio Puyuhuapi, de esta misma localidad.<\/p>\n<p style=\"text-align: justify;\">Almendra Silva, locutora de radio Puyuhuapi, destac\u00f3: \u201cTodos los a\u00f1os postulo al Fondo de Medios de Comunicaci\u00f3n Social, es una tremenda herramienta, todo lo que est\u00e1 ac\u00e1 en la radio, los micr\u00f3fonos, los equipos, inmobiliario, todo es gracias a este fondo, as\u00ed que quiero agradecer estos recursos. Mi proyecto se llama\u00a0 \u00abVecina cu\u00e9nteme, con la abogada Paula\u00bb, que consiste en la realizaci\u00f3n de c\u00e1psulas radiales en las que se orientar\u00e1 a las y los auditores con respecto a distintas situaciones de \u00edndole legal. Vamos a simular casos que son cotidianos en la ruralidad, que tienen que ver con conflictos entre vecinos, por temas de deslindes u otros, vamos a tocar temas de familia, pensi\u00f3n de alimentos, ley Karin. Entonces vamos a simular situaciones de conflicto y otra vecina va a decir que mejor le preguntemos a la \u2018abogada Paula\u2019, quien va a explicar qu\u00e9 hacer de acuerdo a la ley. Estamos trabajando con una abogada y una cineasta de ac\u00e1, de Puyuhuapi, as\u00ed que es un proyecto muy bonito\u201d.<\/p>\n<p style=\"text-align: justify;\">Cabe se\u00f1alar, que los proyectos FFOIP visitados por el equipo de la Seremi de Gobierno, se enfocan en promover los derechos humanos, el enfoque de g\u00e9nero o tener un impacto concreto en el territorio. Adem\u00e1s, este a\u00f1o, por primera vez y gracias a una alianza con la Subsecretar\u00eda de la Ni\u00f1ez, el FFOIP contempla una l\u00ednea tem\u00e1tica para el fortalecimiento de la participaci\u00f3n ciudadana de ni\u00f1os, ni\u00f1as y adolescentes. Esta l\u00ednea cuenta con un presupuesto de $180 millones de pesos (a nivel nacional) dirigido a organizaciones que desarrollen proyectos a nivel local para promover la participaci\u00f3n social y comunitaria de personas menores de 18 a\u00f1os.<\/p>\n<\/div><\/section><\/div><div  style='height:50px' class='hr hr-invisible   avia-builder-el-6  el_after_av_one_full  el_before_av_social_share '><span class='hr-inner ' ><span class='hr-inner-style'><\/span><\/span><\/div><\/p>\n<div  class='av-social-sharing-box  avia-builder-el-7  el_after_av_hr  el_before_av_hr  '><div class='av-share-box'><h5 class='av-share-link-description av-no-toc '>Compartir esta noticia<\/h5><ul class='av-share-box-list noLightbox'><li class='av-share-link av-social-link-facebook' ><a target=\"_blank\" aria-label=\"Compartir en Facebook\" href='https:\/\/www.facebook.com\/sharer.php?u=https:\/\/radiorevelacionfm.cl\/?p=46869&#038;t=En%20Terreno%3A%20Se%20realizaron%20los%20seguimientos%20a%20proyectos%20del%20FFOIP%20y%20FFMCS%20en%20las%20comunas%20de%20Lago%20Verde%20y%20Cisnes' aria-hidden='false' data-av_icon='\ue8f3' data-av_iconfont='entypo-fontello' title='' data-avia-related-tooltip='Compartir en Facebook' rel=\"noopener\"><span class='avia_hidden_link_text'>Compartir en Facebook<\/span><\/a><\/li><li class='av-share-link av-social-link-twitter' ><a target=\"_blank\" aria-label=\"Compartir en Twitter\" href='https:\/\/twitter.com\/share?text=En%20Terreno%3A%20Se%20realizaron%20los%20seguimientos%20a%20proyectos%20del%20FFOIP%20y%20FFMCS%20en%20las%20comunas%20de%20Lago%20Verde%20y%20Cisnes&#038;url=https:\/\/radiorevelacionfm.cl\/?p=46869' aria-hidden='false' data-av_icon='\ue8f1' data-av_iconfont='entypo-fontello' title='' data-avia-related-tooltip='Compartir en Twitter' rel=\"noopener\"><span class='avia_hidden_link_text'>Compartir en Twitter<\/span><\/a><\/li><li class='av-share-link av-social-link-whatsapp' ><a target=\"_blank\" aria-label=\"Compartir en Whatsapp\" href='https:\/\/api.whatsapp.com\/send?text=https:\/\/radiorevelacionfm.cl\/?p=46869' aria-hidden='false' data-av_icon='\uf232' data-av_iconfont='entypo-fontello' title='' data-avia-related-tooltip='Compartir en Whatsapp' rel=\"noopener\"><span class='avia_hidden_link_text'>Compartir en Whatsapp<\/span><\/a><\/li><li class='av-share-link av-social-link-linkedin' ><a target=\"_blank\" aria-label=\"Compartir en LinkedIn\" href='https:\/\/linkedin.com\/shareArticle?mini=true&#038;title=En%20Terreno%3A%20Se%20realizaron%20los%20seguimientos%20a%20proyectos%20del%20FFOIP%20y%20FFMCS%20en%20las%20comunas%20de%20Lago%20Verde%20y%20Cisnes&#038;url=https:\/\/radiorevelacionfm.cl\/?p=46869' aria-hidden='false' data-av_icon='\ue8fc' data-av_iconfont='entypo-fontello' title='' data-avia-related-tooltip='Compartir en LinkedIn' rel=\"noopener\"><span class='avia_hidden_link_text'>Compartir en LinkedIn<\/span><\/a><\/li><li class='av-share-link av-social-link-mail' ><a  aria-label=\"Compartir por correo\" href='mailto:?subject=En%20Terreno%3A%20Se%20realizaron%20los%20seguimientos%20a%20proyectos%20del%20FFOIP%20y%20FFMCS%20en%20las%20comunas%20de%20Lago%20Verde%20y%20Cisnes&#038;body=https:\/\/radiorevelacionfm.cl\/?p=46869' aria-hidden='false' data-av_icon='\ue805' data-av_iconfont='entypo-fontello' title='' data-avia-related-tooltip='Compartir por correo'><span class='avia_hidden_link_text'>Compartir por correo<\/span><\/a><\/li><\/ul><\/div><\/div>\n<div  style='height:50px' class='hr hr-invisible   avia-builder-el-8  el_after_av_social_share  el_before_av_comments_list '><span class='hr-inner ' ><span class='hr-inner-style'><\/span><\/span><\/div>\n<div  class='av-buildercomment  av-blog-meta-html-info-disabled av-blog-meta-tag-disabled  '><\/div>\n","protected":false},"excerpt":{"rendered":"","protected":false},"author":1,"featured_media":46870,"comment_status":"open","ping_status":"open","sticky":false,"template":"","format":"standard","meta":{"footnotes":""},"categories":[38],"tags":[],"class_list":["post-46869","post","type-post","status-publish","format-standard","has-post-thumbnail","hentry","category-regional"],"jetpack_featured_media_url":"https:\/\/radiorevelacionfm.cl\/wp-content\/uploads\/2024\/10\/radio-revelacion-2-2.jpg","_links":{"self":[{"href":"https:\/\/radiorevelacionfm.cl\/index.php?rest_route=\/wp\/v2\/posts\/46869","targetHints":{"allow":["GET"]}}],"collection":[{"href":"https:\/\/radiorevelacionfm.cl\/index.php?rest_route=\/wp\/v2\/posts"}],"about":[{"href":"https:\/\/radiorevelacionfm.cl\/index.php?rest_route=\/wp\/v2\/types\/post"}],"author":[{"embeddable":true,"href":"https:\/\/radiorevelacionfm.cl\/index.php?rest_route=\/wp\/v2\/users\/1"}],"replies":[{"embeddable":true,"href":"https:\/\/radiorevelacionfm.cl\/index.php?rest_route=%2Fwp%2Fv2%2Fcomments&post=46869"}],"version-history":[{"count":1,"href":"https:\/\/radiorevelacionfm.cl\/index.php?rest_route=\/wp\/v2\/posts\/46869\/revisions"}],"predecessor-version":[{"id":46871,"href":"https:\/\/radiorevelacionfm.cl\/index.php?rest_route=\/wp\/v2\/posts\/46869\/revisions\/46871"}],"wp:featuredmedia":[{"embeddable":true,"href":"https:\/\/radiorevelacionfm.cl\/index.php?rest_route=\/wp\/v2\/media\/46870"}],"wp:attachment":[{"href":"https:\/\/radiorevelacionfm.cl\/index.php?rest_route=%2Fwp%2Fv2%2Fmedia&parent=46869"}],"wp:term":[{"taxonomy":"category","embeddable":true,"href":"https:\/\/radiorevelacionfm.cl\/index.php?rest_route=%2Fwp%2Fv2%2Fcategories&post=46869"},{"taxonomy":"post_tag","embeddable":true,"href":"https:\/\/radiorevelacionfm.cl\/index.php?rest_route=%2Fwp%2Fv2%2Ftags&post=46869"}],"curies":[{"name":"wp","href":"https:\/\/api.w.org\/{rel}","templated":true}]}}