{"id":46866,"date":"2024-10-08T19:47:07","date_gmt":"2024-10-08T22:47:07","guid":{"rendered":"https:\/\/radiorevelacionfm.cl\/?p=46866"},"modified":"2024-10-08T19:47:07","modified_gmt":"2024-10-08T22:47:07","slug":"consulta-ciudadana-y-conversatorios-con-candidatos-junta-de-vecinos-de-guadal-apuesta-por-la-formacion-civica","status":"publish","type":"post","link":"https:\/\/radiorevelacionfm.cl\/?p=46866","title":{"rendered":"Consulta ciudadana y conversatorios con candidatos: Junta de Vecinos de Guadal apuesta por la formaci\u00f3n c\u00edvica"},"content":{"rendered":"<div class=\"flex_column av_one_full  flex_column_div av-zero-column-padding first  avia-builder-el-0  el_before_av_one_full  avia-builder-el-first  \" style='border-radius:0px; '><div  class='avia-image-container  av-styling-    avia-builder-el-1  avia-builder-el-no-sibling  avia-align-center '  itemprop=\"image\" itemscope=\"itemscope\" itemtype=\"https:\/\/schema.org\/ImageObject\"  ><div class='avia-image-container-inner'><div class='avia-image-overlay-wrap'><img decoding=\"async\" class='wp-image-46867 avia-img-lazy-loading-not-46867 avia_image' src=\"https:\/\/radiorevelacionfm.cl\/wp-content\/uploads\/2024\/10\/Consulta-vecinal-2-2.jpeg\" alt='' title='Consulta vecinal-2-2' height=\"600\" width=\"1067\"  itemprop=\"thumbnailUrl\" srcset=\"https:\/\/radiorevelacionfm.cl\/wp-content\/uploads\/2024\/10\/Consulta-vecinal-2-2.jpeg 1067w, https:\/\/radiorevelacionfm.cl\/wp-content\/uploads\/2024\/10\/Consulta-vecinal-2-2-300x169.jpeg 300w, https:\/\/radiorevelacionfm.cl\/wp-content\/uploads\/2024\/10\/Consulta-vecinal-2-2-1030x579.jpeg 1030w, https:\/\/radiorevelacionfm.cl\/wp-content\/uploads\/2024\/10\/Consulta-vecinal-2-2-768x432.jpeg 768w, https:\/\/radiorevelacionfm.cl\/wp-content\/uploads\/2024\/10\/Consulta-vecinal-2-2-705x396.jpeg 705w, https:\/\/radiorevelacionfm.cl\/wp-content\/uploads\/2024\/10\/Consulta-vecinal-2-2-450x253.jpeg 450w, https:\/\/radiorevelacionfm.cl\/wp-content\/uploads\/2024\/10\/Consulta-vecinal-2-2-600x337.jpeg 600w\" sizes=\"(max-width: 1067px) 100vw, 1067px\" \/><\/div><\/div><\/div><\/div><div class=\"flex_column av_one_full  flex_column_div av-zero-column-padding first  avia-builder-el-2  el_after_av_one_full  el_before_av_one_full  column-top-margin\" style='border-radius:0px; '><section class=\"av_textblock_section \"  itemscope=\"itemscope\" itemtype=\"https:\/\/schema.org\/BlogPosting\" itemprop=\"blogPost\" ><div class='avia_textblock  '   itemprop=\"text\" ><p style=\"text-align: center;\"><span style=\"font-size: 18pt;\"><b><span lang=\"ES-TRAD\">Consulta ciudadana y conversatorios con candidatos: Junta de Vecinos de Guadal apuesta por la formaci\u00f3n c\u00edvica<\/span><\/b><\/span><\/p>\n<div id=\"gtx-trans\" style=\"position: absolute; left: -50px; top: 4.31534px;\">\n<div class=\"gtx-trans-icon\"><\/div>\n<\/div>\n<\/div><\/section><\/div><div class=\"flex_column av_one_full  flex_column_div av-zero-column-padding first  avia-builder-el-4  el_after_av_one_full  el_before_av_hr  column-top-margin\" style='border-radius:0px; '><section class=\"av_textblock_section \"  itemscope=\"itemscope\" itemtype=\"https:\/\/schema.org\/BlogPosting\" itemprop=\"blogPost\" ><div class='avia_textblock  '   itemprop=\"text\" ><p class=\"v1MsoNormal\" style=\"text-align: justify;\"><span lang=\"ES-TRAD\">Una in\u00e9dita consulta ciudadana, con el fin de visibilizar el sentir de los habitantes de Puerto Guadal con respecto a la gesti\u00f3n municipal y los desaf\u00edos pendientes, llev\u00f3 a cabo la Junta de Vecinos N\u00b08 de la localidad.\u00a0 La actividad, decidida por la asamblea de la unidad vecinal, se desarroll\u00f3 en forma h\u00edbrida entre el 24 de agosto y el 30 de septiembre, dirigida s\u00f3lo a pobladores de la localidad.<\/span><\/p>\n<p class=\"v1MsoNormal\" style=\"text-align: justify;\"><span lang=\"ES-TRAD\">En este primer ejercicio, de car\u00e1cter exploratorio y que se espera ir robusteciendo, particip\u00f3 un total de 51 personas, quienes respondieron a diversas consultas, tanto de calificaci\u00f3n del desempe\u00f1o del alcalde, delegado y concejales, como de la prestaci\u00f3n de servicios municipales y aspiraciones vecinales sobre obras e iniciativas.<\/span><\/p>\n<p class=\"v1MsoNormal\" style=\"text-align: justify;\"><b><span lang=\"ES-TRAD\">Resultados<\/span><\/b><\/p>\n<p class=\"v1MsoNormal\" style=\"text-align: justify;\"><span lang=\"ES-TRAD\">Con respecto a la gesti\u00f3n del <b>alcalde<\/b> <b>Luperciano Mu\u00f1oz<\/b>, un 86,2 % opin\u00f3 que su gesti\u00f3n fue muy mala y mala, mientras que un 7,9 % buena o muy buena, y para un 5,9 % le fue indiferente.\u00a0 El <b>delegado Jorge Parra<\/b>, cargo de confianza del edil, fue calificado con un 70,6% de opiniones negativas y un 9,8% favorables, mientras que un 19,6 % opt\u00f3 por indiferente.<\/span><\/p>\n<p class=\"v1MsoNormal\" style=\"text-align: justify;\"><span lang=\"ES-TRAD\">En la visi\u00f3n sobre las y los concejales, la consulta arroj\u00f3 lo siguiente: <b>Ariel Keim<\/b> 27,27 % muy bueno y bueno, 32,73 % muy malo y malo, 40 % indiferente.; <b>Mario Figueroa<\/b> 9,09 % muy bueno y bueno, 40 % muy malo y malo, 50,91 % indiferente; <b>Juan Pinto<\/b> 20 % muy bueno y bueno, 36,36 % muy malo y malo, 43,64 % indiferente.; <b>Lidia Soto<\/b> 14,55 % muy bueno y bueno, 38,18 % muy malo y malo, 47,27 % indiferente; <b>\u00c1ngela Valdebenito<\/b> 12,73 % muy bueno y bueno, 41,82 % muy malo y malo, 45,45 % indiferente; <b>Arnaldo Pe\u00f1aloza<\/b> 20 % muy bueno y bueno, 34,55 % muy malo y malo, 45,45 % indiferente. <\/span><\/p>\n<p class=\"v1MsoNormal\" style=\"text-align: justify;\"><span lang=\"ES-TRAD\">Llam\u00f3 la atenci\u00f3n la alta indiferencia con que se calific\u00f3 a una parte importante de las y los concejales (entre el 40 y el 50 %), lo que dar\u00eda cuenta de la baja presencia de la generalidad de estas autoridades en la localidad.<\/span><\/p>\n<p class=\"v1MsoNormal\" style=\"text-align: justify;\"><span lang=\"ES-TRAD\">Ante la pregunta <b>\u00ab\u00bfQu\u00e9 tan satisfecho\/a est\u00e1 con los servicios municipales en nuestra localidad?\u00bb<\/b>, la respuesta fue de un 74,5% insatisfecho\/a, en tanto un 9,8 satisfecho\/a. Entre \u00e9stos, los que en opini\u00f3n de las\/os participantes requieren m\u00e1s atenci\u00f3n son la <b>planta de tratamiento de aguas servidas<\/b> (96,1%); <b>planta de gesti\u00f3n de residuos domiciliarios <\/b>(92,2%),<b>promover en la comunidad e incentivar el reciclaje de los residuos<\/b> (70,6%), <b>infraestructura deportiva, cultural y recreativa<\/b> (62,7%).<\/span><\/p>\n<p class=\"v1MsoNormal\" style=\"text-align: justify;\"><span lang=\"ES-TRAD\">En t\u00e9rminos de obras e infraestructuras, se plante\u00f3 que se debe enfocar en la reposici\u00f3n de la <b>Biblioteca P\u00fablica<\/b> (que fue discontinuada por la actual administraci\u00f3n) con un 70, 6%; <b>construcci\u00f3n de \u00e1reas verdes<\/b> (51,0%); y <b>capacitaci\u00f3n laboral con cursos de oficios<\/b>(45,1%).\u00a0 Y sobre cu\u00e1l sector debiera ser prioritario, el resultado arroj\u00f3 un 45,1% para <b>protecci\u00f3n de medio ambiente<\/b>; un 23,5% para <b>desarrollo econ\u00f3mico local<\/b>; y un 21,6% para <b>salud y bienestar<\/b>.<\/span><\/p>\n<p class=\"v1MsoNormal\" style=\"text-align: justify;\"><span lang=\"ES-TRAD\">Adem\u00e1s, se dio la posibilidad de respuesta libre para comentarios y sugerencias.<\/span><\/p>\n<p class=\"v1MsoNormal\" style=\"text-align: justify;\"><span lang=\"ES-TRAD\">El informe de los resultados de la consulta se har\u00e1 llegar a todo\/as lo\/as candidato\/as a la alcald\u00eda y el Concejo Municipal, como una forma de que \u00e9sta sea uno m\u00e1s de los insumos de la gesti\u00f3n de quienes salgan electos.\u00a0 <\/span><\/p>\n<p class=\"v1MsoNormal\" style=\"text-align: justify;\"><span lang=\"ES-TRAD\">\u00ab<i>Este primer ejercicio forma parte del inter\u00e9s de nuestra junta de vecinos de profundizar la participaci\u00f3n ciudadana, tanto abriendo espacio para que la gente se exprese pero asimismo pueda fiscalizar la gesti\u00f3n del principal \u00f3rgano del Estado en el territorio que es el municipio<\/i>\u00bb se\u00f1al\u00f3 el presidente de la organizaci\u00f3n <b>Felipe Christensen Arteaga<\/b>.\u00a0\u00a0 <\/span><\/p>\n<p class=\"v1MsoNormal\" style=\"text-align: justify;\"><span lang=\"ES-TRAD\">Asimismo la secretaria, <b>Diana Opazo Oliva<\/b>, indic\u00f3 que \u00ab<i>promover el desarrollo del espacio democr\u00e1tico es de mucho inter\u00e9s, tanto por saber de forma consciente qui\u00e9nes son los que nos representan, cu\u00e1l es el alcance del desempe\u00f1o que tienen y c\u00f3mo podemos exigir mejoras en las diferentes \u00e1reas de la localidad.\u00a0 Mientras, vamos evaluando paralelamente de forma continua la relaci\u00f3n de trabajo entre el municipio y los vecinos<\/i>\u00ab.\u00a0 Agreg\u00f3 que en este caso \u00ab<i>la mayor\u00eda ni siquiera sab\u00eda qui\u00e9nes eran los concejales que estaban trabajando desde el municipio con las localidades, lo cual es una se\u00f1al para mejorar todo este proceso y este trabajo, que es y tiene que ser comunitario<\/i>\u00ab.<\/span><\/p>\n<p class=\"v1MsoNormal\" style=\"text-align: justify;\"><span lang=\"ES-TRAD\">Esta actividad se sum\u00f3 a los conversatorios organizados con los candidatos a alcalde <\/span><a href=\"https:\/\/www.facebook.com\/puerto.guadal\/videos\/926746159285053\" target=\"_blank\" rel=\"noopener noreferrer\"><b><span lang=\"ES-TRAD\">Gonzalo Cruces<\/span><\/b><\/a><span lang=\"ES-TRAD\"> (RN) y <\/span><a href=\"https:\/\/www.facebook.com\/puerto.guadal\/videos\/1179787989752171\" target=\"_blank\" rel=\"noopener noreferrer\"><b><span lang=\"ES-TRAD\">Ariel Keim<\/span><\/b><\/a><span lang=\"ES-TRAD\"> (Ind.), que fueron quienes respondieron favorablemente ya que <b>Ricardo Ibarra<\/b> (Ind.) y <b>Santos Sep\u00falveda<\/b> (Ind.) no contestaron a la convocatoria.\u00a0 Adem\u00e1s se sumaron los candidatos <b>Sandro S\u00e1nchez<\/b> (Ind. FRVS), <b>Hugo Ortiz<\/b> (Ind. RN) y <b>Mario Figueroa<\/b>(DC).\u00a0 Ambas actividades fueron en formato presencial y online.<\/span><\/p>\n<p class=\"v1MsoNormal\" style=\"text-align: justify;\"><span lang=\"ES-TRAD\">Christensen inform\u00f3 que se espera continuar con este tipo de iniciativas de participaci\u00f3n y formaci\u00f3n c\u00edvica, ya no s\u00f3lo al fin de los per\u00edodos o previo a procesos electorales, sino durante toda la gesti\u00f3n municipal.<\/span><\/p>\n<\/div><\/section><\/div><div  style='height:50px' class='hr hr-invisible   avia-builder-el-6  el_after_av_one_full  el_before_av_social_share '><span class='hr-inner ' ><span class='hr-inner-style'><\/span><\/span><\/div><\/p>\n<div  class='av-social-sharing-box  avia-builder-el-7  el_after_av_hr  el_before_av_hr  '><div class='av-share-box'><h5 class='av-share-link-description av-no-toc '>Compartir esta noticia<\/h5><ul class='av-share-box-list noLightbox'><li class='av-share-link av-social-link-facebook' ><a target=\"_blank\" aria-label=\"Compartir en Facebook\" href='https:\/\/www.facebook.com\/sharer.php?u=https:\/\/radiorevelacionfm.cl\/?p=46866&#038;t=Consulta%20ciudadana%20y%20conversatorios%20con%20candidatos%3A%20Junta%20de%20Vecinos%20de%20Guadal%20apuesta%20por%20la%20formaci%C3%B3n%20c%C3%ADvica' aria-hidden='false' data-av_icon='\ue8f3' data-av_iconfont='entypo-fontello' title='' data-avia-related-tooltip='Compartir en Facebook' rel=\"noopener\"><span class='avia_hidden_link_text'>Compartir en Facebook<\/span><\/a><\/li><li class='av-share-link av-social-link-twitter' ><a target=\"_blank\" aria-label=\"Compartir en Twitter\" href='https:\/\/twitter.com\/share?text=Consulta%20ciudadana%20y%20conversatorios%20con%20candidatos%3A%20Junta%20de%20Vecinos%20de%20Guadal%20apuesta%20por%20la%20formaci%C3%B3n%20c%C3%ADvica&#038;url=https:\/\/radiorevelacionfm.cl\/?p=46866' aria-hidden='false' data-av_icon='\ue8f1' data-av_iconfont='entypo-fontello' title='' data-avia-related-tooltip='Compartir en Twitter' rel=\"noopener\"><span class='avia_hidden_link_text'>Compartir en Twitter<\/span><\/a><\/li><li class='av-share-link av-social-link-whatsapp' ><a target=\"_blank\" aria-label=\"Compartir en Whatsapp\" href='https:\/\/api.whatsapp.com\/send?text=https:\/\/radiorevelacionfm.cl\/?p=46866' aria-hidden='false' data-av_icon='\uf232' data-av_iconfont='entypo-fontello' title='' data-avia-related-tooltip='Compartir en Whatsapp' rel=\"noopener\"><span class='avia_hidden_link_text'>Compartir en Whatsapp<\/span><\/a><\/li><li class='av-share-link av-social-link-linkedin' ><a target=\"_blank\" aria-label=\"Compartir en LinkedIn\" href='https:\/\/linkedin.com\/shareArticle?mini=true&#038;title=Consulta%20ciudadana%20y%20conversatorios%20con%20candidatos%3A%20Junta%20de%20Vecinos%20de%20Guadal%20apuesta%20por%20la%20formaci%C3%B3n%20c%C3%ADvica&#038;url=https:\/\/radiorevelacionfm.cl\/?p=46866' aria-hidden='false' data-av_icon='\ue8fc' data-av_iconfont='entypo-fontello' title='' data-avia-related-tooltip='Compartir en LinkedIn' rel=\"noopener\"><span class='avia_hidden_link_text'>Compartir en LinkedIn<\/span><\/a><\/li><li class='av-share-link av-social-link-mail' ><a  aria-label=\"Compartir por correo\" href='mailto:?subject=Consulta%20ciudadana%20y%20conversatorios%20con%20candidatos%3A%20Junta%20de%20Vecinos%20de%20Guadal%20apuesta%20por%20la%20formaci%C3%B3n%20c%C3%ADvica&#038;body=https:\/\/radiorevelacionfm.cl\/?p=46866' aria-hidden='false' data-av_icon='\ue805' data-av_iconfont='entypo-fontello' title='' data-avia-related-tooltip='Compartir por correo'><span class='avia_hidden_link_text'>Compartir por correo<\/span><\/a><\/li><\/ul><\/div><\/div>\n<div  style='height:50px' class='hr hr-invisible   avia-builder-el-8  el_after_av_social_share  el_before_av_comments_list '><span class='hr-inner ' ><span class='hr-inner-style'><\/span><\/span><\/div>\n<div  class='av-buildercomment  av-blog-meta-html-info-disabled av-blog-meta-tag-disabled  '><\/div>\n","protected":false},"excerpt":{"rendered":"","protected":false},"author":1,"featured_media":46867,"comment_status":"open","ping_status":"open","sticky":false,"template":"","format":"standard","meta":{"footnotes":""},"categories":[38],"tags":[],"class_list":["post-46866","post","type-post","status-publish","format-standard","has-post-thumbnail","hentry","category-regional"],"jetpack_featured_media_url":"https:\/\/radiorevelacionfm.cl\/wp-content\/uploads\/2024\/10\/Consulta-vecinal-2-2.jpeg","_links":{"self":[{"href":"https:\/\/radiorevelacionfm.cl\/index.php?rest_route=\/wp\/v2\/posts\/46866","targetHints":{"allow":["GET"]}}],"collection":[{"href":"https:\/\/radiorevelacionfm.cl\/index.php?rest_route=\/wp\/v2\/posts"}],"about":[{"href":"https:\/\/radiorevelacionfm.cl\/index.php?rest_route=\/wp\/v2\/types\/post"}],"author":[{"embeddable":true,"href":"https:\/\/radiorevelacionfm.cl\/index.php?rest_route=\/wp\/v2\/users\/1"}],"replies":[{"embeddable":true,"href":"https:\/\/radiorevelacionfm.cl\/index.php?rest_route=%2Fwp%2Fv2%2Fcomments&post=46866"}],"version-history":[{"count":1,"href":"https:\/\/radiorevelacionfm.cl\/index.php?rest_route=\/wp\/v2\/posts\/46866\/revisions"}],"predecessor-version":[{"id":46868,"href":"https:\/\/radiorevelacionfm.cl\/index.php?rest_route=\/wp\/v2\/posts\/46866\/revisions\/46868"}],"wp:featuredmedia":[{"embeddable":true,"href":"https:\/\/radiorevelacionfm.cl\/index.php?rest_route=\/wp\/v2\/media\/46867"}],"wp:attachment":[{"href":"https:\/\/radiorevelacionfm.cl\/index.php?rest_route=%2Fwp%2Fv2%2Fmedia&parent=46866"}],"wp:term":[{"taxonomy":"category","embeddable":true,"href":"https:\/\/radiorevelacionfm.cl\/index.php?rest_route=%2Fwp%2Fv2%2Fcategories&post=46866"},{"taxonomy":"post_tag","embeddable":true,"href":"https:\/\/radiorevelacionfm.cl\/index.php?rest_route=%2Fwp%2Fv2%2Ftags&post=46866"}],"curies":[{"name":"wp","href":"https:\/\/api.w.org\/{rel}","templated":true}]}}