{"id":46863,"date":"2024-10-08T14:28:50","date_gmt":"2024-10-08T17:28:50","guid":{"rendered":"https:\/\/radiorevelacionfm.cl\/?p=46863"},"modified":"2024-10-08T14:28:50","modified_gmt":"2024-10-08T17:28:50","slug":"dan-a-conocer-detalles-de-la-segunda-convocatoria-al-subsidio-electrico","status":"publish","type":"post","link":"https:\/\/radiorevelacionfm.cl\/?p=46863","title":{"rendered":"Dan a conocer detalles de la Segunda Convocatoria al Subsidio El\u00e9ctrico"},"content":{"rendered":"<div class=\"flex_column av_one_full  flex_column_div av-zero-column-padding first  avia-builder-el-0  el_before_av_one_full  avia-builder-el-first  \" style='border-radius:0px; '><div  class='avia-image-container  av-styling-    avia-builder-el-1  avia-builder-el-no-sibling  avia-align-center '  itemprop=\"image\" itemscope=\"itemscope\" itemtype=\"https:\/\/schema.org\/ImageObject\"  ><div class='avia-image-container-inner'><div class='avia-image-overlay-wrap'><img decoding=\"async\" class='wp-image-46864 avia-img-lazy-loading-not-46864 avia_image' src=\"https:\/\/radiorevelacionfm.cl\/wp-content\/uploads\/2024\/10\/f2-2-2_optimized-2.jpeg\" alt='' title='f2-2-2_optimized-2' height=\"640\" width=\"801\"  itemprop=\"thumbnailUrl\" srcset=\"https:\/\/radiorevelacionfm.cl\/wp-content\/uploads\/2024\/10\/f2-2-2_optimized-2.jpeg 801w, https:\/\/radiorevelacionfm.cl\/wp-content\/uploads\/2024\/10\/f2-2-2_optimized-2-300x240.jpeg 300w, https:\/\/radiorevelacionfm.cl\/wp-content\/uploads\/2024\/10\/f2-2-2_optimized-2-768x614.jpeg 768w, https:\/\/radiorevelacionfm.cl\/wp-content\/uploads\/2024\/10\/f2-2-2_optimized-2-705x563.jpeg 705w, https:\/\/radiorevelacionfm.cl\/wp-content\/uploads\/2024\/10\/f2-2-2_optimized-2-450x360.jpeg 450w, https:\/\/radiorevelacionfm.cl\/wp-content\/uploads\/2024\/10\/f2-2-2_optimized-2-600x479.jpeg 600w\" sizes=\"(max-width: 801px) 100vw, 801px\" \/><\/div><\/div><\/div><\/div><div class=\"flex_column av_one_full  flex_column_div av-zero-column-padding first  avia-builder-el-2  el_after_av_one_full  el_before_av_one_full  column-top-margin\" style='border-radius:0px; '><section class=\"av_textblock_section \"  itemscope=\"itemscope\" itemtype=\"https:\/\/schema.org\/BlogPosting\" itemprop=\"blogPost\" ><div class='avia_textblock  '   itemprop=\"text\" ><p style=\"text-align: center;\"><strong><span style=\"font-size: 18pt;\">Dan a conocer detalles de la Segunda Convocatoria al Subsidio El\u00e9ctrico<\/span><\/strong><\/p>\n<div id=\"gtx-trans\" style=\"position: absolute; left: -50px; top: 4.31534px;\">\n<div class=\"gtx-trans-icon\"><\/div>\n<\/div>\n<\/div><\/section><\/div><div class=\"flex_column av_one_full  flex_column_div av-zero-column-padding first  avia-builder-el-4  el_after_av_one_full  el_before_av_hr  column-top-margin\" style='border-radius:0px; '><section class=\"av_textblock_section \"  itemscope=\"itemscope\" itemtype=\"https:\/\/schema.org\/BlogPosting\" itemprop=\"blogPost\" ><div class='avia_textblock  '   itemprop=\"text\" ><p style=\"text-align: justify;\">El Seremi de Energ\u00eda, Tom\u00e1s Laibe, junto a la Jefa (s) de Chile Atiende, Nery Roa, dieron a conocer los detalles de la Segunda Convocatoria del Subsidio El\u00e9ctrico, al cual se puede acceder a trav\u00e9s de la p\u00e1gina www.subsidioel\u00e9ctrico.cl, con la Clave\u00danica y tambi\u00e9n de manera presencial en ChileAtiende.<\/p>\n<p style=\"text-align: justify;\">Al respecto el Seremi Tom\u00e1s Laibe destac\u00f3 que \u201cesta convocatoria estar\u00e1 abierta hasta el 6 de noviembre, tendremos un mes para hacer esa postulaci\u00f3n, pero con algunas diferencias. Las personas que ya fueron beneficiadas en el proceso anterior van a ser beneficiadas autom\u00e1ticamente si sus condiciones no han cambiado, es decir, si siguen perteneciendo al 40% del Registro Social de hogares y no tienen morosidad en sus cuentas. Las otras personas que no postularon y que pertenecen al 40% pueden hacer desde hoy su solicitud a trav\u00e9s de la p\u00e1gina web\u201d.<\/p>\n<p style=\"text-align: justify;\">En lo que respecta al funcionamiento de las postulaciones a trav\u00e9s del Instituto de Previsi\u00f3n Social \u00a0y su Red de Chile Atiende, Nery Roa, explic\u00f3 que \u201cla Red de Chile Atiende a puesto a disposici\u00f3n todos los canales de atenci\u00f3n tanto a nivel presencial, virtual como digital para apoyar a las personas m\u00e1s vulnerables o que tengan una brecha digital. Nosotros tenemos un sitio especial donde no es necesario tener clave \u00fanica para ingresar, por tanto, aquellos adultos mayores o\u00a0 que no se manejen mucho con internet, pueden acudir a nuestras oficinas que tenemos en Coyhaique, Puerto Ays\u00e9n, Chile Chico, Cochrane y Puerto Cisnes\u201d.<\/p>\n<p style=\"text-align: justify;\">Por su parte, Mar\u00eda Co\u00f1uecar, beneficiar\u00eda del primer proceso del subsidio el\u00e9ctrico qui\u00e9n con el descuento del mes de septiembre pago $100 pesos en su cuenta de electricidad dijo que \u201cen primer lugar agradecer que es lo primordial por este beneficio que nos est\u00e1n dando a nosotros lo adultos mayores que lo necesitamos mucho, porque usted sabe que la plata no est\u00e1 muy abundante, y uno con una baja pensi\u00f3n no alcanzar para tanto porque est\u00e1 subiendo tanto la luz, y con esto estoy bien beneficiada. Primera vez que hacen esto, porque ning\u00fan Gobierno que yo haya visto se hab\u00eda preocupado por la luz que pagamos ac\u00e1\u201d.<\/p>\n<p style=\"text-align: justify;\">Detalles del proceso<\/p>\n<p style=\"text-align: justify;\">La inscripci\u00f3n de los actuales beneficiarios y que no han cambiado sus condiciones (se mantienen en el 40% m\u00e1s vulnerable del RSH y tienen su cuenta al d\u00eda) ser\u00e1 autom\u00e1tica. En este caso, sus datos ser\u00e1n precargados y tendr\u00e1n preferencia para recibir el subsidio durante el primer semestre de 2025. En caso de que hayan cambiado de direcci\u00f3n, deber\u00e1n actualizar su n\u00famero de cliente en la plataforma <a href=\"http:\/\/www.subsidioelectrico.cl\/\">www.subsidioelectrico.cl<\/a>.<\/p>\n<p style=\"text-align: justify;\">En tanto, los nuevos solicitantes deber\u00e1n ingresar sus datos para entrar a un registro de solicitudes, el cual estar\u00e1 sujeto a la disponibilidad presupuestaria, a trav\u00e9s de la misma plataforma o de manera presencial en ChileAtiende.<\/p>\n<p style=\"text-align: justify;\">Los pacientes electrodependientes tambi\u00e9n podr\u00e1n solicitar este beneficio en la plataforma <a href=\"http:\/\/www.subsidioelectrico.cl\/\">www.subsidioelectrico.cl. <\/a>Para aquello, deben estar inscritos en el Registro de Personas Electrodependientes y contar una ficha en el RSH, independiente de su tramo de calificaci\u00f3n socioecon\u00f3mica.<\/p>\n<p style=\"text-align: justify;\">Las personas que tengan dudas o consultas podr\u00e1n contactarse con el Call Center\u00a0 600 6000 732 y al WhatsApp \u00a0+56 9 90000236. Adem\u00e1s, se realizar\u00e1 atenci\u00f3n presencial en las oficinas de Chile Atiende, en la SEREMI Energ\u00eda de Ays\u00e9n ubicada en calle Baquedano 310 Interior, y en la oficina de la Direcci\u00f3n Regional SEC, Presidente Ib\u00e1\u00f1ez 347, piso 2 Coyhaique.<\/p>\n<\/div><\/section><\/div><div  style='height:50px' class='hr hr-invisible   avia-builder-el-6  el_after_av_one_full  el_before_av_social_share '><span class='hr-inner ' ><span class='hr-inner-style'><\/span><\/span><\/div><\/p>\n<div  class='av-social-sharing-box  avia-builder-el-7  el_after_av_hr  el_before_av_hr  '><div class='av-share-box'><h5 class='av-share-link-description av-no-toc '>Compartir esta noticia<\/h5><ul class='av-share-box-list noLightbox'><li class='av-share-link av-social-link-facebook' ><a target=\"_blank\" aria-label=\"Compartir en Facebook\" href='https:\/\/www.facebook.com\/sharer.php?u=https:\/\/radiorevelacionfm.cl\/?p=46863&#038;t=Dan%20a%20conocer%20detalles%20de%20la%20Segunda%20Convocatoria%20al%20Subsidio%20El%C3%A9ctrico' aria-hidden='false' data-av_icon='\ue8f3' data-av_iconfont='entypo-fontello' title='' data-avia-related-tooltip='Compartir en Facebook' rel=\"noopener\"><span class='avia_hidden_link_text'>Compartir en Facebook<\/span><\/a><\/li><li class='av-share-link av-social-link-twitter' ><a target=\"_blank\" aria-label=\"Compartir en Twitter\" href='https:\/\/twitter.com\/share?text=Dan%20a%20conocer%20detalles%20de%20la%20Segunda%20Convocatoria%20al%20Subsidio%20El%C3%A9ctrico&#038;url=https:\/\/radiorevelacionfm.cl\/?p=46863' aria-hidden='false' data-av_icon='\ue8f1' data-av_iconfont='entypo-fontello' title='' data-avia-related-tooltip='Compartir en Twitter' rel=\"noopener\"><span class='avia_hidden_link_text'>Compartir en Twitter<\/span><\/a><\/li><li class='av-share-link av-social-link-whatsapp' ><a target=\"_blank\" aria-label=\"Compartir en Whatsapp\" href='https:\/\/api.whatsapp.com\/send?text=https:\/\/radiorevelacionfm.cl\/?p=46863' aria-hidden='false' data-av_icon='\uf232' data-av_iconfont='entypo-fontello' title='' data-avia-related-tooltip='Compartir en Whatsapp' rel=\"noopener\"><span class='avia_hidden_link_text'>Compartir en Whatsapp<\/span><\/a><\/li><li class='av-share-link av-social-link-linkedin' ><a target=\"_blank\" aria-label=\"Compartir en LinkedIn\" href='https:\/\/linkedin.com\/shareArticle?mini=true&#038;title=Dan%20a%20conocer%20detalles%20de%20la%20Segunda%20Convocatoria%20al%20Subsidio%20El%C3%A9ctrico&#038;url=https:\/\/radiorevelacionfm.cl\/?p=46863' aria-hidden='false' data-av_icon='\ue8fc' data-av_iconfont='entypo-fontello' title='' data-avia-related-tooltip='Compartir en LinkedIn' rel=\"noopener\"><span class='avia_hidden_link_text'>Compartir en LinkedIn<\/span><\/a><\/li><li class='av-share-link av-social-link-mail' ><a  aria-label=\"Compartir por correo\" href='mailto:?subject=Dan%20a%20conocer%20detalles%20de%20la%20Segunda%20Convocatoria%20al%20Subsidio%20El%C3%A9ctrico&#038;body=https:\/\/radiorevelacionfm.cl\/?p=46863' aria-hidden='false' data-av_icon='\ue805' data-av_iconfont='entypo-fontello' title='' data-avia-related-tooltip='Compartir por correo'><span class='avia_hidden_link_text'>Compartir por correo<\/span><\/a><\/li><\/ul><\/div><\/div>\n<div  style='height:50px' class='hr hr-invisible   avia-builder-el-8  el_after_av_social_share  el_before_av_comments_list '><span class='hr-inner ' ><span class='hr-inner-style'><\/span><\/span><\/div>\n<div  class='av-buildercomment  av-blog-meta-html-info-disabled av-blog-meta-tag-disabled  '><\/div>\n","protected":false},"excerpt":{"rendered":"","protected":false},"author":1,"featured_media":46864,"comment_status":"open","ping_status":"open","sticky":false,"template":"","format":"standard","meta":{"footnotes":""},"categories":[38],"tags":[],"class_list":["post-46863","post","type-post","status-publish","format-standard","has-post-thumbnail","hentry","category-regional"],"jetpack_featured_media_url":"https:\/\/radiorevelacionfm.cl\/wp-content\/uploads\/2024\/10\/f2-2-2_optimized-2.jpeg","_links":{"self":[{"href":"https:\/\/radiorevelacionfm.cl\/index.php?rest_route=\/wp\/v2\/posts\/46863","targetHints":{"allow":["GET"]}}],"collection":[{"href":"https:\/\/radiorevelacionfm.cl\/index.php?rest_route=\/wp\/v2\/posts"}],"about":[{"href":"https:\/\/radiorevelacionfm.cl\/index.php?rest_route=\/wp\/v2\/types\/post"}],"author":[{"embeddable":true,"href":"https:\/\/radiorevelacionfm.cl\/index.php?rest_route=\/wp\/v2\/users\/1"}],"replies":[{"embeddable":true,"href":"https:\/\/radiorevelacionfm.cl\/index.php?rest_route=%2Fwp%2Fv2%2Fcomments&post=46863"}],"version-history":[{"count":1,"href":"https:\/\/radiorevelacionfm.cl\/index.php?rest_route=\/wp\/v2\/posts\/46863\/revisions"}],"predecessor-version":[{"id":46865,"href":"https:\/\/radiorevelacionfm.cl\/index.php?rest_route=\/wp\/v2\/posts\/46863\/revisions\/46865"}],"wp:featuredmedia":[{"embeddable":true,"href":"https:\/\/radiorevelacionfm.cl\/index.php?rest_route=\/wp\/v2\/media\/46864"}],"wp:attachment":[{"href":"https:\/\/radiorevelacionfm.cl\/index.php?rest_route=%2Fwp%2Fv2%2Fmedia&parent=46863"}],"wp:term":[{"taxonomy":"category","embeddable":true,"href":"https:\/\/radiorevelacionfm.cl\/index.php?rest_route=%2Fwp%2Fv2%2Fcategories&post=46863"},{"taxonomy":"post_tag","embeddable":true,"href":"https:\/\/radiorevelacionfm.cl\/index.php?rest_route=%2Fwp%2Fv2%2Ftags&post=46863"}],"curies":[{"name":"wp","href":"https:\/\/api.w.org\/{rel}","templated":true}]}}