{"id":46860,"date":"2024-10-08T12:42:23","date_gmt":"2024-10-08T15:42:23","guid":{"rendered":"https:\/\/radiorevelacionfm.cl\/?p=46860"},"modified":"2024-10-08T12:42:23","modified_gmt":"2024-10-08T15:42:23","slug":"calisto-y-vecinos-de-lago-verde-piden-presencia-permanente-de-un-medico-en-la-localidad","status":"publish","type":"post","link":"https:\/\/radiorevelacionfm.cl\/?p=46860","title":{"rendered":"Calisto y vecinos de Lago Verde piden presencia permanente de un m\u00e9dico en la localidad"},"content":{"rendered":"<div class=\"flex_column av_one_full  flex_column_div av-zero-column-padding first  avia-builder-el-0  el_before_av_one_full  avia-builder-el-first  \" style='border-radius:0px; '><div  class='avia-image-container  av-styling-    avia-builder-el-1  avia-builder-el-no-sibling  avia-align-center '  itemprop=\"image\" itemscope=\"itemscope\" itemtype=\"https:\/\/schema.org\/ImageObject\"  ><div class='avia-image-container-inner'><div class='avia-image-overlay-wrap'><img decoding=\"async\" class='wp-image-46861 avia-img-lazy-loading-not-46861 avia_image' src=\"https:\/\/radiorevelacionfm.cl\/wp-content\/uploads\/2024\/10\/foto-calisto-en-lago-verde-2_optimized.jpg\" alt='' title='foto-calisto-en-lago-verde-2_optimized' height=\"600\" width=\"1071\"  itemprop=\"thumbnailUrl\" srcset=\"https:\/\/radiorevelacionfm.cl\/wp-content\/uploads\/2024\/10\/foto-calisto-en-lago-verde-2_optimized.jpg 1071w, https:\/\/radiorevelacionfm.cl\/wp-content\/uploads\/2024\/10\/foto-calisto-en-lago-verde-2_optimized-300x168.jpg 300w, https:\/\/radiorevelacionfm.cl\/wp-content\/uploads\/2024\/10\/foto-calisto-en-lago-verde-2_optimized-1030x577.jpg 1030w, https:\/\/radiorevelacionfm.cl\/wp-content\/uploads\/2024\/10\/foto-calisto-en-lago-verde-2_optimized-768x430.jpg 768w, https:\/\/radiorevelacionfm.cl\/wp-content\/uploads\/2024\/10\/foto-calisto-en-lago-verde-2_optimized-705x395.jpg 705w, https:\/\/radiorevelacionfm.cl\/wp-content\/uploads\/2024\/10\/foto-calisto-en-lago-verde-2_optimized-450x252.jpg 450w, https:\/\/radiorevelacionfm.cl\/wp-content\/uploads\/2024\/10\/foto-calisto-en-lago-verde-2_optimized-600x336.jpg 600w\" sizes=\"(max-width: 1071px) 100vw, 1071px\" \/><\/div><\/div><\/div><\/div><div class=\"flex_column av_one_full  flex_column_div av-zero-column-padding first  avia-builder-el-2  el_after_av_one_full  el_before_av_one_full  column-top-margin\" style='border-radius:0px; '><section class=\"av_textblock_section \"  itemscope=\"itemscope\" itemtype=\"https:\/\/schema.org\/BlogPosting\" itemprop=\"blogPost\" ><div class='avia_textblock  '   itemprop=\"text\" ><p style=\"text-align: center;\"><span style=\"font-size: 18pt;\"><strong>Calisto y vecinos de Lago Verde piden presencia permanente de un m\u00e9dico en la localidad<\/strong><\/span><\/p>\n<div id=\"gtx-trans\" style=\"position: absolute; left: -50px; top: 4.31534px;\">\n<div class=\"gtx-trans-icon\"><\/div>\n<\/div>\n<\/div><\/section><\/div><div class=\"flex_column av_one_full  flex_column_div av-zero-column-padding first  avia-builder-el-4  el_after_av_one_full  el_before_av_hr  column-top-margin\" style='border-radius:0px; '><section class=\"av_textblock_section \"  itemscope=\"itemscope\" itemtype=\"https:\/\/schema.org\/BlogPosting\" itemprop=\"blogPost\" ><div class='avia_textblock  '   itemprop=\"text\" ><p style=\"text-align: justify;\">El diputado Miguel \u00c1ngel Calisto se traslad\u00f3 hasta la comuna de Lago Verde, instancia donde pudo compartir con vecinos de la localidad, quienes le plantearon la urgente necesidad de poder contar con un m\u00e9dico permanente en la comuna ante una serie de problemas que han enfrentado en materia de salud.<\/p>\n<p style=\"text-align: justify;\">Seg\u00fan el diputado Calisto, \u201clos vecinos de Lago Verde nos plantearon la preocupaci\u00f3n respecto de los problemas de salud que tiene la comuna, lamentablemente debe ser de las \u00fanicas comunas que no cuenta con un m\u00e9dico permanente. Los vecinos tienen que ir a buscar soluci\u00f3n de salud a Argentina, a R\u00edo Pico o directamente al CESFAM de La Junta, que tambi\u00e9n tiene problemas con las atenciones de urgencia.<\/p>\n<p style=\"text-align: justify;\">muchas veces cuando hay situaciones excepcionales, tienen que ir hasta Puerto Cisnes y si no hasta Coyhaique. Es muy importante que dentro de la estrategia de salud a nivel regional se considere de manera urgente un m\u00e9dico permanente en Lago Verde. Nosotros comenzamos la gesti\u00f3n, estuvimos una comunicaci\u00f3n con el Ministerio de Salud y vamos a hacer tambi\u00e9n la bajada al Director del Servicio de Salud para que dentro de la discusi\u00f3n presupuestaria que viene durante este a\u00f1o se considere que un m\u00e9dico est\u00e9 de manera permanente en Lago Verde.<\/p>\n<p style=\"text-align: justify;\">Lago Verde debe ser de las capitales comunales m\u00e1s aisladas, m\u00e1s abandonadas en nuestra regi\u00f3n y la gente realmente siente c\u00f3mo el Estado no est\u00e1 presente en algo que es vital, fundamental y necesario como es la atenci\u00f3n de salud. Ellos est\u00e1n solicitando la generaci\u00f3n de un convenio de salud permanente con Argentina que les permita atenderse sin necesidad de tanta burocracia, por lo tanto tambi\u00e9n nos comprometimos a poder hacer viable esa alternativa.<\/p>\n<p style=\"text-align: justify;\">Seg\u00fan Rosa Soto, vecina de la localidad, \u201ctenemos una deficiencia de salud p\u00fablica que deja mucho que desear. Hay un protocolo que tiene el sistema de salud para cuando se derivan los enfermos hacia Coyhaique. Tienen que pasar a la Junta, tienen que pasar a Puerto Cisnes, y ah\u00ed reci\u00e9n se los llevan a Coyhaique para esto. Andan un mont\u00f3n de horas, y se los bajan a un lado, los bajan a otro, y eso es molesto para el enfermo, para la familia. Y ha ocurrido casos que han fallecido los pacientes en ese trayecto\u201d .<\/p>\n<p style=\"text-align: justify;\">\u201cNuestro sistema de salud en Lago Verde es muy, muy deficiente. Yo le dec\u00eda al diputado Calisto que el sistema de salud en Chile est\u00e1 en estado de coma. Nosotros en los lugares m\u00e1s apartados pagamos el pato, ac\u00e1 nos hace mucha falta un m\u00e9dico, un m\u00e9dico permanente. Tenemos que esperar que vengan las rondas para poder tener la asistencia de un m\u00e9dico\u201d, indic\u00f3 Rosa Soto.<\/p>\n<p style=\"text-align: justify;\">Finalmente, Camila Torres, otra vecina de Lago Verde, asegur\u00f3 que \u201chace un tiempo atr\u00e1s, me dirig\u00eda hacia la posta rural de Lago Verde por un dolor a la ves\u00edcula, en lo cual no cont\u00e1bamos con ambulancia, no cont\u00e1bamos con ning\u00fan tipo de movilizaci\u00f3n por parte de la posta, en lo cual tuve que salir de forma particular hacia Palena. Ah\u00ed me trasladaron inmediatamente hacia Esquel, Argentina, donde me operaron\u201d.<\/p>\n<\/div><\/section><\/div><div  style='height:50px' class='hr hr-invisible   avia-builder-el-6  el_after_av_one_full  el_before_av_social_share '><span class='hr-inner ' ><span class='hr-inner-style'><\/span><\/span><\/div><\/p>\n<div  class='av-social-sharing-box  avia-builder-el-7  el_after_av_hr  el_before_av_hr  '><div class='av-share-box'><h5 class='av-share-link-description av-no-toc '>Compartir esta noticia<\/h5><ul class='av-share-box-list noLightbox'><li class='av-share-link av-social-link-facebook' ><a target=\"_blank\" aria-label=\"Compartir en Facebook\" href='https:\/\/www.facebook.com\/sharer.php?u=https:\/\/radiorevelacionfm.cl\/?p=46860&#038;t=Calisto%20y%20vecinos%20de%20Lago%20Verde%20piden%20presencia%20permanente%20de%20un%20m%C3%A9dico%20en%20la%20localidad' aria-hidden='false' data-av_icon='\ue8f3' data-av_iconfont='entypo-fontello' title='' data-avia-related-tooltip='Compartir en Facebook' rel=\"noopener\"><span class='avia_hidden_link_text'>Compartir en Facebook<\/span><\/a><\/li><li class='av-share-link av-social-link-twitter' ><a target=\"_blank\" aria-label=\"Compartir en Twitter\" href='https:\/\/twitter.com\/share?text=Calisto%20y%20vecinos%20de%20Lago%20Verde%20piden%20presencia%20permanente%20de%20un%20m%C3%A9dico%20en%20la%20localidad&#038;url=https:\/\/radiorevelacionfm.cl\/?p=46860' aria-hidden='false' data-av_icon='\ue8f1' data-av_iconfont='entypo-fontello' title='' data-avia-related-tooltip='Compartir en Twitter' rel=\"noopener\"><span class='avia_hidden_link_text'>Compartir en Twitter<\/span><\/a><\/li><li class='av-share-link av-social-link-whatsapp' ><a target=\"_blank\" aria-label=\"Compartir en Whatsapp\" href='https:\/\/api.whatsapp.com\/send?text=https:\/\/radiorevelacionfm.cl\/?p=46860' aria-hidden='false' data-av_icon='\uf232' data-av_iconfont='entypo-fontello' title='' data-avia-related-tooltip='Compartir en Whatsapp' rel=\"noopener\"><span class='avia_hidden_link_text'>Compartir en Whatsapp<\/span><\/a><\/li><li class='av-share-link av-social-link-linkedin' ><a target=\"_blank\" aria-label=\"Compartir en LinkedIn\" href='https:\/\/linkedin.com\/shareArticle?mini=true&#038;title=Calisto%20y%20vecinos%20de%20Lago%20Verde%20piden%20presencia%20permanente%20de%20un%20m%C3%A9dico%20en%20la%20localidad&#038;url=https:\/\/radiorevelacionfm.cl\/?p=46860' aria-hidden='false' data-av_icon='\ue8fc' data-av_iconfont='entypo-fontello' title='' data-avia-related-tooltip='Compartir en LinkedIn' rel=\"noopener\"><span class='avia_hidden_link_text'>Compartir en LinkedIn<\/span><\/a><\/li><li class='av-share-link av-social-link-mail' ><a  aria-label=\"Compartir por correo\" href='mailto:?subject=Calisto%20y%20vecinos%20de%20Lago%20Verde%20piden%20presencia%20permanente%20de%20un%20m%C3%A9dico%20en%20la%20localidad&#038;body=https:\/\/radiorevelacionfm.cl\/?p=46860' aria-hidden='false' data-av_icon='\ue805' data-av_iconfont='entypo-fontello' title='' data-avia-related-tooltip='Compartir por correo'><span class='avia_hidden_link_text'>Compartir por correo<\/span><\/a><\/li><\/ul><\/div><\/div>\n<div  style='height:50px' class='hr hr-invisible   avia-builder-el-8  el_after_av_social_share  el_before_av_comments_list '><span class='hr-inner ' ><span class='hr-inner-style'><\/span><\/span><\/div>\n<div  class='av-buildercomment  av-blog-meta-html-info-disabled av-blog-meta-tag-disabled  '><\/div>\n","protected":false},"excerpt":{"rendered":"","protected":false},"author":1,"featured_media":46861,"comment_status":"open","ping_status":"open","sticky":false,"template":"","format":"standard","meta":{"footnotes":""},"categories":[35],"tags":[],"class_list":["post-46860","post","type-post","status-publish","format-standard","has-post-thumbnail","hentry","category-politica"],"jetpack_featured_media_url":"https:\/\/radiorevelacionfm.cl\/wp-content\/uploads\/2024\/10\/foto-calisto-en-lago-verde-2_optimized.jpg","_links":{"self":[{"href":"https:\/\/radiorevelacionfm.cl\/index.php?rest_route=\/wp\/v2\/posts\/46860","targetHints":{"allow":["GET"]}}],"collection":[{"href":"https:\/\/radiorevelacionfm.cl\/index.php?rest_route=\/wp\/v2\/posts"}],"about":[{"href":"https:\/\/radiorevelacionfm.cl\/index.php?rest_route=\/wp\/v2\/types\/post"}],"author":[{"embeddable":true,"href":"https:\/\/radiorevelacionfm.cl\/index.php?rest_route=\/wp\/v2\/users\/1"}],"replies":[{"embeddable":true,"href":"https:\/\/radiorevelacionfm.cl\/index.php?rest_route=%2Fwp%2Fv2%2Fcomments&post=46860"}],"version-history":[{"count":1,"href":"https:\/\/radiorevelacionfm.cl\/index.php?rest_route=\/wp\/v2\/posts\/46860\/revisions"}],"predecessor-version":[{"id":46862,"href":"https:\/\/radiorevelacionfm.cl\/index.php?rest_route=\/wp\/v2\/posts\/46860\/revisions\/46862"}],"wp:featuredmedia":[{"embeddable":true,"href":"https:\/\/radiorevelacionfm.cl\/index.php?rest_route=\/wp\/v2\/media\/46861"}],"wp:attachment":[{"href":"https:\/\/radiorevelacionfm.cl\/index.php?rest_route=%2Fwp%2Fv2%2Fmedia&parent=46860"}],"wp:term":[{"taxonomy":"category","embeddable":true,"href":"https:\/\/radiorevelacionfm.cl\/index.php?rest_route=%2Fwp%2Fv2%2Fcategories&post=46860"},{"taxonomy":"post_tag","embeddable":true,"href":"https:\/\/radiorevelacionfm.cl\/index.php?rest_route=%2Fwp%2Fv2%2Ftags&post=46860"}],"curies":[{"name":"wp","href":"https:\/\/api.w.org\/{rel}","templated":true}]}}