{"id":46857,"date":"2024-10-08T13:34:04","date_gmt":"2024-10-08T16:34:04","guid":{"rendered":"https:\/\/radiorevelacionfm.cl\/?p=46857"},"modified":"2024-10-08T13:34:04","modified_gmt":"2024-10-08T16:34:04","slug":"del-compromiso-a-las-acciones-agricultura-desarrolla-mesa-ganadera-con-positiva-presencia-publico-privada","status":"publish","type":"post","link":"https:\/\/radiorevelacionfm.cl\/?p=46857","title":{"rendered":"Del compromiso a las acciones: Agricultura desarrolla Mesa Ganadera con positiva presencia p\u00fablico-privada"},"content":{"rendered":"<div class=\"flex_column av_one_full  flex_column_div av-zero-column-padding first  avia-builder-el-0  el_before_av_one_full  avia-builder-el-first  \" style='border-radius:0px; '><div  class='avia-image-container  av-styling-    avia-builder-el-1  avia-builder-el-no-sibling  avia-align-center '  itemprop=\"image\" itemscope=\"itemscope\" itemtype=\"https:\/\/schema.org\/ImageObject\"  ><div class='avia-image-container-inner'><div class='avia-image-overlay-wrap'><img decoding=\"async\" class='wp-image-46858 avia-img-lazy-loading-not-46858 avia_image' src=\"https:\/\/radiorevelacionfm.cl\/wp-content\/uploads\/2024\/10\/Foto-Mesa-Ganadera-01-2-2.jpeg\" alt='' title='Foto Mesa Ganadera 01-2-2' height=\"600\" width=\"800\"  itemprop=\"thumbnailUrl\" srcset=\"https:\/\/radiorevelacionfm.cl\/wp-content\/uploads\/2024\/10\/Foto-Mesa-Ganadera-01-2-2.jpeg 800w, https:\/\/radiorevelacionfm.cl\/wp-content\/uploads\/2024\/10\/Foto-Mesa-Ganadera-01-2-2-300x225.jpeg 300w, https:\/\/radiorevelacionfm.cl\/wp-content\/uploads\/2024\/10\/Foto-Mesa-Ganadera-01-2-2-768x576.jpeg 768w, https:\/\/radiorevelacionfm.cl\/wp-content\/uploads\/2024\/10\/Foto-Mesa-Ganadera-01-2-2-705x529.jpeg 705w, https:\/\/radiorevelacionfm.cl\/wp-content\/uploads\/2024\/10\/Foto-Mesa-Ganadera-01-2-2-450x338.jpeg 450w, https:\/\/radiorevelacionfm.cl\/wp-content\/uploads\/2024\/10\/Foto-Mesa-Ganadera-01-2-2-600x450.jpeg 600w\" sizes=\"(max-width: 800px) 100vw, 800px\" \/><\/div><\/div><\/div><\/div><div class=\"flex_column av_one_full  flex_column_div av-zero-column-padding first  avia-builder-el-2  el_after_av_one_full  el_before_av_one_full  column-top-margin\" style='border-radius:0px; '><section class=\"av_textblock_section \"  itemscope=\"itemscope\" itemtype=\"https:\/\/schema.org\/BlogPosting\" itemprop=\"blogPost\" ><div class='avia_textblock  '   itemprop=\"text\" ><p style=\"text-align: center;\"><strong><span style=\"font-size: 18pt;\">Del compromiso a las acciones: Agricultura desarrolla Mesa Ganadera con positiva presencia p\u00fablico-privada<\/span><\/strong><\/p>\n<div id=\"gtx-trans\" style=\"position: absolute; left: -50px; top: 4.31534px;\">\n<div class=\"gtx-trans-icon\"><\/div>\n<\/div>\n<\/div><\/section><\/div><div class=\"flex_column av_one_full  flex_column_div av-zero-column-padding first  avia-builder-el-4  el_after_av_one_full  el_before_av_hr  column-top-margin\" style='border-radius:0px; '><section class=\"av_textblock_section \"  itemscope=\"itemscope\" itemtype=\"https:\/\/schema.org\/BlogPosting\" itemprop=\"blogPost\" ><div class='avia_textblock  '   itemprop=\"text\" ><p style=\"text-align: justify;\">De cara a cumplir compromisos con las campesinas y campesinos para establecer un di\u00e1logo abierto en materia ganadera y unificar actores p\u00fablicos y privados de manera coordinada, el seremi de Agricultura, Eugenio Ruiz, junto al director regional de SAG, Julio Cerda, encabez\u00f3 la Mesa Ganadera de Ays\u00e9n.<\/p>\n<p style=\"text-align: justify;\">En la oportunidad estuvo presente la directora de Indap Ays\u00e9n, Yessica Lagos, la representante regional de FIA, Deysi Rubilar; representantes de Inia Tamel Aike; Gobierno Regional de Ays\u00e9n; de los municipios de Lago Verde, Ays\u00e9n, R\u00edo Ib\u00e1\u00f1ez, Coyhaique y O&#8217;Higgins; adem\u00e1s de miembros de agrupaciones gremiales como R\u00edo Baker, Campesina de La Junta, Ogana y Federaci\u00f3n Patagonia Verde.<\/p>\n<p style=\"text-align: justify;\">El seremi de Agricultura, Eugenio Ruiz, precis\u00f3 que \u00abdamos respuesta a los compromisos que adquirimos en terreno y desarrollamos la Mesa Ganadera que permite fortalecer un trabajo p\u00fablico-privado coordinado para atender los actuales desaf\u00edos que tiene el rubro ganadero en Ays\u00e9n\u00bb.<\/p>\n<p style=\"text-align: justify;\">\u00abJunto a los servicios del Ministerio de Agricultura en la regi\u00f3n, estamos comprometidos en desarrollar mejoras para la calidad de vida del universo campesino aisenino, y con medidas como el programa de diarrea viral bovina, control de hidatidosis, fomento caprino y suelos Ays\u00e9n, impulsamos dar respuesta a las demandas que surgen a partir del di\u00e1logo con las personas\u00bb, finaliz\u00f3 la autoridad.<\/p>\n<p style=\"text-align: justify;\">En este contexto, la instancia permiti\u00f3 recalcar el desaf\u00edo en cuanto a la relevancia productiva que posee el rubro para la regi\u00f3n, adem\u00e1s de reactivar un trabajo mancomunado para identificar prioridades y estrategias actuales a corto, mediano y largo plazo.<\/p>\n<p style=\"text-align: justify;\">Asimismo, se defini\u00f3 una periodicidad para dar cuenta de estados de avance y compromisos que adquieran las y los distintos actores involucrados, manteniendo vigente los compromisos de Gobierno por la agricultura familiar campesina y soberan\u00eda alimentaria.<\/p>\n<p style=\"text-align: justify;\">El jefe t\u00e9cnico del Servicio de Asesor\u00eda de Gesti\u00f3n Predial (PRODESAL) de la Ilustre Municipalidad de Coyhaique, Fabi\u00e1n Ulloa, sostuvo que \u00abretomar la Mesa Ganadera es un buen inicio y hacerla de manera peri\u00f3dica es un hito para poner los problemas sobre la mesa, en especial de los peque\u00f1os y medianos productores. Creo que va en la l\u00ednea correcta. El nexo de la Mesa con nuestro Municipio es que tenemos programas como el Prodesal y PDTI que, a trav\u00e9s de la secci\u00f3n de Desarrollo Rural, hacemos un seguimiento y trabajamos en conjunto con colegas del agro para traer a esta Mesa sus necesidades y luego transmitir la informaci\u00f3n de vuelta hacia ellos\u00bb.<\/p>\n<p style=\"text-align: justify;\">Finalmente, la productora y miembro del directorio de la Federaci\u00f3n Patagonia Verde, Erika Gonz\u00e1lez, indic\u00f3 que \u00abme parece una muy buena iniciativa desarrollar esta reuni\u00f3n para crear una mesa de trabajo donde se pudo percibir las grandes necesidades de todos los sectores de la regi\u00f3n de Ays\u00e9n desde el \u00e1mbito campesino, sobre todo de acuerdo con los peque\u00f1os\u00bb.<\/p>\n<\/div><\/section><\/div><div  style='height:50px' class='hr hr-invisible   avia-builder-el-6  el_after_av_one_full  el_before_av_social_share '><span class='hr-inner ' ><span class='hr-inner-style'><\/span><\/span><\/div><\/p>\n<div  class='av-social-sharing-box  avia-builder-el-7  el_after_av_hr  el_before_av_hr  '><div class='av-share-box'><h5 class='av-share-link-description av-no-toc '>Compartir esta noticia<\/h5><ul class='av-share-box-list noLightbox'><li class='av-share-link av-social-link-facebook' ><a target=\"_blank\" aria-label=\"Compartir en Facebook\" href='https:\/\/www.facebook.com\/sharer.php?u=https:\/\/radiorevelacionfm.cl\/?p=46857&#038;t=Del%20compromiso%20a%20las%20acciones%3A%20Agricultura%20desarrolla%20Mesa%20Ganadera%20con%20positiva%20presencia%20p%C3%BAblico-privada' aria-hidden='false' data-av_icon='\ue8f3' data-av_iconfont='entypo-fontello' title='' data-avia-related-tooltip='Compartir en Facebook' rel=\"noopener\"><span class='avia_hidden_link_text'>Compartir en Facebook<\/span><\/a><\/li><li class='av-share-link av-social-link-twitter' ><a target=\"_blank\" aria-label=\"Compartir en Twitter\" href='https:\/\/twitter.com\/share?text=Del%20compromiso%20a%20las%20acciones%3A%20Agricultura%20desarrolla%20Mesa%20Ganadera%20con%20positiva%20presencia%20p%C3%BAblico-privada&#038;url=https:\/\/radiorevelacionfm.cl\/?p=46857' aria-hidden='false' data-av_icon='\ue8f1' data-av_iconfont='entypo-fontello' title='' data-avia-related-tooltip='Compartir en Twitter' rel=\"noopener\"><span class='avia_hidden_link_text'>Compartir en Twitter<\/span><\/a><\/li><li class='av-share-link av-social-link-whatsapp' ><a target=\"_blank\" aria-label=\"Compartir en Whatsapp\" href='https:\/\/api.whatsapp.com\/send?text=https:\/\/radiorevelacionfm.cl\/?p=46857' aria-hidden='false' data-av_icon='\uf232' data-av_iconfont='entypo-fontello' title='' data-avia-related-tooltip='Compartir en Whatsapp' rel=\"noopener\"><span class='avia_hidden_link_text'>Compartir en Whatsapp<\/span><\/a><\/li><li class='av-share-link av-social-link-linkedin' ><a target=\"_blank\" aria-label=\"Compartir en LinkedIn\" href='https:\/\/linkedin.com\/shareArticle?mini=true&#038;title=Del%20compromiso%20a%20las%20acciones%3A%20Agricultura%20desarrolla%20Mesa%20Ganadera%20con%20positiva%20presencia%20p%C3%BAblico-privada&#038;url=https:\/\/radiorevelacionfm.cl\/?p=46857' aria-hidden='false' data-av_icon='\ue8fc' data-av_iconfont='entypo-fontello' title='' data-avia-related-tooltip='Compartir en LinkedIn' rel=\"noopener\"><span class='avia_hidden_link_text'>Compartir en LinkedIn<\/span><\/a><\/li><li class='av-share-link av-social-link-mail' ><a  aria-label=\"Compartir por correo\" href='mailto:?subject=Del%20compromiso%20a%20las%20acciones%3A%20Agricultura%20desarrolla%20Mesa%20Ganadera%20con%20positiva%20presencia%20p%C3%BAblico-privada&#038;body=https:\/\/radiorevelacionfm.cl\/?p=46857' aria-hidden='false' data-av_icon='\ue805' data-av_iconfont='entypo-fontello' title='' data-avia-related-tooltip='Compartir por correo'><span class='avia_hidden_link_text'>Compartir por correo<\/span><\/a><\/li><\/ul><\/div><\/div>\n<div  style='height:50px' class='hr hr-invisible   avia-builder-el-8  el_after_av_social_share  el_before_av_comments_list '><span class='hr-inner ' ><span class='hr-inner-style'><\/span><\/span><\/div>\n<div  class='av-buildercomment  av-blog-meta-html-info-disabled av-blog-meta-tag-disabled  '><\/div>\n","protected":false},"excerpt":{"rendered":"","protected":false},"author":1,"featured_media":46858,"comment_status":"open","ping_status":"open","sticky":false,"template":"","format":"standard","meta":{"footnotes":""},"categories":[58],"tags":[],"class_list":["post-46857","post","type-post","status-publish","format-standard","has-post-thumbnail","hentry","category-agricultura"],"jetpack_featured_media_url":"https:\/\/radiorevelacionfm.cl\/wp-content\/uploads\/2024\/10\/Foto-Mesa-Ganadera-01-2-2.jpeg","_links":{"self":[{"href":"https:\/\/radiorevelacionfm.cl\/index.php?rest_route=\/wp\/v2\/posts\/46857","targetHints":{"allow":["GET"]}}],"collection":[{"href":"https:\/\/radiorevelacionfm.cl\/index.php?rest_route=\/wp\/v2\/posts"}],"about":[{"href":"https:\/\/radiorevelacionfm.cl\/index.php?rest_route=\/wp\/v2\/types\/post"}],"author":[{"embeddable":true,"href":"https:\/\/radiorevelacionfm.cl\/index.php?rest_route=\/wp\/v2\/users\/1"}],"replies":[{"embeddable":true,"href":"https:\/\/radiorevelacionfm.cl\/index.php?rest_route=%2Fwp%2Fv2%2Fcomments&post=46857"}],"version-history":[{"count":1,"href":"https:\/\/radiorevelacionfm.cl\/index.php?rest_route=\/wp\/v2\/posts\/46857\/revisions"}],"predecessor-version":[{"id":46859,"href":"https:\/\/radiorevelacionfm.cl\/index.php?rest_route=\/wp\/v2\/posts\/46857\/revisions\/46859"}],"wp:featuredmedia":[{"embeddable":true,"href":"https:\/\/radiorevelacionfm.cl\/index.php?rest_route=\/wp\/v2\/media\/46858"}],"wp:attachment":[{"href":"https:\/\/radiorevelacionfm.cl\/index.php?rest_route=%2Fwp%2Fv2%2Fmedia&parent=46857"}],"wp:term":[{"taxonomy":"category","embeddable":true,"href":"https:\/\/radiorevelacionfm.cl\/index.php?rest_route=%2Fwp%2Fv2%2Fcategories&post=46857"},{"taxonomy":"post_tag","embeddable":true,"href":"https:\/\/radiorevelacionfm.cl\/index.php?rest_route=%2Fwp%2Fv2%2Ftags&post=46857"}],"curies":[{"name":"wp","href":"https:\/\/api.w.org\/{rel}","templated":true}]}}