{"id":46854,"date":"2024-10-08T09:41:57","date_gmt":"2024-10-08T12:41:57","guid":{"rendered":"https:\/\/radiorevelacionfm.cl\/?p=46854"},"modified":"2024-10-08T09:41:57","modified_gmt":"2024-10-08T12:41:57","slug":"200-personas-celebraron-el-dia-de-la-musica-en-villa-ohiggins","status":"publish","type":"post","link":"https:\/\/radiorevelacionfm.cl\/?p=46854","title":{"rendered":"200 personas celebraron el D\u00eda de la M\u00fasica en Villa O\u2019Higgins"},"content":{"rendered":"<div class=\"flex_column av_one_full  flex_column_div av-zero-column-padding first  avia-builder-el-0  el_before_av_one_full  avia-builder-el-first  \" style='border-radius:0px; '><div  class='avia-image-container  av-styling-    avia-builder-el-1  avia-builder-el-no-sibling  avia-align-center '  itemprop=\"image\" itemscope=\"itemscope\" itemtype=\"https:\/\/schema.org\/ImageObject\"  ><div class='avia-image-container-inner'><div class='avia-image-overlay-wrap'><img decoding=\"async\" class='wp-image-46855 avia-img-lazy-loading-not-46855 avia_image' src=\"https:\/\/radiorevelacionfm.cl\/wp-content\/uploads\/2024\/10\/dia-musica-ohiggins4-2-2.jpg\" alt='' title='dia musica ohiggins4-2-2' height=\"600\" width=\"878\"  itemprop=\"thumbnailUrl\" srcset=\"https:\/\/radiorevelacionfm.cl\/wp-content\/uploads\/2024\/10\/dia-musica-ohiggins4-2-2.jpg 878w, https:\/\/radiorevelacionfm.cl\/wp-content\/uploads\/2024\/10\/dia-musica-ohiggins4-2-2-300x205.jpg 300w, https:\/\/radiorevelacionfm.cl\/wp-content\/uploads\/2024\/10\/dia-musica-ohiggins4-2-2-768x525.jpg 768w, https:\/\/radiorevelacionfm.cl\/wp-content\/uploads\/2024\/10\/dia-musica-ohiggins4-2-2-705x482.jpg 705w, https:\/\/radiorevelacionfm.cl\/wp-content\/uploads\/2024\/10\/dia-musica-ohiggins4-2-2-450x308.jpg 450w, https:\/\/radiorevelacionfm.cl\/wp-content\/uploads\/2024\/10\/dia-musica-ohiggins4-2-2-600x410.jpg 600w\" sizes=\"(max-width: 878px) 100vw, 878px\" \/><\/div><\/div><\/div><\/div><div class=\"flex_column av_one_full  flex_column_div av-zero-column-padding first  avia-builder-el-2  el_after_av_one_full  el_before_av_one_full  column-top-margin\" style='border-radius:0px; '><section class=\"av_textblock_section \"  itemscope=\"itemscope\" itemtype=\"https:\/\/schema.org\/BlogPosting\" itemprop=\"blogPost\" ><div class='avia_textblock  '   itemprop=\"text\" ><p style=\"text-align: center;\"><span style=\"font-size: 18pt;\"><strong>200 personas celebraron el D\u00eda de la M\u00fasica en Villa O\u2019Higgins<\/strong><\/span><\/p>\n<div id=\"gtx-trans\" style=\"position: absolute; left: -50px; top: 4.31534px;\">\n<div class=\"gtx-trans-icon\"><\/div>\n<\/div>\n<\/div><\/section><\/div><div class=\"flex_column av_one_full  flex_column_div av-zero-column-padding first  avia-builder-el-4  el_after_av_one_full  el_before_av_hr  column-top-margin\" style='border-radius:0px; '><section class=\"av_textblock_section \"  itemscope=\"itemscope\" itemtype=\"https:\/\/schema.org\/BlogPosting\" itemprop=\"blogPost\" ><div class='avia_textblock  '   itemprop=\"text\" ><div>\n<p class=\"Predeterminado\" style=\"text-align: justify;\"><span class=\"Ninguno\"><span lang=\"ES-TRAD\">Una multitudinaria fiesta celebr<\/span><\/span><span class=\"Ninguno\">\u00f3 <\/span><span class=\"Ninguno\"><span lang=\"ES-TRAD\">el cumplea\u00f1os 107 de Violeta Parra en la <\/span><\/span><span class=\"Ninguno\">\u00fa<\/span><span class=\"Ninguno\"><span lang=\"ES-TRAD\">ltima localidad de la carretera Austral, Villa O<\/span><\/span><span class=\"Ninguno\"><span dir=\"RTL\" lang=\"AR-SA\">\u2019<\/span><\/span><span class=\"Ninguno\"><span lang=\"IT\">Higgins.<\/span><\/span><\/p>\n<\/div>\n<div style=\"text-align: justify;\">\n<p class=\"Predeterminado\"><span class=\"Ninguno\"><span lang=\"ES-TRAD\">Los equipos t<\/span><\/span><span class=\"Ninguno\"><span lang=\"FR\">\u00e9<\/span><\/span><span class=\"Ninguno\"><span lang=\"ES-TRAD\">cnicos y profesionales de la Seremi de Culturas Ays<\/span><\/span><span class=\"Ninguno\"><span lang=\"FR\">\u00e9<\/span><\/span><span class=\"Ninguno\"><span lang=\"ES-TRAD\">n se trasladaron al sur de la regi\u00f3n para llevar un variado show de m<\/span><\/span><span class=\"Ninguno\">\u00e1<\/span><span class=\"Ninguno\"><span lang=\"ES-TRAD\">s de 3 horas de duraci\u00f3n que incluy<\/span><\/span><span class=\"Ninguno\">\u00f3 <\/span><span class=\"Ninguno\"><span lang=\"ES-TRAD\">al acordeonista Ignacio Quintupurrai, la cantautora Naara Andariega en formato tr<\/span><\/span><span class=\"Ninguno\">\u00ed<\/span><span class=\"Ninguno\"><span lang=\"ES-TRAD\">o, el ensamble Bajorde\u00f3n, el joven Amado Soto, la banda del liceo de Villa O<\/span><\/span><span class=\"Ninguno\"><span dir=\"RTL\" lang=\"AR-SA\">\u2019<\/span><\/span><span class=\"Ninguno\">Higgins, B\u00ed<\/span><span class=\"Ninguno\"><span lang=\"ES-TRAD\">sabeth y, para cerrar, el popfunk de Cepa Funk que hizo bailar a las familias villanas.<\/span><\/span><\/p>\n<\/div>\n<div style=\"text-align: justify;\">\n<p class=\"Predeterminado\"><span class=\"Ninguno\"><span lang=\"ES-TRAD\">El D<\/span><\/span><span class=\"Ninguno\">\u00ed<\/span><span class=\"Ninguno\"><span lang=\"ES-TRAD\">a de la M<\/span><\/span><span class=\"Ninguno\">\u00fa<\/span><span class=\"Ninguno\"><span lang=\"IT\">sica Chilena se celebr<\/span><\/span><span class=\"Ninguno\">\u00f3 <\/span><span class=\"Ninguno\"><span lang=\"ES-TRAD\">a tablero vuelto en el Centro de Eventos del pueblo que, adem<\/span><\/span><span class=\"Ninguno\">\u00e1s, aloj\u00f3 <\/span><span class=\"Ninguno\"><span lang=\"ES-TRAD\">una feria de artesan<\/span><\/span><span class=\"Ninguno\">\u00ed<\/span><span class=\"Ninguno\"><span lang=\"ES-TRAD\">as ayseninas durante el concierto.<\/span><\/span><\/p>\n<\/div>\n<div style=\"text-align: justify;\">\n<p class=\"Predeterminado\"><span class=\"Ninguno\"><span lang=\"ES-TRAD\">El seremi de Culturas Ays<\/span><\/span><span class=\"Ninguno\"><span lang=\"FR\">\u00e9<\/span><\/span><span class=\"Ninguno\"><span lang=\"ES-TRAD\">n, Felipe Quiroz, dijo que <\/span><\/span><span class=\"Ninguno\"><span dir=\"RTL\" lang=\"AR-SA\">\u201c<\/span><\/span><span class=\"Ninguno\"><span lang=\"ES-TRAD\">es muy significativo para nuestro Gobierno venir a Villa O<\/span><\/span><span class=\"Ninguno\"><span dir=\"RTL\" lang=\"AR-SA\">\u2019<\/span><\/span><span class=\"Ninguno\"><span lang=\"ES-TRAD\">Higgins a celebrar el D<\/span><\/span><span class=\"Ninguno\">\u00ed<\/span><span class=\"Ninguno\"><span lang=\"ES-TRAD\">a de la M<\/span><\/span><span class=\"Ninguno\">\u00fa<\/span><span class=\"Ninguno\"><span lang=\"ES-TRAD\">sica Chilena. Es una muestra de que estamos trabajando para descentralizar nuestro trabajo y llevar espect<\/span><\/span><span class=\"Ninguno\">\u00e1<\/span><span class=\"Ninguno\"><span lang=\"ES-TRAD\">culos de calidad a todos los rincones de la regi\u00f3n, tal como este a\u00f1o pudimos concretar las giras sur y norte de Culturas Ays<\/span><\/span><span class=\"Ninguno\"><span lang=\"FR\">\u00e9<\/span><\/span><span class=\"Ninguno\"><span lang=\"ES-TRAD\">n en Ruta. Que nadie quede fuera de las culturas, las artes y el patrimonio<\/span><\/span><span class=\"Ninguno\">\u201d.<\/span><\/p>\n<\/div>\n<div style=\"text-align: justify;\">\n<p class=\"Predeterminado\"><span class=\"Ninguno\"><span lang=\"ES-TRAD\">Adem<\/span><\/span><span class=\"Ninguno\">\u00e1<\/span><span class=\"Ninguno\"><span lang=\"ES-TRAD\">s de presentar su m<\/span><\/span><span class=\"Ninguno\">\u00fa<\/span><span class=\"Ninguno\"><span lang=\"ES-TRAD\">sica, Felipe Catrilef, bajista de Bajorde\u00f3n, desarroll<\/span><\/span><span class=\"Ninguno\">\u00f3 <\/span><span class=\"Ninguno\"><span lang=\"ES-TRAD\">una semana de Residencia Art<\/span><\/span><span class=\"Ninguno\">\u00ed<\/span><span class=\"Ninguno\"><span lang=\"ES-TRAD\">stica junto a la banda liceana B<\/span><\/span><span class=\"Ninguno\">\u00ed<\/span><span class=\"Ninguno\"><span lang=\"ES-TRAD\">sabeth, cuyos resultados pudieron apreciarse sobre el escenario: <\/span><\/span><span class=\"Ninguno\"><span dir=\"RTL\" lang=\"AR-SA\">\u201c<\/span><\/span><span class=\"Ninguno\"><span lang=\"ES-TRAD\">Fue m<\/span><\/span><span class=\"Ninguno\">\u00e1<\/span><span class=\"Ninguno\"><span lang=\"ES-TRAD\">s que nada una gu<\/span><\/span><span class=\"Ninguno\">\u00ed<\/span><span class=\"Ninguno\"><span lang=\"ES-TRAD\">a porque el profesor Ahumada es el capo de todo esto. Trabajamos con C<\/span><\/span><span class=\"Ninguno\"><span lang=\"FR\">\u00e9<\/span><\/span><span class=\"Ninguno\"><span lang=\"ES-TRAD\">sar Garc<\/span><\/span><span class=\"Ninguno\">\u00ed<\/span><span class=\"Ninguno\"><span lang=\"ES-TRAD\">a y Danilo Cruces, m<\/span><\/span><span class=\"Ninguno\">\u00e1<\/span><span class=\"Ninguno\"><span lang=\"ES-TRAD\">s que nada entregando consejos de ejecuci\u00f3n, de los instrumentos, de armar la estructura de la canci\u00f3n, pero las ni\u00f1as siempre estuvieron con la disposici\u00f3n de aprender y los espacios siempre disponibles. Fue maravilloso<\/span><\/span><span class=\"Ninguno\">\u201d.<\/span><\/p>\n<\/div>\n<div style=\"text-align: justify;\">\n<p class=\"Predeterminado\"><span class=\"Ninguno\"><span lang=\"ES-TRAD\">El acordeonista Ignacio Quintupurrai fue de los primeros en salir a escena: <\/span><\/span><span class=\"Ninguno\"><span dir=\"RTL\" lang=\"AR-SA\">\u201c<\/span><\/span><span class=\"Ninguno\"><span lang=\"ES-TRAD\">Lo pas<\/span><\/span><span class=\"Ninguno\"><span lang=\"FR\">\u00e9 <\/span><\/span><span class=\"Ninguno\"><span lang=\"EN-US\">superbi<\/span><\/span><span class=\"Ninguno\"><span lang=\"FR\">\u00e9<\/span><\/span><span class=\"Ninguno\"><span lang=\"ES-TRAD\">n y fue una experiencia superlinda. Qu<\/span><\/span><span class=\"Ninguno\"><span lang=\"FR\">\u00e9 <\/span><\/span><span class=\"Ninguno\"><span lang=\"ES-TRAD\">bueno que se hagan estas instancias en un lugar como Villa O<\/span><\/span><span class=\"Ninguno\"><span dir=\"RTL\" lang=\"AR-SA\">\u2019<\/span><\/span><span class=\"Ninguno\"><span lang=\"EN-US\">Higgins, as<\/span><\/span><span class=\"Ninguno\">\u00ed <\/span><span class=\"Ninguno\"><span lang=\"ES-TRAD\">que me voy muy contento<\/span><\/span><span class=\"Ninguno\">\u201d.<\/span><\/p>\n<\/div>\n<div style=\"text-align: justify;\">\n<p class=\"Predeterminado\"><span class=\"Ninguno\"><span lang=\"FR\">Cerr<\/span><\/span><span class=\"Ninguno\">\u00f3 <\/span><span class=\"Ninguno\"><span lang=\"ES-TRAD\">la jornada el quinteto de funk Cepa Funk, que se present<\/span><\/span><span class=\"Ninguno\">\u00f3 <\/span><span class=\"Ninguno\"><span lang=\"ES-TRAD\">por primera vez en la localidad. Su vocalista, Esteban Flores, resume el momento: <\/span><\/span><span class=\"Ninguno\"><span dir=\"RTL\" lang=\"AR-SA\">\u201c<\/span><\/span><span class=\"Ninguno\"><span lang=\"ES-TRAD\">Me sent<\/span><\/span><span class=\"Ninguno\">\u00ed <\/span><span class=\"Ninguno\"><span lang=\"ES-TRAD\">excelente, disfrutamos, saltamos, bailamos. El p<\/span><\/span><span class=\"Ninguno\">\u00fa<\/span><span class=\"Ninguno\"><span lang=\"ES-TRAD\">blico igual parece que enganch<\/span><\/span><span class=\"Ninguno\">\u00f3 <\/span><span class=\"Ninguno\"><span lang=\"ES-TRAD\">harto con nuestra m<\/span><\/span><span class=\"Ninguno\">\u00fa<\/span><span class=\"Ninguno\"><span lang=\"ES-TRAD\">sica porque estaba cantando y vimos algunas personas bailando atr<\/span><\/span><span class=\"Ninguno\">\u00e1<\/span><span class=\"Ninguno\"><span lang=\"PT\">s, as<\/span><\/span><span class=\"Ninguno\">\u00ed <\/span><span class=\"Ninguno\"><span lang=\"ES-TRAD\">que muy bien. Ojal<\/span><\/span><span class=\"Ninguno\">\u00e1 <\/span><span class=\"Ninguno\"><span lang=\"ES-TRAD\">que nos vuelvan a invitar. Nosotros encantados volvemos ac<\/span><\/span><span class=\"Ninguno\">\u00e1 <\/span><span class=\"Ninguno\"><span lang=\"ES-TRAD\">porque estuvo muy buena la energ<\/span><\/span><span class=\"Ninguno\">\u00ed<\/span><span class=\"Ninguno\"><span lang=\"ES-TRAD\">a en este lugar<\/span><\/span><span class=\"Ninguno\">\u201d.<\/span><\/p>\n<\/div>\n<div style=\"text-align: justify;\">\n<p class=\"Predeterminado\"><span class=\"Ninguno\">\u00a0<\/span><\/p>\n<\/div>\n<div style=\"text-align: justify;\">\n<p class=\"Predeterminado\">\n<\/div>\n<div style=\"text-align: justify;\">\n<p class=\"Predeterminado\"><span class=\"Ninguno\">\u00a0<\/span><\/p>\n<\/div>\n<div>\n<p class=\"Predeterminado\" style=\"text-align: justify;\">\n<\/div>\n<\/div><\/section><\/div><div  style='height:50px' class='hr hr-invisible   avia-builder-el-6  el_after_av_one_full  el_before_av_social_share '><span class='hr-inner ' ><span class='hr-inner-style'><\/span><\/span><\/div><\/p>\n<div  class='av-social-sharing-box  avia-builder-el-7  el_after_av_hr  el_before_av_hr  '><div class='av-share-box'><h5 class='av-share-link-description av-no-toc '>Compartir esta noticia<\/h5><ul class='av-share-box-list noLightbox'><li class='av-share-link av-social-link-facebook' ><a target=\"_blank\" aria-label=\"Compartir en Facebook\" href='https:\/\/www.facebook.com\/sharer.php?u=https:\/\/radiorevelacionfm.cl\/?p=46854&#038;t=200%20personas%20celebraron%20el%20D%C3%ADa%20de%20la%20M%C3%BAsica%20en%20Villa%20O%E2%80%99Higgins' aria-hidden='false' data-av_icon='\ue8f3' data-av_iconfont='entypo-fontello' title='' data-avia-related-tooltip='Compartir en Facebook' rel=\"noopener\"><span class='avia_hidden_link_text'>Compartir en Facebook<\/span><\/a><\/li><li class='av-share-link av-social-link-twitter' ><a target=\"_blank\" aria-label=\"Compartir en Twitter\" href='https:\/\/twitter.com\/share?text=200%20personas%20celebraron%20el%20D%C3%ADa%20de%20la%20M%C3%BAsica%20en%20Villa%20O%E2%80%99Higgins&#038;url=https:\/\/radiorevelacionfm.cl\/?p=46854' aria-hidden='false' data-av_icon='\ue8f1' data-av_iconfont='entypo-fontello' title='' data-avia-related-tooltip='Compartir en Twitter' rel=\"noopener\"><span class='avia_hidden_link_text'>Compartir en Twitter<\/span><\/a><\/li><li class='av-share-link av-social-link-whatsapp' ><a target=\"_blank\" aria-label=\"Compartir en Whatsapp\" href='https:\/\/api.whatsapp.com\/send?text=https:\/\/radiorevelacionfm.cl\/?p=46854' aria-hidden='false' data-av_icon='\uf232' data-av_iconfont='entypo-fontello' title='' data-avia-related-tooltip='Compartir en Whatsapp' rel=\"noopener\"><span class='avia_hidden_link_text'>Compartir en Whatsapp<\/span><\/a><\/li><li class='av-share-link av-social-link-linkedin' ><a target=\"_blank\" aria-label=\"Compartir en LinkedIn\" href='https:\/\/linkedin.com\/shareArticle?mini=true&#038;title=200%20personas%20celebraron%20el%20D%C3%ADa%20de%20la%20M%C3%BAsica%20en%20Villa%20O%E2%80%99Higgins&#038;url=https:\/\/radiorevelacionfm.cl\/?p=46854' aria-hidden='false' data-av_icon='\ue8fc' data-av_iconfont='entypo-fontello' title='' data-avia-related-tooltip='Compartir en LinkedIn' rel=\"noopener\"><span class='avia_hidden_link_text'>Compartir en LinkedIn<\/span><\/a><\/li><li class='av-share-link av-social-link-mail' ><a  aria-label=\"Compartir por correo\" href='mailto:?subject=200%20personas%20celebraron%20el%20D%C3%ADa%20de%20la%20M%C3%BAsica%20en%20Villa%20O%E2%80%99Higgins&#038;body=https:\/\/radiorevelacionfm.cl\/?p=46854' aria-hidden='false' data-av_icon='\ue805' data-av_iconfont='entypo-fontello' title='' data-avia-related-tooltip='Compartir por correo'><span class='avia_hidden_link_text'>Compartir por correo<\/span><\/a><\/li><\/ul><\/div><\/div>\n<div  style='height:50px' class='hr hr-invisible   avia-builder-el-8  el_after_av_social_share  el_before_av_comments_list '><span class='hr-inner ' ><span class='hr-inner-style'><\/span><\/span><\/div>\n<div  class='av-buildercomment  av-blog-meta-html-info-disabled av-blog-meta-tag-disabled  '><\/div>\n","protected":false},"excerpt":{"rendered":"","protected":false},"author":1,"featured_media":46855,"comment_status":"open","ping_status":"open","sticky":false,"template":"","format":"standard","meta":{"footnotes":""},"categories":[43],"tags":[],"class_list":["post-46854","post","type-post","status-publish","format-standard","has-post-thumbnail","hentry","category-musica"],"jetpack_featured_media_url":"https:\/\/radiorevelacionfm.cl\/wp-content\/uploads\/2024\/10\/dia-musica-ohiggins4-2-2.jpg","_links":{"self":[{"href":"https:\/\/radiorevelacionfm.cl\/index.php?rest_route=\/wp\/v2\/posts\/46854","targetHints":{"allow":["GET"]}}],"collection":[{"href":"https:\/\/radiorevelacionfm.cl\/index.php?rest_route=\/wp\/v2\/posts"}],"about":[{"href":"https:\/\/radiorevelacionfm.cl\/index.php?rest_route=\/wp\/v2\/types\/post"}],"author":[{"embeddable":true,"href":"https:\/\/radiorevelacionfm.cl\/index.php?rest_route=\/wp\/v2\/users\/1"}],"replies":[{"embeddable":true,"href":"https:\/\/radiorevelacionfm.cl\/index.php?rest_route=%2Fwp%2Fv2%2Fcomments&post=46854"}],"version-history":[{"count":1,"href":"https:\/\/radiorevelacionfm.cl\/index.php?rest_route=\/wp\/v2\/posts\/46854\/revisions"}],"predecessor-version":[{"id":46856,"href":"https:\/\/radiorevelacionfm.cl\/index.php?rest_route=\/wp\/v2\/posts\/46854\/revisions\/46856"}],"wp:featuredmedia":[{"embeddable":true,"href":"https:\/\/radiorevelacionfm.cl\/index.php?rest_route=\/wp\/v2\/media\/46855"}],"wp:attachment":[{"href":"https:\/\/radiorevelacionfm.cl\/index.php?rest_route=%2Fwp%2Fv2%2Fmedia&parent=46854"}],"wp:term":[{"taxonomy":"category","embeddable":true,"href":"https:\/\/radiorevelacionfm.cl\/index.php?rest_route=%2Fwp%2Fv2%2Fcategories&post=46854"},{"taxonomy":"post_tag","embeddable":true,"href":"https:\/\/radiorevelacionfm.cl\/index.php?rest_route=%2Fwp%2Fv2%2Ftags&post=46854"}],"curies":[{"name":"wp","href":"https:\/\/api.w.org\/{rel}","templated":true}]}}