{"id":46848,"date":"2024-10-08T09:06:06","date_gmt":"2024-10-08T12:06:06","guid":{"rendered":"https:\/\/radiorevelacionfm.cl\/?p=46848"},"modified":"2024-10-08T09:06:06","modified_gmt":"2024-10-08T12:06:06","slug":"ibanez-patagonia-cup-escuelas-de-futbol-de-la-provincia-general-carrera-disputaron-emergente-torneo-formativo","status":"publish","type":"post","link":"https:\/\/radiorevelacionfm.cl\/?p=46848","title":{"rendered":"Ib\u00e1\u00f1ez Patagonia Cup: Escuelas de f\u00fatbol de la provincia General Carrera disputaron emergente torneo formativo"},"content":{"rendered":"<div class=\"flex_column av_one_full  flex_column_div av-zero-column-padding first  avia-builder-el-0  el_before_av_one_full  avia-builder-el-first  \" style='border-radius:0px; '><div  class='avia-image-container  av-styling-    avia-builder-el-1  avia-builder-el-no-sibling  avia-align-center '  itemprop=\"image\" itemscope=\"itemscope\" itemtype=\"https:\/\/schema.org\/ImageObject\"  ><div class='avia-image-container-inner'><div class='avia-image-overlay-wrap'><img decoding=\"async\" class='wp-image-46849 avia-img-lazy-loading-not-46849 avia_image' src=\"https:\/\/radiorevelacionfm.cl\/wp-content\/uploads\/2024\/10\/02-3-2_optimized-2.jpg\" alt='' title='02-3-2_optimized-2' height=\"600\" width=\"900\"  itemprop=\"thumbnailUrl\" srcset=\"https:\/\/radiorevelacionfm.cl\/wp-content\/uploads\/2024\/10\/02-3-2_optimized-2.jpg 900w, https:\/\/radiorevelacionfm.cl\/wp-content\/uploads\/2024\/10\/02-3-2_optimized-2-300x200.jpg 300w, https:\/\/radiorevelacionfm.cl\/wp-content\/uploads\/2024\/10\/02-3-2_optimized-2-768x512.jpg 768w, https:\/\/radiorevelacionfm.cl\/wp-content\/uploads\/2024\/10\/02-3-2_optimized-2-705x470.jpg 705w, https:\/\/radiorevelacionfm.cl\/wp-content\/uploads\/2024\/10\/02-3-2_optimized-2-450x300.jpg 450w, https:\/\/radiorevelacionfm.cl\/wp-content\/uploads\/2024\/10\/02-3-2_optimized-2-600x400.jpg 600w\" sizes=\"(max-width: 900px) 100vw, 900px\" \/><\/div><\/div><\/div><\/div><div class=\"flex_column av_one_full  flex_column_div av-zero-column-padding first  avia-builder-el-2  el_after_av_one_full  el_before_av_one_full  column-top-margin\" style='border-radius:0px; '><section class=\"av_textblock_section \"  itemscope=\"itemscope\" itemtype=\"https:\/\/schema.org\/BlogPosting\" itemprop=\"blogPost\" ><div class='avia_textblock  '   itemprop=\"text\" ><p style=\"text-align: center;\"><strong><span style=\"font-size: 18pt;\">Ib\u00e1\u00f1ez Patagonia Cup: Escuelas de f\u00fatbol de la provincia General Carrera disputaron emergente torneo formativo<\/span><\/strong><\/p>\n<div id=\"gtx-trans\" style=\"position: absolute; left: -50px; top: 4.31534px;\">\n<div class=\"gtx-trans-icon\"><\/div>\n<\/div>\n<\/div><\/section><\/div><div class=\"flex_column av_one_full  flex_column_div av-zero-column-padding first  avia-builder-el-4  el_after_av_one_full  el_before_av_hr  column-top-margin\" style='border-radius:0px; '><section class=\"av_textblock_section \"  itemscope=\"itemscope\" itemtype=\"https:\/\/schema.org\/BlogPosting\" itemprop=\"blogPost\" ><div class='avia_textblock  '   itemprop=\"text\" ><p style=\"text-align: justify;\">Un emocionante espect\u00e1culo deportivo protagonizaron ni\u00f1os y ni\u00f1as categor\u00edas Sub-11 y Sub-14 en la primera edici\u00f3n de la Ib\u00e1\u00f1ez Patagonia Cup, celebrada en el Estadio Municipal de Puerto Ingeniero Ib\u00e1\u00f1ez los d\u00edas 5 y 6 de octubre. Equipos de distintas localidades de la Provincia General Carrera se dieron cita en este torneo formativo, donde el talento y el compa\u00f1erismo fueron los elementos estrellas de estas jornadas.<\/p>\n<p style=\"text-align: justify;\">El torneo, desarrollado bajo la modalidad de f\u00fatbol 7, fue posible gracias a una asignaci\u00f3n directa FNDR del Gobierno Regional de Ays\u00e9n y a la ejecuci\u00f3n de nuestra Oficina de Deportes de la I. Municipalidad de R\u00edo Ib\u00e1\u00f1ez. Con un enfoque en la transici\u00f3n del deporte formativo al competitivo, se prioriz\u00f3 la buena convivencia, el respeto mutuo y el desarrollo de habilidades en series infantiles.<\/p>\n<p style=\"text-align: justify;\">\u201cAgradecemos la invitaci\u00f3n. Fue un campeonato extraordinario, muy motivante para nuestros muchachos. Esta instancia sirvi\u00f3 para que las futuras promesas vean su nivel y sigan ilusion\u00e1ndose con este deporte. Nos sirve mucho para seguir buscando talentos en la comuna y sus distintas localidades\u201d, argument\u00f3 Camilo Mancilla, profesor del Club Deportivo Porvenir de Puerto R\u00edo Tranquilo.<\/p>\n<p style=\"text-align: justify;\">\u201cEste evento tambi\u00e9n sirvi\u00f3 como plataforma para que los clubes deportivos fortalecieran su trabajo y establecieran lazos con otras instituciones, destacando la relevancia de estas organizaciones en el crecimiento deportivo y social de nuestra comuna. M\u00e1s all\u00e1 de los resultados, lo m\u00e1s valioso fue el aprendizaje y el crecimiento personal que estas experiencias competitivas les brindaron\u201d, se\u00f1al\u00f3 Felipe Carrasco, encargado de la Oficina de Deportes de R\u00edo Ib\u00e1\u00f1ez.<\/p>\n<p style=\"text-align: justify;\"><strong>Resultados finales de la Ib\u00e1\u00f1ez Patagonia Cup:<\/strong><\/p>\n<p style=\"text-align: justify;\">Sub-11:<\/p>\n<ul style=\"text-align: justify;\">\n<li>1\u00b0 Lugar &#8211; Escuela de F\u00fatbol Mixta de Chile Chico<\/li>\n<li>2\u00b0 Lugar &#8211; Club Deportivo y Social Deportes Castillo<\/li>\n<li>3\u00b0 Lugar &#8211; Escuela de F\u00fatbol Deportivo Ib\u00e1\u00f1ez<\/li>\n<\/ul>\n<p style=\"text-align: justify;\">Sub-14:<\/p>\n<ul style=\"text-align: justify;\">\n<li>1\u00b0 Lugar &#8211; Escuela de F\u00fatbol Mixta de Chile Chico<\/li>\n<li>2\u00b0 Lugar &#8211; Club Deportivo Porvenir de Puerto Tranquilo<\/li>\n<li>3\u00b0 Lugar &#8211; Escuela de F\u00fatbol Deportivo Ib\u00e1\u00f1ez<\/li>\n<\/ul>\n<\/div><\/section><\/div><div  style='height:50px' class='hr hr-invisible   avia-builder-el-6  el_after_av_one_full  el_before_av_social_share '><span class='hr-inner ' ><span class='hr-inner-style'><\/span><\/span><\/div><\/p>\n<div  class='av-social-sharing-box  avia-builder-el-7  el_after_av_hr  el_before_av_hr  '><div class='av-share-box'><h5 class='av-share-link-description av-no-toc '>Compartir esta noticia<\/h5><ul class='av-share-box-list noLightbox'><li class='av-share-link av-social-link-facebook' ><a target=\"_blank\" aria-label=\"Compartir en Facebook\" href='https:\/\/www.facebook.com\/sharer.php?u=https:\/\/radiorevelacionfm.cl\/?p=46848&#038;t=Ib%C3%A1%C3%B1ez%20Patagonia%20Cup%3A%20Escuelas%20de%20f%C3%BAtbol%20de%20la%20provincia%20General%20Carrera%20disputaron%20emergente%20torneo%20formativo' aria-hidden='false' data-av_icon='\ue8f3' data-av_iconfont='entypo-fontello' title='' data-avia-related-tooltip='Compartir en Facebook' rel=\"noopener\"><span class='avia_hidden_link_text'>Compartir en Facebook<\/span><\/a><\/li><li class='av-share-link av-social-link-twitter' ><a target=\"_blank\" aria-label=\"Compartir en Twitter\" href='https:\/\/twitter.com\/share?text=Ib%C3%A1%C3%B1ez%20Patagonia%20Cup%3A%20Escuelas%20de%20f%C3%BAtbol%20de%20la%20provincia%20General%20Carrera%20disputaron%20emergente%20torneo%20formativo&#038;url=https:\/\/radiorevelacionfm.cl\/?p=46848' aria-hidden='false' data-av_icon='\ue8f1' data-av_iconfont='entypo-fontello' title='' data-avia-related-tooltip='Compartir en Twitter' rel=\"noopener\"><span class='avia_hidden_link_text'>Compartir en Twitter<\/span><\/a><\/li><li class='av-share-link av-social-link-whatsapp' ><a target=\"_blank\" aria-label=\"Compartir en Whatsapp\" href='https:\/\/api.whatsapp.com\/send?text=https:\/\/radiorevelacionfm.cl\/?p=46848' aria-hidden='false' data-av_icon='\uf232' data-av_iconfont='entypo-fontello' title='' data-avia-related-tooltip='Compartir en Whatsapp' rel=\"noopener\"><span class='avia_hidden_link_text'>Compartir en Whatsapp<\/span><\/a><\/li><li class='av-share-link av-social-link-linkedin' ><a target=\"_blank\" aria-label=\"Compartir en LinkedIn\" href='https:\/\/linkedin.com\/shareArticle?mini=true&#038;title=Ib%C3%A1%C3%B1ez%20Patagonia%20Cup%3A%20Escuelas%20de%20f%C3%BAtbol%20de%20la%20provincia%20General%20Carrera%20disputaron%20emergente%20torneo%20formativo&#038;url=https:\/\/radiorevelacionfm.cl\/?p=46848' aria-hidden='false' data-av_icon='\ue8fc' data-av_iconfont='entypo-fontello' title='' data-avia-related-tooltip='Compartir en LinkedIn' rel=\"noopener\"><span class='avia_hidden_link_text'>Compartir en LinkedIn<\/span><\/a><\/li><li class='av-share-link av-social-link-mail' ><a  aria-label=\"Compartir por correo\" href='mailto:?subject=Ib%C3%A1%C3%B1ez%20Patagonia%20Cup%3A%20Escuelas%20de%20f%C3%BAtbol%20de%20la%20provincia%20General%20Carrera%20disputaron%20emergente%20torneo%20formativo&#038;body=https:\/\/radiorevelacionfm.cl\/?p=46848' aria-hidden='false' data-av_icon='\ue805' data-av_iconfont='entypo-fontello' title='' data-avia-related-tooltip='Compartir por correo'><span class='avia_hidden_link_text'>Compartir por correo<\/span><\/a><\/li><\/ul><\/div><\/div>\n<div  style='height:50px' class='hr hr-invisible   avia-builder-el-8  el_after_av_social_share  el_before_av_comments_list '><span class='hr-inner ' ><span class='hr-inner-style'><\/span><\/span><\/div>\n<div  class='av-buildercomment  av-blog-meta-html-info-disabled av-blog-meta-tag-disabled  '><\/div>\n","protected":false},"excerpt":{"rendered":"","protected":false},"author":1,"featured_media":46849,"comment_status":"open","ping_status":"open","sticky":false,"template":"","format":"standard","meta":{"footnotes":""},"categories":[40],"tags":[],"class_list":["post-46848","post","type-post","status-publish","format-standard","has-post-thumbnail","hentry","category-deportes"],"jetpack_featured_media_url":"https:\/\/radiorevelacionfm.cl\/wp-content\/uploads\/2024\/10\/02-3-2_optimized-2.jpg","_links":{"self":[{"href":"https:\/\/radiorevelacionfm.cl\/index.php?rest_route=\/wp\/v2\/posts\/46848","targetHints":{"allow":["GET"]}}],"collection":[{"href":"https:\/\/radiorevelacionfm.cl\/index.php?rest_route=\/wp\/v2\/posts"}],"about":[{"href":"https:\/\/radiorevelacionfm.cl\/index.php?rest_route=\/wp\/v2\/types\/post"}],"author":[{"embeddable":true,"href":"https:\/\/radiorevelacionfm.cl\/index.php?rest_route=\/wp\/v2\/users\/1"}],"replies":[{"embeddable":true,"href":"https:\/\/radiorevelacionfm.cl\/index.php?rest_route=%2Fwp%2Fv2%2Fcomments&post=46848"}],"version-history":[{"count":1,"href":"https:\/\/radiorevelacionfm.cl\/index.php?rest_route=\/wp\/v2\/posts\/46848\/revisions"}],"predecessor-version":[{"id":46850,"href":"https:\/\/radiorevelacionfm.cl\/index.php?rest_route=\/wp\/v2\/posts\/46848\/revisions\/46850"}],"wp:featuredmedia":[{"embeddable":true,"href":"https:\/\/radiorevelacionfm.cl\/index.php?rest_route=\/wp\/v2\/media\/46849"}],"wp:attachment":[{"href":"https:\/\/radiorevelacionfm.cl\/index.php?rest_route=%2Fwp%2Fv2%2Fmedia&parent=46848"}],"wp:term":[{"taxonomy":"category","embeddable":true,"href":"https:\/\/radiorevelacionfm.cl\/index.php?rest_route=%2Fwp%2Fv2%2Fcategories&post=46848"},{"taxonomy":"post_tag","embeddable":true,"href":"https:\/\/radiorevelacionfm.cl\/index.php?rest_route=%2Fwp%2Fv2%2Ftags&post=46848"}],"curies":[{"name":"wp","href":"https:\/\/api.w.org\/{rel}","templated":true}]}}