{"id":46845,"date":"2024-10-08T09:18:10","date_gmt":"2024-10-08T12:18:10","guid":{"rendered":"https:\/\/radiorevelacionfm.cl\/?p=46845"},"modified":"2024-10-08T09:18:10","modified_gmt":"2024-10-08T12:18:10","slug":"invitan-a-participar-programa-piloto-integral-de-mejoramiento-termico-de-viviendas-y-recambio-de-calefaccion","status":"publish","type":"post","link":"https:\/\/radiorevelacionfm.cl\/?p=46845","title":{"rendered":"Invitan a participar programa piloto integral de mejoramiento t\u00e9rmico de viviendas y recambio de calefacci\u00f3n"},"content":{"rendered":"<div class=\"flex_column av_one_full  flex_column_div av-zero-column-padding first  avia-builder-el-0  el_before_av_one_full  avia-builder-el-first  \" style='border-radius:0px; '><div  class='avia-image-container  av-styling-    avia-builder-el-1  avia-builder-el-no-sibling  avia-align-center '  itemprop=\"image\" itemscope=\"itemscope\" itemtype=\"https:\/\/schema.org\/ImageObject\"  ><div class='avia-image-container-inner'><div class='avia-image-overlay-wrap'><img decoding=\"async\" class='wp-image-46846 avia-img-lazy-loading-not-46846 avia_image' src=\"https:\/\/radiorevelacionfm.cl\/wp-content\/uploads\/2024\/10\/revestimiento-2_optimized.jpeg\" alt='' title='revestimiento-2_optimized' height=\"600\" width=\"900\"  itemprop=\"thumbnailUrl\" srcset=\"https:\/\/radiorevelacionfm.cl\/wp-content\/uploads\/2024\/10\/revestimiento-2_optimized.jpeg 900w, https:\/\/radiorevelacionfm.cl\/wp-content\/uploads\/2024\/10\/revestimiento-2_optimized-300x200.jpeg 300w, https:\/\/radiorevelacionfm.cl\/wp-content\/uploads\/2024\/10\/revestimiento-2_optimized-768x512.jpeg 768w, https:\/\/radiorevelacionfm.cl\/wp-content\/uploads\/2024\/10\/revestimiento-2_optimized-705x470.jpeg 705w, https:\/\/radiorevelacionfm.cl\/wp-content\/uploads\/2024\/10\/revestimiento-2_optimized-450x300.jpeg 450w, https:\/\/radiorevelacionfm.cl\/wp-content\/uploads\/2024\/10\/revestimiento-2_optimized-600x400.jpeg 600w\" sizes=\"(max-width: 900px) 100vw, 900px\" \/><\/div><\/div><\/div><\/div><div class=\"flex_column av_one_full  flex_column_div av-zero-column-padding first  avia-builder-el-2  el_after_av_one_full  el_before_av_one_full  column-top-margin\" style='border-radius:0px; '><section class=\"av_textblock_section \"  itemscope=\"itemscope\" itemtype=\"https:\/\/schema.org\/BlogPosting\" itemprop=\"blogPost\" ><div class='avia_textblock  '   itemprop=\"text\" ><p style=\"text-align: center;\"><strong><span style=\"font-size: 18pt;\">Invitan a participar programa piloto integral de mejoramiento t\u00e9rmico de viviendas y recambio de calefacci\u00f3n<\/span><\/strong><\/p>\n<div id=\"gtx-trans\" style=\"position: absolute; left: -50px; top: 4.31534px;\">\n<div class=\"gtx-trans-icon\"><\/div>\n<\/div>\n<\/div><\/section><\/div><div class=\"flex_column av_one_full  flex_column_div av-zero-column-padding first  avia-builder-el-4  el_after_av_one_full  el_before_av_hr  column-top-margin\" style='border-radius:0px; '><section class=\"av_textblock_section \"  itemscope=\"itemscope\" itemtype=\"https:\/\/schema.org\/BlogPosting\" itemprop=\"blogPost\" ><div class='avia_textblock  '   itemprop=\"text\" ><p style=\"text-align: justify;\"><em>El segundo llamado de la experiencia piloto convoca a familias de Puerto Ays\u00e9n y Cochrane.<\/em><\/p>\n<p style=\"text-align: justify;\">En el marco del convenio entre los Ministerios de Medio Ambiente y Vivienda y Urbanismo MINVU, se realiz\u00f3 el lanzamiento del segundo llamado del programa piloto de intervenci\u00f3n integral en viviendas de las ciudades de Puerto Ays\u00e9n y Cochrane.<\/p>\n<p style=\"text-align: justify;\">\u201cEste es un trabajo mancomunado entre ambos ministerios, donde el piloto lo que va a hacer es permitir realizar una intervenci\u00f3n integral en las viviendas, considerando el recambio del sistema de calefacci\u00f3n. Con esto se descentraliza el trabajo que hemos realizado en Coyhaique, dando prioridades tambi\u00e9n a otras comunas que lo necesitan, como es en este caso Ays\u00e9n y Cochrane (\u2026) Esperamos que sea una gran cantidad de personas las que puedan participar para optar a esta experiencia piloto, que mejore su calidad de vida, pero, por sobre todo, que nos ayude a disminuir la contaminaci\u00f3n atmosf\u00e9rica ambiental.\u201d, explic\u00f3 la Seremi del Minvu, Paulina Ruz.<\/p>\n<p style=\"text-align: justify;\">La iniciativa, que tiene por objetivo realizar un mejoramiento t\u00e9rmico integral a la vivienda, cambiar el sistema actual de calefacci\u00f3n a le\u00f1a por un sistema el\u00e9ctrico y en algunos casos incorporar ERNC como respaldo en casos de cortes de energ\u00eda, tendr\u00e1n abiertas sus postulaciones hasta el d\u00eda 18 de octubre.<\/p>\n<p style=\"text-align: justify;\">\u201cEste llamado est\u00e1 abierto por pocos d\u00edas, son 15 d\u00edas corridos y lo que busca es hacer un mejoramiento integral de la vivienda haciendo revestimiento t\u00e9rmico, incorporando el recambio, calefactores y adicionalmente respaldo energ\u00e9tico. As\u00ed que la invitaci\u00f3n a las familias, es a sumarse a esta iniciativa, para descontaminar nuestras ciudades y avanzar en mejorar la calidad de vida\u201d, destac\u00f3 el Seremi del Medio Ambiente, Yoal D\u00edaz.<\/p>\n<p style=\"text-align: justify;\">Las bases de postulaci\u00f3n est\u00e1n publicadas en la p\u00e1gina web calefactores.mma.gob.cl, donde las y los interesados podr\u00e1n realizar su postulaci\u00f3n en l\u00ednea, as\u00ed tambi\u00e9n quienes requieran asistencia podr\u00e1n hacer su postulaci\u00f3n en forma presencial en las oficinas de las delegaciones de Serviu Puerto Ays\u00e9n y Serviu Cochrane.<\/p>\n<p style=\"text-align: justify;\">Los requisitos para postular al programa piloto consideran, entre otros, que la vivienda est\u00e9 completamente regularizada y el o la propietaria debe vivir en ella; contar con un artefacto a le\u00f1a instalado, ser el propietario del artefacto y acceder a entregarlo una vez realizado el recambio; la vivienda debe estar ubicada en la zona saturada de Puerto Ays\u00e9n y en el \u00e1rea urbana de la ciudad de Cochrane: no debe haber sido beneficiado de alg\u00fan programa de recambio de calefactores anteriormente. As\u00ed tambi\u00e9n los criterios de selecci\u00f3n, tambi\u00e9n disponibles en las bases, indican que se entregar\u00e1 mayor puntaje a quienes tengan mayor cantidad de integrantes en el grupo familiar, que cuenten integrantes menores de 8 a\u00f1os y mayores a 60 y que presenten alguna discapacidad o enfermedad cr\u00f3nica cardiorrespiratoria, apuntando con esto al beneficio ambiental y de salud asociado a la contaminaci\u00f3n atmosf\u00e9rica.<\/p>\n<\/div><\/section><\/div><div  style='height:50px' class='hr hr-invisible   avia-builder-el-6  el_after_av_one_full  el_before_av_social_share '><span class='hr-inner ' ><span class='hr-inner-style'><\/span><\/span><\/div><\/p>\n<div  class='av-social-sharing-box  avia-builder-el-7  el_after_av_hr  el_before_av_hr  '><div class='av-share-box'><h5 class='av-share-link-description av-no-toc '>Compartir esta noticia<\/h5><ul class='av-share-box-list noLightbox'><li class='av-share-link av-social-link-facebook' ><a target=\"_blank\" aria-label=\"Compartir en Facebook\" href='https:\/\/www.facebook.com\/sharer.php?u=https:\/\/radiorevelacionfm.cl\/?p=46845&#038;t=Invitan%20a%20participar%20programa%20piloto%20integral%20de%20mejoramiento%20t%C3%A9rmico%20de%20viviendas%20y%20recambio%20de%20calefacci%C3%B3n' aria-hidden='false' data-av_icon='\ue8f3' data-av_iconfont='entypo-fontello' title='' data-avia-related-tooltip='Compartir en Facebook' rel=\"noopener\"><span class='avia_hidden_link_text'>Compartir en Facebook<\/span><\/a><\/li><li class='av-share-link av-social-link-twitter' ><a target=\"_blank\" aria-label=\"Compartir en Twitter\" href='https:\/\/twitter.com\/share?text=Invitan%20a%20participar%20programa%20piloto%20integral%20de%20mejoramiento%20t%C3%A9rmico%20de%20viviendas%20y%20recambio%20de%20calefacci%C3%B3n&#038;url=https:\/\/radiorevelacionfm.cl\/?p=46845' aria-hidden='false' data-av_icon='\ue8f1' data-av_iconfont='entypo-fontello' title='' data-avia-related-tooltip='Compartir en Twitter' rel=\"noopener\"><span class='avia_hidden_link_text'>Compartir en Twitter<\/span><\/a><\/li><li class='av-share-link av-social-link-whatsapp' ><a target=\"_blank\" aria-label=\"Compartir en Whatsapp\" href='https:\/\/api.whatsapp.com\/send?text=https:\/\/radiorevelacionfm.cl\/?p=46845' aria-hidden='false' data-av_icon='\uf232' data-av_iconfont='entypo-fontello' title='' data-avia-related-tooltip='Compartir en Whatsapp' rel=\"noopener\"><span class='avia_hidden_link_text'>Compartir en Whatsapp<\/span><\/a><\/li><li class='av-share-link av-social-link-linkedin' ><a target=\"_blank\" aria-label=\"Compartir en LinkedIn\" href='https:\/\/linkedin.com\/shareArticle?mini=true&#038;title=Invitan%20a%20participar%20programa%20piloto%20integral%20de%20mejoramiento%20t%C3%A9rmico%20de%20viviendas%20y%20recambio%20de%20calefacci%C3%B3n&#038;url=https:\/\/radiorevelacionfm.cl\/?p=46845' aria-hidden='false' data-av_icon='\ue8fc' data-av_iconfont='entypo-fontello' title='' data-avia-related-tooltip='Compartir en LinkedIn' rel=\"noopener\"><span class='avia_hidden_link_text'>Compartir en LinkedIn<\/span><\/a><\/li><li class='av-share-link av-social-link-mail' ><a  aria-label=\"Compartir por correo\" href='mailto:?subject=Invitan%20a%20participar%20programa%20piloto%20integral%20de%20mejoramiento%20t%C3%A9rmico%20de%20viviendas%20y%20recambio%20de%20calefacci%C3%B3n&#038;body=https:\/\/radiorevelacionfm.cl\/?p=46845' aria-hidden='false' data-av_icon='\ue805' data-av_iconfont='entypo-fontello' title='' data-avia-related-tooltip='Compartir por correo'><span class='avia_hidden_link_text'>Compartir por correo<\/span><\/a><\/li><\/ul><\/div><\/div>\n<div  style='height:50px' class='hr hr-invisible   avia-builder-el-8  el_after_av_social_share  el_before_av_comments_list '><span class='hr-inner ' ><span class='hr-inner-style'><\/span><\/span><\/div>\n<div  class='av-buildercomment  av-blog-meta-html-info-disabled av-blog-meta-tag-disabled  '><\/div>\n","protected":false},"excerpt":{"rendered":"","protected":false},"author":1,"featured_media":46846,"comment_status":"open","ping_status":"open","sticky":false,"template":"","format":"standard","meta":{"footnotes":""},"categories":[39],"tags":[],"class_list":["post-46845","post","type-post","status-publish","format-standard","has-post-thumbnail","hentry","category-medio-ambiente"],"jetpack_featured_media_url":"https:\/\/radiorevelacionfm.cl\/wp-content\/uploads\/2024\/10\/revestimiento-2_optimized.jpeg","_links":{"self":[{"href":"https:\/\/radiorevelacionfm.cl\/index.php?rest_route=\/wp\/v2\/posts\/46845","targetHints":{"allow":["GET"]}}],"collection":[{"href":"https:\/\/radiorevelacionfm.cl\/index.php?rest_route=\/wp\/v2\/posts"}],"about":[{"href":"https:\/\/radiorevelacionfm.cl\/index.php?rest_route=\/wp\/v2\/types\/post"}],"author":[{"embeddable":true,"href":"https:\/\/radiorevelacionfm.cl\/index.php?rest_route=\/wp\/v2\/users\/1"}],"replies":[{"embeddable":true,"href":"https:\/\/radiorevelacionfm.cl\/index.php?rest_route=%2Fwp%2Fv2%2Fcomments&post=46845"}],"version-history":[{"count":1,"href":"https:\/\/radiorevelacionfm.cl\/index.php?rest_route=\/wp\/v2\/posts\/46845\/revisions"}],"predecessor-version":[{"id":46847,"href":"https:\/\/radiorevelacionfm.cl\/index.php?rest_route=\/wp\/v2\/posts\/46845\/revisions\/46847"}],"wp:featuredmedia":[{"embeddable":true,"href":"https:\/\/radiorevelacionfm.cl\/index.php?rest_route=\/wp\/v2\/media\/46846"}],"wp:attachment":[{"href":"https:\/\/radiorevelacionfm.cl\/index.php?rest_route=%2Fwp%2Fv2%2Fmedia&parent=46845"}],"wp:term":[{"taxonomy":"category","embeddable":true,"href":"https:\/\/radiorevelacionfm.cl\/index.php?rest_route=%2Fwp%2Fv2%2Fcategories&post=46845"},{"taxonomy":"post_tag","embeddable":true,"href":"https:\/\/radiorevelacionfm.cl\/index.php?rest_route=%2Fwp%2Fv2%2Ftags&post=46845"}],"curies":[{"name":"wp","href":"https:\/\/api.w.org\/{rel}","templated":true}]}}