{"id":46840,"date":"2024-10-07T21:52:32","date_gmt":"2024-10-08T00:52:32","guid":{"rendered":"https:\/\/radiorevelacionfm.cl\/?p=46840"},"modified":"2024-10-07T21:52:32","modified_gmt":"2024-10-08T00:52:32","slug":"a-g-de-mineros-auriferos-de-chile-chico-celebro-permiso-otorgado-por-bienes-nacionales-para-ocupar-inmueble-fiscal","status":"publish","type":"post","link":"https:\/\/radiorevelacionfm.cl\/?p=46840","title":{"rendered":"A.G. de Mineros Aur\u00edferos de Chile Chico celebr\u00f3 permiso otorgado por Bienes Nacionales para ocupar inmueble fiscal"},"content":{"rendered":"<div class=\"flex_column av_one_full  flex_column_div av-zero-column-padding first  avia-builder-el-0  el_before_av_one_full  avia-builder-el-first  \" style='border-radius:0px; '><div  class='avia-image-container  av-styling-    avia-builder-el-1  avia-builder-el-no-sibling  avia-align-center '  itemprop=\"image\" itemscope=\"itemscope\" itemtype=\"https:\/\/schema.org\/ImageObject\"  ><div class='avia-image-container-inner'><div class='avia-image-overlay-wrap'><img decoding=\"async\" class='wp-image-46841 avia-img-lazy-loading-not-46841 avia_image' src=\"https:\/\/radiorevelacionfm.cl\/wp-content\/uploads\/2024\/10\/img_2477-2_optimized-2.jpeg\" alt='' title='img_2477-2_optimized-2' height=\"600\" width=\"800\"  itemprop=\"thumbnailUrl\" srcset=\"https:\/\/radiorevelacionfm.cl\/wp-content\/uploads\/2024\/10\/img_2477-2_optimized-2.jpeg 800w, https:\/\/radiorevelacionfm.cl\/wp-content\/uploads\/2024\/10\/img_2477-2_optimized-2-300x225.jpeg 300w, https:\/\/radiorevelacionfm.cl\/wp-content\/uploads\/2024\/10\/img_2477-2_optimized-2-768x576.jpeg 768w, https:\/\/radiorevelacionfm.cl\/wp-content\/uploads\/2024\/10\/img_2477-2_optimized-2-705x529.jpeg 705w, https:\/\/radiorevelacionfm.cl\/wp-content\/uploads\/2024\/10\/img_2477-2_optimized-2-450x338.jpeg 450w, https:\/\/radiorevelacionfm.cl\/wp-content\/uploads\/2024\/10\/img_2477-2_optimized-2-600x450.jpeg 600w\" sizes=\"(max-width: 800px) 100vw, 800px\" \/><\/div><\/div><\/div><\/div><div class=\"flex_column av_one_full  flex_column_div av-zero-column-padding first  avia-builder-el-2  el_after_av_one_full  el_before_av_one_full  column-top-margin\" style='border-radius:0px; '><section class=\"av_textblock_section \"  itemscope=\"itemscope\" itemtype=\"https:\/\/schema.org\/BlogPosting\" itemprop=\"blogPost\" ><div class='avia_textblock  '   itemprop=\"text\" ><p style=\"text-align: center;\"><span style=\"font-size: 18pt;\"><strong>A.G. de Mineros Aur\u00edferos de Chile Chico celebr\u00f3 permiso otorgado por Bienes Nacionales para ocupar inmueble fiscal<\/strong><\/span><\/p>\n<div id=\"gtx-trans\" style=\"position: absolute; left: -50px; top: 4.31534px;\">\n<div class=\"gtx-trans-icon\"><\/div>\n<\/div>\n<\/div><\/section><\/div><div class=\"flex_column av_one_full  flex_column_div av-zero-column-padding first  avia-builder-el-4  el_after_av_one_full  el_before_av_hr  column-top-margin\" style='border-radius:0px; '><section class=\"av_textblock_section \"  itemscope=\"itemscope\" itemtype=\"https:\/\/schema.org\/BlogPosting\" itemprop=\"blogPost\" ><div class='avia_textblock  '   itemprop=\"text\" ><p style=\"text-align: justify;\">Un relevante hito se desarroll\u00f3 en la conocida como ciudad del sol, donde la Seremi de Bienes Nacionales de Ays\u00e9n, Irina Morend Valdebenito, hizo entrega de un permiso de ocupaci\u00f3n anticipada de inmueble fiscal en el marco de la tramitaci\u00f3n de una concesi\u00f3n gratuita a la Asociaci\u00f3n Gremial de Mineros Aur\u00edferos de Chile Chico, conformada por las organizaciones de Mineros Aur\u00edferos, Ceramistas de la Patagonia y Orfebres.<\/p>\n<p style=\"text-align: justify;\">En la actividad se cont\u00f3 con la presencia del delegado presidencial regional, Rodrigo Araya Morales, la subsecretaria del Ministerio de Miner\u00eda, Suina Chahu\u00e1n Kim, el secretario regional de la misma cartera, Juan V\u00e1squez Alarc\u00f3n, el delegado presidencial provincial de General Carrera, Cristobal Barcel\u00f3, otras autoridades y socios, quienes fueron testigos de una actividad muy esperada por los integrantes de la asociaci\u00f3n, quienes resaltaron que contar con un terreno les permitir\u00e1 consolidar su trabajo y acci\u00f3n comunitaria en contribuci\u00f3n al fortalecimiento de la identidad local, debido a que con sus trabajos representan a la comuna y regi\u00f3n en diferentes escenarios de Ays\u00e9n y del pa\u00eds.<\/p>\n<p style=\"text-align: justify;\">Ante eso, el delegado presidencial regional sostuvo que \u201cesta entrega anticipada de terreno les permite proyectarse en el futuro y eso es un respaldo a su trabajo y estamos cumpliendo con avanzar en la diversificaci\u00f3n de los campos productivos de nuestro territorio. Creemos que hay mucho espacio para muchas cosas, hay potencialidades, un mercado por delante que ellas pueden explotar y estamos muy contentos porque ellas tambi\u00e9n est\u00e1n felices ya que podr\u00e1n potenciar distintas actividades\u201d, dijo la primera autoridad regional, y en esa misma l\u00ednea la subsecretar\u00eda de Miner\u00eda se mostr\u00f3 muy contenta \u201cde acompa\u00f1ar en este hito que tambi\u00e9n viene a poner de relieve el esfuerzo que como Gobierno estamos haciendo a trav\u00e9s de distintos ministerios y el Gobierno Regional tambi\u00e9n, de poder fortalecer e impulsar la peque\u00f1a miner\u00eda y miner\u00eda artesanal de la regi\u00f3n de Ays\u00e9n\u201d, indic\u00f3.<\/p>\n<p style=\"text-align: justify;\">Por su parte, Irina Morend se\u00f1al\u00f3 que \u201cpara nosotros como Ministerio de Bienes Nacionales es muy importante este hito porque en definitiva le da certeza a la organizaci\u00f3n para que puedan implementar sus proyectos, pero esto tiene una historia hacia atr\u00e1s ya que de alguna forma, la organizaci\u00f3n viene trabajando hace muchos a\u00f1os con nosotros , articulada por el Ministerio de Miner\u00eda para poder concretar este hito que es poder tener el acceso al terreno a trav\u00e9s de un permiso de ocupaci\u00f3n anticipada en el marco de una concesi\u00f3n que est\u00e1n tramitando con nosotros\u201d, dijo la Seremi de Bienes Nacionales, agregando que \u201cesta es una muy buena noticia para la organizaci\u00f3n, para el territorio, para nosotros como Gobierno y para el Ministerio de Bienes Nacionales, dado que le estamos dando a este inmueble fiscal, un uso social comunitario y productivo a la vez, y adem\u00e1s con una agrupaci\u00f3n que es liderada por mujeres, que sabemos que han tenido toda una trayectoria y todo un esfuerzo para llegar a este minuto\u201d.<\/p>\n<p style=\"text-align: justify;\">\u201cEsto viene a fortalecer nuestra agrupaci\u00f3n\u201d, relat\u00f3 Yamilet Burgos Espinoza, presidenta de la A.G, agregando que \u201c\u2026tener un espacio en donde vamos a poder funcionar, reunirnos y proximamente emplazar nuestro taller, la verdad es que estamos muy contentos. Ha sido un trabajo arduo, de muchos a\u00f1os, diez a\u00f1os desde que se conform\u00f3 la A.G. de Mineros Aur\u00edferos y posteriormente ingresamos las Ceramistas y las Orfebres, ha sido un sue\u00f1o el tener un espacio donde poder funcionar, donde tu puedas llegar, implementar tu taller y tener tus herramientas\u2026es un sue\u00f1o y ya tenemos gran parte de ese sue\u00f1o, ganado por as\u00ed decirlo\u201d, agreg\u00f3, agradeciendo a su vez, al trabajo en conjunto con las autoridades.<\/p>\n<p style=\"text-align: justify;\">En tanto, el Seremi de Miner\u00eda, Juan V\u00e1squez, destac\u00f3 que \u201cesto refuerza el trabajo que estamos haciendo con la miner\u00eda artesanal, es el mandato que tenemos de nuestro Presidente y seguimos dando pasos todos en conjunto. As\u00ed que, muy buenas noticias y vamos a seguir trabajando en equipo porque vienen cosas mejores tanto para asociaci\u00f3n gremial de Chile Chico, como para la miner\u00eda artesanal de nuestra regi\u00f3n\u201d, expres\u00f3.<\/p>\n<p style=\"text-align: justify;\">La Asociaci\u00f3n Gremial de Mineros Aur\u00edferos de Chile Chico fue fundada un 24 de julio del 2014 con la participaci\u00f3n de 27 socios. Posteriormente, el 13 de diciembre de 2018 se incorporan las Ceramistas de la Patagonia con un total de 8 socias y el 22 de junio del 2019 se incorporan 24 socias m\u00e1s de la Agrupaci\u00f3n de Orfebres. As\u00ed, actualmente, la A.G. de Mineros Aur\u00edferos queda conformada por tres agrupaciones y m\u00e1s de 50 integrantes que representan a la ciudad de Chile Chico y a la regi\u00f3n de Ays\u00e9n en diversos puntos del pa\u00eds, donde muestran con orgullo sus tradicionales trabajos de orfebrer\u00eda y greda.<\/p>\n<\/div><\/section><\/div><div  style='height:50px' class='hr hr-invisible   avia-builder-el-6  el_after_av_one_full  el_before_av_social_share '><span class='hr-inner ' ><span class='hr-inner-style'><\/span><\/span><\/div><\/p>\n<div  class='av-social-sharing-box  avia-builder-el-7  el_after_av_hr  el_before_av_hr  '><div class='av-share-box'><h5 class='av-share-link-description av-no-toc '>Compartir esta noticia<\/h5><ul class='av-share-box-list noLightbox'><li class='av-share-link av-social-link-facebook' ><a target=\"_blank\" aria-label=\"Compartir en Facebook\" href='https:\/\/www.facebook.com\/sharer.php?u=https:\/\/radiorevelacionfm.cl\/?p=46840&#038;t=A.G.%20de%20Mineros%20Aur%C3%ADferos%20de%20Chile%20Chico%20celebr%C3%B3%20permiso%20otorgado%20por%20Bienes%20Nacionales%20para%20ocupar%20inmueble%20fiscal' aria-hidden='false' data-av_icon='\ue8f3' data-av_iconfont='entypo-fontello' title='' data-avia-related-tooltip='Compartir en Facebook' rel=\"noopener\"><span class='avia_hidden_link_text'>Compartir en Facebook<\/span><\/a><\/li><li class='av-share-link av-social-link-twitter' ><a target=\"_blank\" aria-label=\"Compartir en Twitter\" href='https:\/\/twitter.com\/share?text=A.G.%20de%20Mineros%20Aur%C3%ADferos%20de%20Chile%20Chico%20celebr%C3%B3%20permiso%20otorgado%20por%20Bienes%20Nacionales%20para%20ocupar%20inmueble%20fiscal&#038;url=https:\/\/radiorevelacionfm.cl\/?p=46840' aria-hidden='false' data-av_icon='\ue8f1' data-av_iconfont='entypo-fontello' title='' data-avia-related-tooltip='Compartir en Twitter' rel=\"noopener\"><span class='avia_hidden_link_text'>Compartir en Twitter<\/span><\/a><\/li><li class='av-share-link av-social-link-whatsapp' ><a target=\"_blank\" aria-label=\"Compartir en Whatsapp\" href='https:\/\/api.whatsapp.com\/send?text=https:\/\/radiorevelacionfm.cl\/?p=46840' aria-hidden='false' data-av_icon='\uf232' data-av_iconfont='entypo-fontello' title='' data-avia-related-tooltip='Compartir en Whatsapp' rel=\"noopener\"><span class='avia_hidden_link_text'>Compartir en Whatsapp<\/span><\/a><\/li><li class='av-share-link av-social-link-linkedin' ><a target=\"_blank\" aria-label=\"Compartir en LinkedIn\" href='https:\/\/linkedin.com\/shareArticle?mini=true&#038;title=A.G.%20de%20Mineros%20Aur%C3%ADferos%20de%20Chile%20Chico%20celebr%C3%B3%20permiso%20otorgado%20por%20Bienes%20Nacionales%20para%20ocupar%20inmueble%20fiscal&#038;url=https:\/\/radiorevelacionfm.cl\/?p=46840' aria-hidden='false' data-av_icon='\ue8fc' data-av_iconfont='entypo-fontello' title='' data-avia-related-tooltip='Compartir en LinkedIn' rel=\"noopener\"><span class='avia_hidden_link_text'>Compartir en LinkedIn<\/span><\/a><\/li><li class='av-share-link av-social-link-mail' ><a  aria-label=\"Compartir por correo\" href='mailto:?subject=A.G.%20de%20Mineros%20Aur%C3%ADferos%20de%20Chile%20Chico%20celebr%C3%B3%20permiso%20otorgado%20por%20Bienes%20Nacionales%20para%20ocupar%20inmueble%20fiscal&#038;body=https:\/\/radiorevelacionfm.cl\/?p=46840' aria-hidden='false' data-av_icon='\ue805' data-av_iconfont='entypo-fontello' title='' data-avia-related-tooltip='Compartir por correo'><span class='avia_hidden_link_text'>Compartir por correo<\/span><\/a><\/li><\/ul><\/div><\/div>\n<div  style='height:50px' class='hr hr-invisible   avia-builder-el-8  el_after_av_social_share  el_before_av_comments_list '><span class='hr-inner ' ><span class='hr-inner-style'><\/span><\/span><\/div>\n<div  class='av-buildercomment  av-blog-meta-html-info-disabled av-blog-meta-tag-disabled  '><\/div>\n","protected":false},"excerpt":{"rendered":"","protected":false},"author":1,"featured_media":46841,"comment_status":"open","ping_status":"open","sticky":false,"template":"","format":"standard","meta":{"footnotes":""},"categories":[38],"tags":[],"class_list":["post-46840","post","type-post","status-publish","format-standard","has-post-thumbnail","hentry","category-regional"],"jetpack_featured_media_url":"https:\/\/radiorevelacionfm.cl\/wp-content\/uploads\/2024\/10\/img_2477-2_optimized-2.jpeg","_links":{"self":[{"href":"https:\/\/radiorevelacionfm.cl\/index.php?rest_route=\/wp\/v2\/posts\/46840","targetHints":{"allow":["GET"]}}],"collection":[{"href":"https:\/\/radiorevelacionfm.cl\/index.php?rest_route=\/wp\/v2\/posts"}],"about":[{"href":"https:\/\/radiorevelacionfm.cl\/index.php?rest_route=\/wp\/v2\/types\/post"}],"author":[{"embeddable":true,"href":"https:\/\/radiorevelacionfm.cl\/index.php?rest_route=\/wp\/v2\/users\/1"}],"replies":[{"embeddable":true,"href":"https:\/\/radiorevelacionfm.cl\/index.php?rest_route=%2Fwp%2Fv2%2Fcomments&post=46840"}],"version-history":[{"count":1,"href":"https:\/\/radiorevelacionfm.cl\/index.php?rest_route=\/wp\/v2\/posts\/46840\/revisions"}],"predecessor-version":[{"id":46842,"href":"https:\/\/radiorevelacionfm.cl\/index.php?rest_route=\/wp\/v2\/posts\/46840\/revisions\/46842"}],"wp:featuredmedia":[{"embeddable":true,"href":"https:\/\/radiorevelacionfm.cl\/index.php?rest_route=\/wp\/v2\/media\/46841"}],"wp:attachment":[{"href":"https:\/\/radiorevelacionfm.cl\/index.php?rest_route=%2Fwp%2Fv2%2Fmedia&parent=46840"}],"wp:term":[{"taxonomy":"category","embeddable":true,"href":"https:\/\/radiorevelacionfm.cl\/index.php?rest_route=%2Fwp%2Fv2%2Fcategories&post=46840"},{"taxonomy":"post_tag","embeddable":true,"href":"https:\/\/radiorevelacionfm.cl\/index.php?rest_route=%2Fwp%2Fv2%2Ftags&post=46840"}],"curies":[{"name":"wp","href":"https:\/\/api.w.org\/{rel}","templated":true}]}}