{"id":46797,"date":"2024-10-07T09:35:22","date_gmt":"2024-10-07T12:35:22","guid":{"rendered":"https:\/\/radiorevelacionfm.cl\/?p=46797"},"modified":"2024-10-07T09:35:22","modified_gmt":"2024-10-07T12:35:22","slug":"mejoran-instalaciones-de-escuela-del-centro-de-cumplimiento-penitenciario-de-coyhaique","status":"publish","type":"post","link":"https:\/\/radiorevelacionfm.cl\/?p=46797","title":{"rendered":"Mejoran instalaciones de Escuela del Centro de Cumplimiento Penitenciario de Coyhaique"},"content":{"rendered":"<div class=\"flex_column av_one_full  flex_column_div av-zero-column-padding first  avia-builder-el-0  el_before_av_one_full  avia-builder-el-first  \" style='border-radius:0px; '><div  class='avia-image-container  av-styling-    avia-builder-el-1  avia-builder-el-no-sibling  avia-align-center '  itemprop=\"image\" itemscope=\"itemscope\" itemtype=\"https:\/\/schema.org\/ImageObject\"  ><div class='avia-image-container-inner'><div class='avia-image-overlay-wrap'><img decoding=\"async\" class='wp-image-46798 avia-img-lazy-loading-not-46798 avia_image' src=\"https:\/\/radiorevelacionfm.cl\/wp-content\/uploads\/2024\/10\/Conservacion-Escuela-CCP-Coyhaique-2-2.jpg\" alt='' title='Conservaci\u00f3n Escuela CCP Coyhaique-2-2' height=\"602\" width=\"802\"  itemprop=\"thumbnailUrl\" srcset=\"https:\/\/radiorevelacionfm.cl\/wp-content\/uploads\/2024\/10\/Conservacion-Escuela-CCP-Coyhaique-2-2.jpg 802w, https:\/\/radiorevelacionfm.cl\/wp-content\/uploads\/2024\/10\/Conservacion-Escuela-CCP-Coyhaique-2-2-300x225.jpg 300w, https:\/\/radiorevelacionfm.cl\/wp-content\/uploads\/2024\/10\/Conservacion-Escuela-CCP-Coyhaique-2-2-768x576.jpg 768w, https:\/\/radiorevelacionfm.cl\/wp-content\/uploads\/2024\/10\/Conservacion-Escuela-CCP-Coyhaique-2-2-705x529.jpg 705w, https:\/\/radiorevelacionfm.cl\/wp-content\/uploads\/2024\/10\/Conservacion-Escuela-CCP-Coyhaique-2-2-450x338.jpg 450w, https:\/\/radiorevelacionfm.cl\/wp-content\/uploads\/2024\/10\/Conservacion-Escuela-CCP-Coyhaique-2-2-600x450.jpg 600w\" sizes=\"(max-width: 802px) 100vw, 802px\" \/><\/div><\/div><\/div><\/div><div class=\"flex_column av_one_full  flex_column_div av-zero-column-padding first  avia-builder-el-2  el_after_av_one_full  el_before_av_one_full  column-top-margin\" style='border-radius:0px; '><section class=\"av_textblock_section \"  itemscope=\"itemscope\" itemtype=\"https:\/\/schema.org\/BlogPosting\" itemprop=\"blogPost\" ><div class='avia_textblock  '   itemprop=\"text\" ><p style=\"text-align: center;\"><span style=\"font-size: 18pt;\"><strong>Mejoran instalaciones de Escuela del Centro de Cumplimiento Penitenciario de Coyhaique<\/strong><\/span><\/p>\n<div id=\"gtx-trans\" style=\"position: absolute; left: -50px; top: 4.31534px;\">\n<div class=\"gtx-trans-icon\"><\/div>\n<\/div>\n<\/div><\/section><\/div><div class=\"flex_column av_one_full  flex_column_div av-zero-column-padding first  avia-builder-el-4  el_after_av_one_full  el_before_av_hr  column-top-margin\" style='border-radius:0px; '><section class=\"av_textblock_section \"  itemscope=\"itemscope\" itemtype=\"https:\/\/schema.org\/BlogPosting\" itemprop=\"blogPost\" ><div class='avia_textblock  '   itemprop=\"text\" ><p class=\"v1MsoNormal\" style=\"text-align: justify;\">La SEREMI de Educaci\u00f3n, Isabel Garrido, y su par de Justicia y Derechos Humanos, Samuel Navarro, junto a la Jefa del Departamento Provincial de Educaci\u00f3n Coyhaique, Michelle Grondona, visitaron el Centro de Cumplimiento Penitenciario de Coyhaique para constatar el avance de las obras de conservaci\u00f3n y mejoramiento de infraestructura de la escuela que funciona al interior del recinto.<\/p>\n<p class=\"v1MsoNormal\" style=\"text-align: justify;\">Se trata de una inversi\u00f3n del Ministerio de Educaci\u00f3n por $ 22.803.711 pesos y consiste en el mejoramiento de dos salas de clases, a trav\u00e9s de la construcci\u00f3n y reposici\u00f3n\u00a0 de tabiques,\u00a0 instalaci\u00f3n de piso flotante en salas y\u00a0 pasillos, recambio de puertas e instalaci\u00f3n de ventanas termopanel, tratamiento y pintura de cielos y muros, extracci\u00f3n de aire y ventilaci\u00f3n.<\/p>\n<p class=\"v1MsoNormal\" style=\"text-align: justify;\">Esta es una de las obras de conservaci\u00f3n que se ejecutan en el marco del Plan Nacional de Infraestructura, uno de los aspectos destacados del Plan de Reactivaci\u00f3n Educativa, implementado por el Gobierno del Presidente Gabriel Boric. A trav\u00e9s de este Plan, el MINEDUC dispuso fondos para la conservaci\u00f3n e infraestructura de las escuelas p\u00fablicas durante el 2022 y 2023,\u00a0 con foco en aquellas comunas que ser\u00edan traspasadas a los SLEP, con el fin de que fueran traspasadas en mejores condiciones.<\/p>\n<p class=\"v1MsoNormal\" style=\"text-align: justify;\">Las autoridades sectoriales fueron acompa\u00f1adas en su recorrido por directivos de Gendarmer\u00eda, equipos de infraestructura de la SEREMI de Educaci\u00f3n y de la Municipalidad de Coyhaique que actu\u00f3 como unidad ejecutora.<\/p>\n<p class=\"v1MsoNormal\" style=\"text-align: justify;\">Tras dialogar con la profesora encargada de la escuela, Ximena Maldonado Mansilla, se destac\u00f3 el positivo\u00a0 impacto de este mejoramiento de infraestructura del\u00a0 plantel, que cumple un importante rol\u00a0 en el \u00e1mbito de reinserci\u00f3n social de las personas privadas de libertad.<\/p>\n<p class=\"v1MsoNormal\" style=\"text-align: justify;\">El Seremi de Justicia y Derechos Humanos Samuel Navarro destac\u00f3 que \u00abEstas obras que tienen m\u00e1s de un 50% de avance cambian y mejoran las condiciones de habitabilidad y funcionamiento de este recinto escolar y permiten\u00a0 la continuidad de\u00a0 estudios de las personas privadas de libertad. Con estas obras se les entrega dignidad a los estudiantes y a las y los profesores. Estamos contentos porque esta es una inversi\u00f3n in\u00e9dita en este espacio de cumplimiento penitenciario y esperamos que las obras est\u00e9n concluidas en el mes de octubre del presente a\u00f1o\u00bb.<\/p>\n<p class=\"v1MsoNormal\" style=\"text-align: justify;\">En esa misma l\u00ednea, Isabel Garrido, SEREMI de Educaci\u00f3n se\u00f1al\u00f3 que, si bien la inversi\u00f3n comparativamente es peque\u00f1a frente a otros proyectos, es de alto impacto social.<\/p>\n<p class=\"v1MsoNormal\" style=\"text-align: justify;\">\u00abCon la concreci\u00f3n de estas obras estamos contribuyendo a la reinserci\u00f3n social de personas j\u00f3venes y\u00a0 adultas que est\u00e1n privadas de libertad. Como Gobierno estamos convencidos del poder de la educaci\u00f3n de transformar vidas. El proyecto es parte de una convocatoria especial para escuelas p\u00fablicas que ser\u00edan traspasadas a los SLEP, y en la regi\u00f3n de Ays\u00e9n 9 municipios acudieron a esta convocatoria, logrando adjudicarse m\u00e1s de $6 mil millones de pesos equivalentes a 22 proyectos. Valoramos y destacamos el compromiso de las municipalidades con la educaci\u00f3n de sus comunas, a pesar de ya no ser los sostenedores de las escuelas\u00bb.<\/p>\n<p class=\"v1MsoNormal\" style=\"text-align: justify;\">Ximena Maldonado Mansilla, docente a cargo de esta escuela expres\u00f3 su alegr\u00eda por esta inversi\u00f3n.<\/p>\n<p class=\"v1MsoNormal\" style=\"text-align: justify;\">\u00abEste mejoramiento de los espacios de nuestra escuela nos tiene a todos muy contentos, ya que era muy necesario un cambio en los pisos, pintura, iluminaci\u00f3n, ba\u00f1os, puertas y sin duda mejoran las condiciones para nosotros los profesores y nuestros estudiantes internos y contribuyen al proyecto educativo que desarrollamos ac\u00e1\u00bb.<\/p>\n<\/div><\/section><\/div><div  style='height:50px' class='hr hr-invisible   avia-builder-el-6  el_after_av_one_full  el_before_av_social_share '><span class='hr-inner ' ><span class='hr-inner-style'><\/span><\/span><\/div><\/p>\n<div  class='av-social-sharing-box  avia-builder-el-7  el_after_av_hr  el_before_av_hr  '><div class='av-share-box'><h5 class='av-share-link-description av-no-toc '>Compartir esta noticia<\/h5><ul class='av-share-box-list noLightbox'><li class='av-share-link av-social-link-facebook' ><a target=\"_blank\" aria-label=\"Compartir en Facebook\" href='https:\/\/www.facebook.com\/sharer.php?u=https:\/\/radiorevelacionfm.cl\/?p=46797&#038;t=Mejoran%20instalaciones%20de%20Escuela%20del%20Centro%20de%20Cumplimiento%20Penitenciario%20de%20Coyhaique' aria-hidden='false' data-av_icon='\ue8f3' data-av_iconfont='entypo-fontello' title='' data-avia-related-tooltip='Compartir en Facebook' rel=\"noopener\"><span class='avia_hidden_link_text'>Compartir en Facebook<\/span><\/a><\/li><li class='av-share-link av-social-link-twitter' ><a target=\"_blank\" aria-label=\"Compartir en Twitter\" href='https:\/\/twitter.com\/share?text=Mejoran%20instalaciones%20de%20Escuela%20del%20Centro%20de%20Cumplimiento%20Penitenciario%20de%20Coyhaique&#038;url=https:\/\/radiorevelacionfm.cl\/?p=46797' aria-hidden='false' data-av_icon='\ue8f1' data-av_iconfont='entypo-fontello' title='' data-avia-related-tooltip='Compartir en Twitter' rel=\"noopener\"><span class='avia_hidden_link_text'>Compartir en Twitter<\/span><\/a><\/li><li class='av-share-link av-social-link-whatsapp' ><a target=\"_blank\" aria-label=\"Compartir en Whatsapp\" href='https:\/\/api.whatsapp.com\/send?text=https:\/\/radiorevelacionfm.cl\/?p=46797' aria-hidden='false' data-av_icon='\uf232' data-av_iconfont='entypo-fontello' title='' data-avia-related-tooltip='Compartir en Whatsapp' rel=\"noopener\"><span class='avia_hidden_link_text'>Compartir en Whatsapp<\/span><\/a><\/li><li class='av-share-link av-social-link-linkedin' ><a target=\"_blank\" aria-label=\"Compartir en LinkedIn\" href='https:\/\/linkedin.com\/shareArticle?mini=true&#038;title=Mejoran%20instalaciones%20de%20Escuela%20del%20Centro%20de%20Cumplimiento%20Penitenciario%20de%20Coyhaique&#038;url=https:\/\/radiorevelacionfm.cl\/?p=46797' aria-hidden='false' data-av_icon='\ue8fc' data-av_iconfont='entypo-fontello' title='' data-avia-related-tooltip='Compartir en LinkedIn' rel=\"noopener\"><span class='avia_hidden_link_text'>Compartir en LinkedIn<\/span><\/a><\/li><li class='av-share-link av-social-link-mail' ><a  aria-label=\"Compartir por correo\" href='mailto:?subject=Mejoran%20instalaciones%20de%20Escuela%20del%20Centro%20de%20Cumplimiento%20Penitenciario%20de%20Coyhaique&#038;body=https:\/\/radiorevelacionfm.cl\/?p=46797' aria-hidden='false' data-av_icon='\ue805' data-av_iconfont='entypo-fontello' title='' data-avia-related-tooltip='Compartir por correo'><span class='avia_hidden_link_text'>Compartir por correo<\/span><\/a><\/li><\/ul><\/div><\/div>\n<div  style='height:50px' class='hr hr-invisible   avia-builder-el-8  el_after_av_social_share  el_before_av_comments_list '><span class='hr-inner ' ><span class='hr-inner-style'><\/span><\/span><\/div>\n<div  class='av-buildercomment  av-blog-meta-html-info-disabled av-blog-meta-tag-disabled  '><\/div>\n","protected":false},"excerpt":{"rendered":"","protected":false},"author":1,"featured_media":46798,"comment_status":"open","ping_status":"open","sticky":false,"template":"","format":"standard","meta":{"footnotes":""},"categories":[49],"tags":[],"class_list":["post-46797","post","type-post","status-publish","format-standard","has-post-thumbnail","hentry","category-educacion"],"jetpack_featured_media_url":"https:\/\/radiorevelacionfm.cl\/wp-content\/uploads\/2024\/10\/Conservacion-Escuela-CCP-Coyhaique-2-2.jpg","_links":{"self":[{"href":"https:\/\/radiorevelacionfm.cl\/index.php?rest_route=\/wp\/v2\/posts\/46797","targetHints":{"allow":["GET"]}}],"collection":[{"href":"https:\/\/radiorevelacionfm.cl\/index.php?rest_route=\/wp\/v2\/posts"}],"about":[{"href":"https:\/\/radiorevelacionfm.cl\/index.php?rest_route=\/wp\/v2\/types\/post"}],"author":[{"embeddable":true,"href":"https:\/\/radiorevelacionfm.cl\/index.php?rest_route=\/wp\/v2\/users\/1"}],"replies":[{"embeddable":true,"href":"https:\/\/radiorevelacionfm.cl\/index.php?rest_route=%2Fwp%2Fv2%2Fcomments&post=46797"}],"version-history":[{"count":1,"href":"https:\/\/radiorevelacionfm.cl\/index.php?rest_route=\/wp\/v2\/posts\/46797\/revisions"}],"predecessor-version":[{"id":46799,"href":"https:\/\/radiorevelacionfm.cl\/index.php?rest_route=\/wp\/v2\/posts\/46797\/revisions\/46799"}],"wp:featuredmedia":[{"embeddable":true,"href":"https:\/\/radiorevelacionfm.cl\/index.php?rest_route=\/wp\/v2\/media\/46798"}],"wp:attachment":[{"href":"https:\/\/radiorevelacionfm.cl\/index.php?rest_route=%2Fwp%2Fv2%2Fmedia&parent=46797"}],"wp:term":[{"taxonomy":"category","embeddable":true,"href":"https:\/\/radiorevelacionfm.cl\/index.php?rest_route=%2Fwp%2Fv2%2Fcategories&post=46797"},{"taxonomy":"post_tag","embeddable":true,"href":"https:\/\/radiorevelacionfm.cl\/index.php?rest_route=%2Fwp%2Fv2%2Ftags&post=46797"}],"curies":[{"name":"wp","href":"https:\/\/api.w.org\/{rel}","templated":true}]}}