{"id":46794,"date":"2024-10-06T17:19:09","date_gmt":"2024-10-06T20:19:09","guid":{"rendered":"https:\/\/radiorevelacionfm.cl\/?p=46794"},"modified":"2024-10-06T17:19:09","modified_gmt":"2024-10-06T20:19:09","slug":"detienen-a-menor-por-homicidio-frustrado-tras-partido-amateur-en-estadio-municipal-de-coyhaique","status":"publish","type":"post","link":"https:\/\/radiorevelacionfm.cl\/?p=46794","title":{"rendered":"Detienen a menor por homicidio frustrado tras partido amateur en estadio municipal de Coyhaique"},"content":{"rendered":"<div class=\"flex_column av_one_full  flex_column_div av-zero-column-padding first  avia-builder-el-0  el_before_av_one_full  avia-builder-el-first  \" style='border-radius:0px; '><div  class='avia-image-container  av-styling-    avia-builder-el-1  avia-builder-el-no-sibling  avia-align-center '  itemprop=\"image\" itemscope=\"itemscope\" itemtype=\"https:\/\/schema.org\/ImageObject\"  ><div class='avia-image-container-inner'><div class='avia-image-overlay-wrap'><img decoding=\"async\" class='wp-image-46795 avia-img-lazy-loading-not-46795 avia_image' src=\"https:\/\/radiorevelacionfm.cl\/wp-content\/uploads\/2024\/10\/gzosc6hwuaak8ka-2-2_optimized.jpg\" alt='' title='gzosc6hwuaak8ka-2-2_optimized' height=\"600\" width=\"800\"  itemprop=\"thumbnailUrl\" srcset=\"https:\/\/radiorevelacionfm.cl\/wp-content\/uploads\/2024\/10\/gzosc6hwuaak8ka-2-2_optimized.jpg 800w, https:\/\/radiorevelacionfm.cl\/wp-content\/uploads\/2024\/10\/gzosc6hwuaak8ka-2-2_optimized-300x225.jpg 300w, https:\/\/radiorevelacionfm.cl\/wp-content\/uploads\/2024\/10\/gzosc6hwuaak8ka-2-2_optimized-768x576.jpg 768w, https:\/\/radiorevelacionfm.cl\/wp-content\/uploads\/2024\/10\/gzosc6hwuaak8ka-2-2_optimized-705x529.jpg 705w, https:\/\/radiorevelacionfm.cl\/wp-content\/uploads\/2024\/10\/gzosc6hwuaak8ka-2-2_optimized-450x338.jpg 450w, https:\/\/radiorevelacionfm.cl\/wp-content\/uploads\/2024\/10\/gzosc6hwuaak8ka-2-2_optimized-600x450.jpg 600w\" sizes=\"(max-width: 800px) 100vw, 800px\" \/><\/div><\/div><\/div><\/div><div class=\"flex_column av_one_full  flex_column_div av-zero-column-padding first  avia-builder-el-2  el_after_av_one_full  el_before_av_one_full  column-top-margin\" style='border-radius:0px; '><section class=\"av_textblock_section \"  itemscope=\"itemscope\" itemtype=\"https:\/\/schema.org\/BlogPosting\" itemprop=\"blogPost\" ><div class='avia_textblock  '   itemprop=\"text\" ><p style=\"text-align: center;\"><strong><span style=\"font-size: 18pt;\">Detienen a menor por homicidio frustrado tras partido amateur en estadio municipal de Coyhaique\u00a0<\/span><\/strong><\/p>\n<div id=\"gtx-trans\" style=\"position: absolute; left: -50px; top: 4.31534px;\">\n<div class=\"gtx-trans-icon\"><\/div>\n<\/div>\n<\/div><\/section><\/div><div class=\"flex_column av_one_full  flex_column_div av-zero-column-padding first  avia-builder-el-4  el_after_av_one_full  el_before_av_hr  column-top-margin\" style='border-radius:0px; '><section class=\"av_textblock_section \"  itemscope=\"itemscope\" itemtype=\"https:\/\/schema.org\/BlogPosting\" itemprop=\"blogPost\" ><div class='avia_textblock  '   itemprop=\"text\" ><p class=\"v1gmail-MsoListParagraphCxSpFirst\" style=\"text-align: justify;\"><em><span lang=\"ES-CL\">La v\u00edctima fue atacada con arma blanca en la regi\u00f3n dorsal, siendo trasladado de urgencia por familiares al hospital regional.<\/span><\/em><\/p>\n<p class=\"v1gmail-MsoListParagraphCxSpLast\" style=\"text-align: justify;\"><em><span lang=\"ES-CL\">El adolescente registra cuatro detenciones previas entre estas: atentado y amenazas contra la autoridad, lesiones y porte de arma blanca.<\/span><\/em><\/p>\n<p class=\"v1MsoNormal\" style=\"text-align: justify;\"><span lang=\"ES-CL\">Por el delito de homicidio frustrado en contra de un adolescente de 14 a\u00f1os, Carabineros de Coyhaique detuvo en horas de la madrugada del domingo a un menor de 17 a\u00f1os de edad, ello tras un ataque con arma blanca registrado en partido de f\u00fatbol amateur desarrollado en el estadio municipal de esta ciudad.<\/span><\/p>\n<p class=\"v1MsoNormal\" style=\"text-align: justify;\"><span lang=\"ES-CL\">Tras estrechar el circulo investigativo en contra de este sujeto, alrededor de las 04:30 horas, la madre del menor -en compa\u00f1\u00eda de este- se present\u00f3 en el servicio de guardia de la Unidad, donde hizo entrega del adolescente siendo detenido por Carabineros de Coyhaique.<\/span><\/p>\n<p class=\"v1MsoNormal\" style=\"text-align: justify;\"><span lang=\"ES-CL\">La Oficial de Servicio de esta Unidad, Capit\u00e1n Camila Rojas, se\u00f1al\u00f3 la tarde del s\u00e1bado tras un encuentro deportivo de juveniles \u00abproducto de una situaci\u00f3n que se gener\u00f3 en la cancha, una vez finalizado el partido, un jugador agrede con arma blanca por la espalda a un joven de un equipo rival, siendo la v\u00edctima trasladada por sus familiares hasta el recinto asistencial. A ra\u00edz de esto, y tras tomar conocimiento de la situaci\u00f3n, Carabineros se traslad\u00f3 en forma inmediata tanto al estadio municipal como al hospital para verificar los hechos, recopilando las caracter\u00edsticas del agresor, dando inicio a diversas diligencias investigativas para dar con su paradero\u00bb, expres\u00f3 la Oficial de servicio.<\/span><\/p>\n<p class=\"v1MsoNormal\" style=\"text-align: justify;\"><span lang=\"ES-CL\">Frente a lo anterior, Carabineros se traslad\u00f3 a diversos domicilios de familiares y amigos con la finalidad de dar con su paradero.<\/span><\/p>\n<p class=\"v1MsoNormal\" style=\"text-align: justify;\"><span lang=\"ES-CL\">Asimismo, el personal continu\u00f3 el desarrollo de diversas diligencias investigativas durante las horas posteriores y la madrugada, pudiendo estrechar el c\u00edrculo investigativo respecto a esta persona.<\/span><\/p>\n<p class=\"v1MsoNormal\" style=\"text-align: justify;\"><span lang=\"ES-CL\">Fue en esos instantes en que la madre del agresor efectu\u00f3 un llamado al nivel de emergencias 133 informando que iba a hacer entrega de su hijo por la agresi\u00f3n que estaba siendo sindicado.<\/span><\/p>\n<p class=\"v1MsoNormal\" style=\"text-align: justify;\"><span lang=\"ES-CL\">\u00abAproximadamente a las 05:00 horas concurre el menor al servicio de guardia de la Unidad, siendo entregado por su madre\u00bb, indic\u00f3 la Capit\u00e1n Camila Rojas.<\/span><\/p>\n<p class=\"v1MsoNormal\" style=\"text-align: justify;\"><span lang=\"ES-CL\">Respecto de la v\u00edctima, este result\u00f3 con lesiones de car\u00e1cter reservado producto de arma blanca y fuera de riesgo vital.<\/span><\/p>\n<p class=\"v1MsoNormal\" style=\"text-align: justify;\"><span lang=\"ES-CL\">Los antecedentes del procedimiento fueron puestos a disposici\u00f3n de la Fiscal\u00eda, en tanto que el menor fue derivado a la audiencia de control de detenci\u00f3n por este hecho.<\/span><\/p>\n<p class=\"v1MsoNormal\" style=\"text-align: justify;\"><span lang=\"ES-CL\">Cabe consignar que el menor imputado registra cuatro detenciones previas, entre estas, atentado y amenazas contra la autoridad, lesiones y porte de arma blanca.<\/span><\/p>\n<\/div><\/section><\/div><div  style='height:50px' class='hr hr-invisible   avia-builder-el-6  el_after_av_one_full  el_before_av_social_share '><span class='hr-inner ' ><span class='hr-inner-style'><\/span><\/span><\/div><\/p>\n<div  class='av-social-sharing-box  avia-builder-el-7  el_after_av_hr  el_before_av_hr  '><div class='av-share-box'><h5 class='av-share-link-description av-no-toc '>Compartir esta noticia<\/h5><ul class='av-share-box-list noLightbox'><li class='av-share-link av-social-link-facebook' ><a target=\"_blank\" aria-label=\"Compartir en Facebook\" href='https:\/\/www.facebook.com\/sharer.php?u=https:\/\/radiorevelacionfm.cl\/?p=46794&#038;t=Detienen%20a%20menor%20por%20homicidio%20frustrado%20tras%20partido%20amateur%20en%20estadio%20municipal%20de%20Coyhaique' aria-hidden='false' data-av_icon='\ue8f3' data-av_iconfont='entypo-fontello' title='' data-avia-related-tooltip='Compartir en Facebook' rel=\"noopener\"><span class='avia_hidden_link_text'>Compartir en Facebook<\/span><\/a><\/li><li class='av-share-link av-social-link-twitter' ><a target=\"_blank\" aria-label=\"Compartir en Twitter\" href='https:\/\/twitter.com\/share?text=Detienen%20a%20menor%20por%20homicidio%20frustrado%20tras%20partido%20amateur%20en%20estadio%20municipal%20de%20Coyhaique&#038;url=https:\/\/radiorevelacionfm.cl\/?p=46794' aria-hidden='false' data-av_icon='\ue8f1' data-av_iconfont='entypo-fontello' title='' data-avia-related-tooltip='Compartir en Twitter' rel=\"noopener\"><span class='avia_hidden_link_text'>Compartir en Twitter<\/span><\/a><\/li><li class='av-share-link av-social-link-whatsapp' ><a target=\"_blank\" aria-label=\"Compartir en Whatsapp\" href='https:\/\/api.whatsapp.com\/send?text=https:\/\/radiorevelacionfm.cl\/?p=46794' aria-hidden='false' data-av_icon='\uf232' data-av_iconfont='entypo-fontello' title='' data-avia-related-tooltip='Compartir en Whatsapp' rel=\"noopener\"><span class='avia_hidden_link_text'>Compartir en Whatsapp<\/span><\/a><\/li><li class='av-share-link av-social-link-linkedin' ><a target=\"_blank\" aria-label=\"Compartir en LinkedIn\" href='https:\/\/linkedin.com\/shareArticle?mini=true&#038;title=Detienen%20a%20menor%20por%20homicidio%20frustrado%20tras%20partido%20amateur%20en%20estadio%20municipal%20de%20Coyhaique&#038;url=https:\/\/radiorevelacionfm.cl\/?p=46794' aria-hidden='false' data-av_icon='\ue8fc' data-av_iconfont='entypo-fontello' title='' data-avia-related-tooltip='Compartir en LinkedIn' rel=\"noopener\"><span class='avia_hidden_link_text'>Compartir en LinkedIn<\/span><\/a><\/li><li class='av-share-link av-social-link-mail' ><a  aria-label=\"Compartir por correo\" href='mailto:?subject=Detienen%20a%20menor%20por%20homicidio%20frustrado%20tras%20partido%20amateur%20en%20estadio%20municipal%20de%20Coyhaique&#038;body=https:\/\/radiorevelacionfm.cl\/?p=46794' aria-hidden='false' data-av_icon='\ue805' data-av_iconfont='entypo-fontello' title='' data-avia-related-tooltip='Compartir por correo'><span class='avia_hidden_link_text'>Compartir por correo<\/span><\/a><\/li><\/ul><\/div><\/div>\n<div  style='height:50px' class='hr hr-invisible   avia-builder-el-8  el_after_av_social_share  el_before_av_comments_list '><span class='hr-inner ' ><span class='hr-inner-style'><\/span><\/span><\/div>\n<div  class='av-buildercomment  av-blog-meta-html-info-disabled av-blog-meta-tag-disabled  '><\/div>\n","protected":false},"excerpt":{"rendered":"","protected":false},"author":1,"featured_media":46795,"comment_status":"open","ping_status":"open","sticky":false,"template":"","format":"standard","meta":{"footnotes":""},"categories":[36],"tags":[],"class_list":["post-46794","post","type-post","status-publish","format-standard","has-post-thumbnail","hentry","category-policial"],"jetpack_featured_media_url":"https:\/\/radiorevelacionfm.cl\/wp-content\/uploads\/2024\/10\/gzosc6hwuaak8ka-2-2_optimized.jpg","_links":{"self":[{"href":"https:\/\/radiorevelacionfm.cl\/index.php?rest_route=\/wp\/v2\/posts\/46794","targetHints":{"allow":["GET"]}}],"collection":[{"href":"https:\/\/radiorevelacionfm.cl\/index.php?rest_route=\/wp\/v2\/posts"}],"about":[{"href":"https:\/\/radiorevelacionfm.cl\/index.php?rest_route=\/wp\/v2\/types\/post"}],"author":[{"embeddable":true,"href":"https:\/\/radiorevelacionfm.cl\/index.php?rest_route=\/wp\/v2\/users\/1"}],"replies":[{"embeddable":true,"href":"https:\/\/radiorevelacionfm.cl\/index.php?rest_route=%2Fwp%2Fv2%2Fcomments&post=46794"}],"version-history":[{"count":1,"href":"https:\/\/radiorevelacionfm.cl\/index.php?rest_route=\/wp\/v2\/posts\/46794\/revisions"}],"predecessor-version":[{"id":46796,"href":"https:\/\/radiorevelacionfm.cl\/index.php?rest_route=\/wp\/v2\/posts\/46794\/revisions\/46796"}],"wp:featuredmedia":[{"embeddable":true,"href":"https:\/\/radiorevelacionfm.cl\/index.php?rest_route=\/wp\/v2\/media\/46795"}],"wp:attachment":[{"href":"https:\/\/radiorevelacionfm.cl\/index.php?rest_route=%2Fwp%2Fv2%2Fmedia&parent=46794"}],"wp:term":[{"taxonomy":"category","embeddable":true,"href":"https:\/\/radiorevelacionfm.cl\/index.php?rest_route=%2Fwp%2Fv2%2Fcategories&post=46794"},{"taxonomy":"post_tag","embeddable":true,"href":"https:\/\/radiorevelacionfm.cl\/index.php?rest_route=%2Fwp%2Fv2%2Ftags&post=46794"}],"curies":[{"name":"wp","href":"https:\/\/api.w.org\/{rel}","templated":true}]}}