{"id":46791,"date":"2024-10-06T17:03:12","date_gmt":"2024-10-06T20:03:12","guid":{"rendered":"https:\/\/radiorevelacionfm.cl\/?p=46791"},"modified":"2024-10-06T17:03:12","modified_gmt":"2024-10-06T20:03:12","slug":"en-mas-de-un-30-aumentara-financiamiento-en-subsidios-de-transporte-en-aysen-el-2025","status":"publish","type":"post","link":"https:\/\/radiorevelacionfm.cl\/?p=46791","title":{"rendered":"En m\u00e1s de un 30% aumentar\u00e1 financiamiento en subsidios de transporte en Ays\u00e9n el 2025"},"content":{"rendered":"<div class=\"flex_column av_one_full  flex_column_div av-zero-column-padding first  avia-builder-el-0  el_before_av_one_full  avia-builder-el-first  \" style='border-radius:0px; '><div  class='avia-image-container  av-styling-    avia-builder-el-1  avia-builder-el-no-sibling  avia-align-center '  itemprop=\"image\" itemscope=\"itemscope\" itemtype=\"https:\/\/schema.org\/ImageObject\"  ><div class='avia-image-container-inner'><div class='avia-image-overlay-wrap'><img decoding=\"async\" class='wp-image-46792 avia-img-lazy-loading-not-46792 avia_image' src=\"https:\/\/radiorevelacionfm.cl\/wp-content\/uploads\/2024\/10\/20240123_103834-2-2.jpg\" alt='' title='20240123_103834-2-2' height=\"600\" width=\"800\"  itemprop=\"thumbnailUrl\" srcset=\"https:\/\/radiorevelacionfm.cl\/wp-content\/uploads\/2024\/10\/20240123_103834-2-2.jpg 800w, https:\/\/radiorevelacionfm.cl\/wp-content\/uploads\/2024\/10\/20240123_103834-2-2-300x225.jpg 300w, https:\/\/radiorevelacionfm.cl\/wp-content\/uploads\/2024\/10\/20240123_103834-2-2-768x576.jpg 768w, https:\/\/radiorevelacionfm.cl\/wp-content\/uploads\/2024\/10\/20240123_103834-2-2-705x529.jpg 705w, https:\/\/radiorevelacionfm.cl\/wp-content\/uploads\/2024\/10\/20240123_103834-2-2-450x338.jpg 450w, https:\/\/radiorevelacionfm.cl\/wp-content\/uploads\/2024\/10\/20240123_103834-2-2-600x450.jpg 600w\" sizes=\"(max-width: 800px) 100vw, 800px\" \/><\/div><\/div><\/div><\/div><div class=\"flex_column av_one_full  flex_column_div av-zero-column-padding first  avia-builder-el-2  el_after_av_one_full  el_before_av_one_full  column-top-margin\" style='border-radius:0px; '><section class=\"av_textblock_section \"  itemscope=\"itemscope\" itemtype=\"https:\/\/schema.org\/BlogPosting\" itemprop=\"blogPost\" ><div class='avia_textblock  '   itemprop=\"text\" ><p style=\"text-align: center;\"><span style=\"font-size: 18pt;\"><b>En m\u00e1s de un 30% aumentar\u00e1 financiamiento en subsidios de transporte en Ays\u00e9n el 2025<\/b><\/span><\/p>\n<div id=\"gtx-trans\" style=\"position: absolute; left: -50px; top: 4.31534px;\">\n<div class=\"gtx-trans-icon\"><\/div>\n<\/div>\n<\/div><\/section><\/div><\/p>\n<div class=\"flex_column av_one_full  flex_column_div av-zero-column-padding first  avia-builder-el-4  el_after_av_one_full  el_before_av_hr  column-top-margin\" style='border-radius:0px; '><section class=\"av_textblock_section \"  itemscope=\"itemscope\" itemtype=\"https:\/\/schema.org\/BlogPosting\" itemprop=\"blogPost\" ><div class='avia_textblock  '   itemprop=\"text\" ><p style=\"text-align: justify;\"><em>Implementaci\u00f3n de nuevos servicios mar\u00edtimos, a\u00e9reos y terrestres, m\u00e1s frecuencias en servicios mar\u00edtimos y lacustres, son algunas de las medidas que permitir\u00e1n reforzar la conectividad regional.<\/em><\/p>\n<p style=\"text-align: justify;\">Con el fin de continuar avanzando en materia de conectividad en la regi\u00f3n de Ays\u00e9n durante el a\u00f1o se ha avanzado en medidas que permitan ampliar la oferta de subsidios de transporte a fin de prestar un mejor servicio, sobre todo, en zonas aisladas.<\/p>\n<p style=\"text-align: justify;\">Al respecto el seremi de Transportes y Telecomunicaciones, Hans Zimmermann inform\u00f3 que \u201ca trav\u00e9s del trabajo que hemos realizado atendiendo las solicitudes de las comunidades y de los gremios, podemos decir que para el a\u00f1o 2025 los recursos destinados a subsidios de transporte aumentar\u00e1n en m\u00e1s de un 30% en relaci\u00f3n al presente a\u00f1o, casi 6 mil millones de pesos adicionales que se invertir\u00e1n en implementar diversas medidas que mejorar\u00e1n la calidad de vida de cientos de personas a nivel regional\u201d.<\/p>\n<p style=\"text-align: justify;\">Analizando el detalle, los servicios mar\u00edtimos han experimentado mejoras que favorecen principalmente a habitantes de zonas aisladas. Ejemplo de ello son los subsidios de conectividad en el Fiordo Mitchell y Ays\u00e9n &#8211; Magallanes. En el primer caso, al ser esta v\u00eda el \u00fanico medio de transporte que permite el acceso a Villa O\u00b4Higgins, la operaci\u00f3n de las barcazas Padre Antonio Ronchi y la decisi\u00f3n de incorporar la nave de refuerzo Pitipulla, ha permitido dinamizar la movilidad hacia la zona y entregar m\u00e1s oportunidades de viaje a sus habitantes, dando mayor flujo de movilidad, sobre todo en temporada alta.<\/p>\n<p style=\"text-align: justify;\">Luego en el trayecto mar\u00edtimo que conecta la provincia de Capit\u00e1n Prat, con la regi\u00f3n de Magallanes, se agregaron frecuencias adicionales, tanto en temporada baja y alta, en el trayecto\u00a0 Puerto Yungay \u2013 Puerto Natales. En temporada baja pasando de 3 a 4 frecuencias al mes, mientras que en la temporada de mayor demanda de 4 a 5 frecuencias, lo caul implica la implementaci\u00f3n de un itinerario m\u00f3vil para cumplir con este requerimiento. Adem\u00e1s la temporada alta se extendi\u00f3, pasando de regir desde diciembre a febrero, para ampliarse desde noviembre a marzo .<\/p>\n<p style=\"text-align: justify;\">Otro servicio que brindar\u00e1 mayor cobertura incrementando sus frecuencias, es la ruta del Lago General Carrera en el tramo Puerto Ib\u00e1\u00f1ez \u2013 Chile Chico, que contar\u00e1 con dos frecuencias semanales m\u00e1s en temporada alta, sumando 13 viajes a la semana en total. De esta forma, se permitir\u00e1 dar mayor cobertura tanto a pasajeros como carga.<\/p>\n<p style=\"text-align: justify;\">Adicionalmente, se contempla un paquete de medidas de refuerzo para el servicio de la ruta del litoral norte hacia Quell\u00f3n, que se activar\u00e1 dentro del mes de octubre. \u00c9ste\u00a0 incluye una cuarta frecuencia desde Puerto Cisnes, con lo que se podr\u00e1 aumentar el flujo de transporte de carga hacia la regi\u00f3n. Adem\u00e1s se dispondr\u00e1 de un bus que traslade pasajeros desde Puerto Cisnes a Coyhaique en 4 de sus recaladas al mes, en dicho puerto. Tambi\u00e9n se suma una frecuencia adicional a la semana en el tramo Melinka &#8211; Quell\u00f3n que permita no s\u00f3lo el traslado de carga para los residentes de Las Guaitecas sino que adem\u00e1s, liberar metros lineales que permitan ser destinados a otras localidades del litoral, que tienen como puerto de origen\/destino a Quell\u00f3n.\u00a0 Por \u00faltimo, estas medidas establecen que el \u00faltimo viaje del mes podr\u00e1 ser destinado al transporte de carga peligrosa para la comuna de Guaitecas.<\/p>\n<p style=\"text-align: justify;\">Esta suma de medidas, adem\u00e1s de potenciar la cadena log\u00edstica y fortalecer la actividad del transporte de carga a nivel regional, tambi\u00e9n implica un apoyo importante para las actividades productivas de la comuna de Las Guaitecas, facilitando el comercio a quienes se dedican a la extracci\u00f3n de productos del mar, en especial, el cotizado erizo.<\/p>\n<p style=\"text-align: justify;\">Adem\u00e1s, para el 2025 se proyecta una nueva prestaci\u00f3n de conectividad mar\u00edtima, que consiste en el transporte de cargas peligrosas hacia el litoral norte, con recorridos hacia Islas Huichas, Puerto Gaviota, Puerto Gala y Melimoyu, cubriendo una sentida y urgente necesidad para las zonas m\u00e1s aisladas del litoral norte.<\/p>\n<p style=\"text-align: justify;\">El incremento en los recursos invertidos en la regi\u00f3n por concepto de subsidio de transporte, tambi\u00e9n se ver\u00e1n reflejado en servicios terrestres y a\u00e9reos, tales como el subsidio complementario Coyhaique \u2013 Puerto Ays\u00e9n, Coyhaique \u2013 Villa Ma\u00f1ihuales, Coyhaique \u2013 Puerto Tranquilo y Puerto Ays\u00e9n &#8211; Chacabuco en los terrestres. Adem\u00e1s para el 2025 tanto Caleta Tortel como Cochrane, tendr\u00e1n por primera vez acceso a conectividad a\u00e9rea subvencionada hacia Coyhaique.<\/p>\n<p style=\"text-align: justify;\">El seremiTT agreg\u00f3 que \u201cadem\u00e1s con la nueva ley de subsidios, se abre un abanico de posibilidades con los que podremos disponer de mayor financiamiento para dar respuesta a las necesidades y requerimientos de nuestras zonas aisladas, y as\u00ed implementar nuevas iniciativas o mejorar los servicios existentes en la regi\u00f3n de Ays\u00e9n\u201d.<\/p>\n<\/div><\/section><\/div><div  style='height:50px' class='hr hr-invisible   avia-builder-el-6  el_after_av_one_full  el_before_av_social_share '><span class='hr-inner ' ><span class='hr-inner-style'><\/span><\/span><\/div><\/p>\n<div  class='av-social-sharing-box  avia-builder-el-7  el_after_av_hr  el_before_av_hr  '><div class='av-share-box'><h5 class='av-share-link-description av-no-toc '>Compartir esta noticia<\/h5><ul class='av-share-box-list noLightbox'><li class='av-share-link av-social-link-facebook' ><a target=\"_blank\" aria-label=\"Compartir en Facebook\" href='https:\/\/www.facebook.com\/sharer.php?u=https:\/\/radiorevelacionfm.cl\/?p=46791&#038;t=En%20m%C3%A1s%20de%20un%2030%25%20aumentar%C3%A1%20financiamiento%20en%20subsidios%20de%20transporte%20en%20Ays%C3%A9n%20el%202025' aria-hidden='false' data-av_icon='\ue8f3' data-av_iconfont='entypo-fontello' title='' data-avia-related-tooltip='Compartir en Facebook' rel=\"noopener\"><span class='avia_hidden_link_text'>Compartir en Facebook<\/span><\/a><\/li><li class='av-share-link av-social-link-twitter' ><a target=\"_blank\" aria-label=\"Compartir en Twitter\" href='https:\/\/twitter.com\/share?text=En%20m%C3%A1s%20de%20un%2030%25%20aumentar%C3%A1%20financiamiento%20en%20subsidios%20de%20transporte%20en%20Ays%C3%A9n%20el%202025&#038;url=https:\/\/radiorevelacionfm.cl\/?p=46791' aria-hidden='false' data-av_icon='\ue8f1' data-av_iconfont='entypo-fontello' title='' data-avia-related-tooltip='Compartir en Twitter' rel=\"noopener\"><span class='avia_hidden_link_text'>Compartir en Twitter<\/span><\/a><\/li><li class='av-share-link av-social-link-whatsapp' ><a target=\"_blank\" aria-label=\"Compartir en Whatsapp\" href='https:\/\/api.whatsapp.com\/send?text=https:\/\/radiorevelacionfm.cl\/?p=46791' aria-hidden='false' data-av_icon='\uf232' data-av_iconfont='entypo-fontello' title='' data-avia-related-tooltip='Compartir en Whatsapp' rel=\"noopener\"><span class='avia_hidden_link_text'>Compartir en Whatsapp<\/span><\/a><\/li><li class='av-share-link av-social-link-linkedin' ><a target=\"_blank\" aria-label=\"Compartir en LinkedIn\" href='https:\/\/linkedin.com\/shareArticle?mini=true&#038;title=En%20m%C3%A1s%20de%20un%2030%25%20aumentar%C3%A1%20financiamiento%20en%20subsidios%20de%20transporte%20en%20Ays%C3%A9n%20el%202025&#038;url=https:\/\/radiorevelacionfm.cl\/?p=46791' aria-hidden='false' data-av_icon='\ue8fc' data-av_iconfont='entypo-fontello' title='' data-avia-related-tooltip='Compartir en LinkedIn' rel=\"noopener\"><span class='avia_hidden_link_text'>Compartir en LinkedIn<\/span><\/a><\/li><li class='av-share-link av-social-link-mail' ><a  aria-label=\"Compartir por correo\" href='mailto:?subject=En%20m%C3%A1s%20de%20un%2030%25%20aumentar%C3%A1%20financiamiento%20en%20subsidios%20de%20transporte%20en%20Ays%C3%A9n%20el%202025&#038;body=https:\/\/radiorevelacionfm.cl\/?p=46791' aria-hidden='false' data-av_icon='\ue805' data-av_iconfont='entypo-fontello' title='' data-avia-related-tooltip='Compartir por correo'><span class='avia_hidden_link_text'>Compartir por correo<\/span><\/a><\/li><\/ul><\/div><\/div>\n<div  style='height:50px' class='hr hr-invisible   avia-builder-el-8  el_after_av_social_share  el_before_av_comments_list '><span class='hr-inner ' ><span class='hr-inner-style'><\/span><\/span><\/div>\n<div  class='av-buildercomment  av-blog-meta-html-info-disabled av-blog-meta-tag-disabled  '><\/div>\n","protected":false},"excerpt":{"rendered":"","protected":false},"author":1,"featured_media":46792,"comment_status":"open","ping_status":"open","sticky":false,"template":"","format":"standard","meta":{"footnotes":""},"categories":[59],"tags":[],"class_list":["post-46791","post","type-post","status-publish","format-standard","has-post-thumbnail","hentry","category-transporte"],"jetpack_featured_media_url":"https:\/\/radiorevelacionfm.cl\/wp-content\/uploads\/2024\/10\/20240123_103834-2-2.jpg","_links":{"self":[{"href":"https:\/\/radiorevelacionfm.cl\/index.php?rest_route=\/wp\/v2\/posts\/46791","targetHints":{"allow":["GET"]}}],"collection":[{"href":"https:\/\/radiorevelacionfm.cl\/index.php?rest_route=\/wp\/v2\/posts"}],"about":[{"href":"https:\/\/radiorevelacionfm.cl\/index.php?rest_route=\/wp\/v2\/types\/post"}],"author":[{"embeddable":true,"href":"https:\/\/radiorevelacionfm.cl\/index.php?rest_route=\/wp\/v2\/users\/1"}],"replies":[{"embeddable":true,"href":"https:\/\/radiorevelacionfm.cl\/index.php?rest_route=%2Fwp%2Fv2%2Fcomments&post=46791"}],"version-history":[{"count":1,"href":"https:\/\/radiorevelacionfm.cl\/index.php?rest_route=\/wp\/v2\/posts\/46791\/revisions"}],"predecessor-version":[{"id":46793,"href":"https:\/\/radiorevelacionfm.cl\/index.php?rest_route=\/wp\/v2\/posts\/46791\/revisions\/46793"}],"wp:featuredmedia":[{"embeddable":true,"href":"https:\/\/radiorevelacionfm.cl\/index.php?rest_route=\/wp\/v2\/media\/46792"}],"wp:attachment":[{"href":"https:\/\/radiorevelacionfm.cl\/index.php?rest_route=%2Fwp%2Fv2%2Fmedia&parent=46791"}],"wp:term":[{"taxonomy":"category","embeddable":true,"href":"https:\/\/radiorevelacionfm.cl\/index.php?rest_route=%2Fwp%2Fv2%2Fcategories&post=46791"},{"taxonomy":"post_tag","embeddable":true,"href":"https:\/\/radiorevelacionfm.cl\/index.php?rest_route=%2Fwp%2Fv2%2Ftags&post=46791"}],"curies":[{"name":"wp","href":"https:\/\/api.w.org\/{rel}","templated":true}]}}