{"id":46785,"date":"2024-10-06T16:24:39","date_gmt":"2024-10-06T19:24:39","guid":{"rendered":"https:\/\/radiorevelacionfm.cl\/?p=46785"},"modified":"2024-10-06T16:24:39","modified_gmt":"2024-10-06T19:24:39","slug":"primera-semana-con-nuevo-director-regional-rodrigo-diaz-cordaro-encabeza-ahora-el-ips-aysen","status":"publish","type":"post","link":"https:\/\/radiorevelacionfm.cl\/?p=46785","title":{"rendered":"Primera semana con nuevo director regional: Rodrigo D\u00edaz Cordaro encabeza ahora el IPS Ays\u00e9n"},"content":{"rendered":"<div class=\"flex_column av_one_full  flex_column_div av-zero-column-padding first  avia-builder-el-0  el_before_av_one_full  avia-builder-el-first  \" style='border-radius:0px; '><div  class='avia-image-container  av-styling-    avia-builder-el-1  avia-builder-el-no-sibling  avia-align-center '  itemprop=\"image\" itemscope=\"itemscope\" itemtype=\"https:\/\/schema.org\/ImageObject\"  ><div class='avia-image-container-inner'><div class='avia-image-overlay-wrap'><img decoding=\"async\" class='wp-image-46786 avia-img-lazy-loading-not-46786 avia_image' src=\"https:\/\/radiorevelacionfm.cl\/wp-content\/uploads\/2024\/10\/whatsapp-image-2024-10-02-at-15_optimized.34.05-1-2-2.jpeg\" alt='' title='whatsapp-image-2024-10-02-at-15_optimized.34.05-(1)-2-2' height=\"600\" width=\"800\"  itemprop=\"thumbnailUrl\" srcset=\"https:\/\/radiorevelacionfm.cl\/wp-content\/uploads\/2024\/10\/whatsapp-image-2024-10-02-at-15_optimized.34.05-1-2-2.jpeg 800w, https:\/\/radiorevelacionfm.cl\/wp-content\/uploads\/2024\/10\/whatsapp-image-2024-10-02-at-15_optimized.34.05-1-2-2-300x225.jpeg 300w, https:\/\/radiorevelacionfm.cl\/wp-content\/uploads\/2024\/10\/whatsapp-image-2024-10-02-at-15_optimized.34.05-1-2-2-768x576.jpeg 768w, https:\/\/radiorevelacionfm.cl\/wp-content\/uploads\/2024\/10\/whatsapp-image-2024-10-02-at-15_optimized.34.05-1-2-2-705x529.jpeg 705w, https:\/\/radiorevelacionfm.cl\/wp-content\/uploads\/2024\/10\/whatsapp-image-2024-10-02-at-15_optimized.34.05-1-2-2-450x338.jpeg 450w, https:\/\/radiorevelacionfm.cl\/wp-content\/uploads\/2024\/10\/whatsapp-image-2024-10-02-at-15_optimized.34.05-1-2-2-600x450.jpeg 600w\" sizes=\"(max-width: 800px) 100vw, 800px\" \/><\/div><\/div><\/div><\/div><div class=\"flex_column av_one_full  flex_column_div av-zero-column-padding first  avia-builder-el-2  el_after_av_one_full  el_before_av_one_full  column-top-margin\" style='border-radius:0px; '><section class=\"av_textblock_section \"  itemscope=\"itemscope\" itemtype=\"https:\/\/schema.org\/BlogPosting\" itemprop=\"blogPost\" ><div class='avia_textblock  '   itemprop=\"text\" ><p style=\"text-align: center;\"><strong><span style=\"font-size: 18pt;\">Primera semana con nuevo director regional: Rodrigo D\u00edaz Cordaro encabeza ahora el IPS Ays\u00e9n<\/span><\/strong><\/p>\n<div id=\"gtx-trans\" style=\"position: absolute; left: -50px; top: 4.31534px;\">\n<div class=\"gtx-trans-icon\"><\/div>\n<\/div>\n<\/div><\/section><\/div><div class=\"flex_column av_one_full  flex_column_div av-zero-column-padding first  avia-builder-el-4  el_after_av_one_full  el_before_av_hr  column-top-margin\" style='border-radius:0px; '><section class=\"av_textblock_section \"  itemscope=\"itemscope\" itemtype=\"https:\/\/schema.org\/BlogPosting\" itemprop=\"blogPost\" ><div class='avia_textblock  '   itemprop=\"text\" ><p style=\"text-align: justify;\"><em>El ex seremi del Trabajo y Previsi\u00f3n Social, asumi\u00f3 sus nuevas funciones este 01 de octubre.<\/em><\/p>\n<p style=\"text-align: justify;\">Con reuniones con el funcionariado y visitas en terreno, inici\u00f3 sus nuevas labores el reci\u00e9n asumido director regional del Instituto de Previsi\u00f3n Social \u2013 IPS Ays\u00e9n, Rodrigo D\u00edaz Cordaro.<\/p>\n<p style=\"text-align: justify;\">Tras conducir la cartera regional del Trabajo y Previsi\u00f3n Social, el martes 01 de octubre, D\u00edaz Cordaro se instal\u00f3 a la cabeza del equipo de IPS Ays\u00e9n.<\/p>\n<p style=\"text-align: justify;\">Ingeniero Comercial y Magister en Administraci\u00f3n de Empresas, su experiencia laboral se ha desarrollado tanto en el \u00e1mbito privado como p\u00fablico. En el per\u00edodo a cargo de la mencionada Serem\u00eda, pudo conocer de cerca la labor del IPS, a la que se refiere con admiraci\u00f3n.<\/p>\n<p style=\"text-align: justify;\">\u201cQuisiera transmitirles que llegar a esta Instituci\u00f3n es un tremendo desaf\u00edo, siempre fue para m\u00ed un servicio que observaba, y me encantaba la forma de trabajar y los est\u00e1ndares que tienen; por lo que me motiva y enorgullece poder trabajar con este gran equipo IPS de la Regi\u00f3n de Ays\u00e9n\u201d, expres\u00f3.<\/p>\n<p style=\"text-align: justify;\">Con m\u00e1s de dos d\u00e9cadas en la regi\u00f3n, Rodrigo D\u00edaz conoce las particularidades de este territorio y sus necesidades, por lo que hace hincapi\u00e9 en la importancia de reforzar las redes y continuar llegando con los servicios y beneficios del Estado a todos los rincones.<\/p>\n<p style=\"text-align: justify;\">\u201cMis expectativas son tener un liderazgo que nos permita acercarnos m\u00e1s a\u00fan a nuestros usuarios y usuarias, as\u00ed como a las personas mayores, y fortalecer a\u00fan m\u00e1s el trabajo con los municipios\u201d, enfatiz\u00f3 el nuevo director regional.<\/p>\n<p style=\"text-align: justify;\">En su primer d\u00eda conoci\u00f3 a la mayor parte del equipo de la regi\u00f3n; sostuvo reuniones con parte de \u00e9l y contacto telef\u00f3nico con las sucursales m\u00e1s distantes. En estos primeros d\u00edas se reuni\u00f3 tambi\u00e9n con las representantes regionales de la Asociaci\u00f3n de Funcionarios \u2013 Anatrinp y el Consejo Consultivo de la Sociedad Civil.<\/p>\n<\/div><\/section><\/div><div  style='height:50px' class='hr hr-invisible   avia-builder-el-6  el_after_av_one_full  el_before_av_social_share '><span class='hr-inner ' ><span class='hr-inner-style'><\/span><\/span><\/div><\/p>\n<div  class='av-social-sharing-box  avia-builder-el-7  el_after_av_hr  el_before_av_hr  '><div class='av-share-box'><h5 class='av-share-link-description av-no-toc '>Compartir esta noticia<\/h5><ul class='av-share-box-list noLightbox'><li class='av-share-link av-social-link-facebook' ><a target=\"_blank\" aria-label=\"Compartir en Facebook\" href='https:\/\/www.facebook.com\/sharer.php?u=https:\/\/radiorevelacionfm.cl\/?p=46785&#038;t=Primera%20semana%20con%20nuevo%20director%20regional%3A%20Rodrigo%20D%C3%ADaz%20Cordaro%20encabeza%20ahora%20el%20IPS%20Ays%C3%A9n' aria-hidden='false' data-av_icon='\ue8f3' data-av_iconfont='entypo-fontello' title='' data-avia-related-tooltip='Compartir en Facebook' rel=\"noopener\"><span class='avia_hidden_link_text'>Compartir en Facebook<\/span><\/a><\/li><li class='av-share-link av-social-link-twitter' ><a target=\"_blank\" aria-label=\"Compartir en Twitter\" href='https:\/\/twitter.com\/share?text=Primera%20semana%20con%20nuevo%20director%20regional%3A%20Rodrigo%20D%C3%ADaz%20Cordaro%20encabeza%20ahora%20el%20IPS%20Ays%C3%A9n&#038;url=https:\/\/radiorevelacionfm.cl\/?p=46785' aria-hidden='false' data-av_icon='\ue8f1' data-av_iconfont='entypo-fontello' title='' data-avia-related-tooltip='Compartir en Twitter' rel=\"noopener\"><span class='avia_hidden_link_text'>Compartir en Twitter<\/span><\/a><\/li><li class='av-share-link av-social-link-whatsapp' ><a target=\"_blank\" aria-label=\"Compartir en Whatsapp\" href='https:\/\/api.whatsapp.com\/send?text=https:\/\/radiorevelacionfm.cl\/?p=46785' aria-hidden='false' data-av_icon='\uf232' data-av_iconfont='entypo-fontello' title='' data-avia-related-tooltip='Compartir en Whatsapp' rel=\"noopener\"><span class='avia_hidden_link_text'>Compartir en Whatsapp<\/span><\/a><\/li><li class='av-share-link av-social-link-linkedin' ><a target=\"_blank\" aria-label=\"Compartir en LinkedIn\" href='https:\/\/linkedin.com\/shareArticle?mini=true&#038;title=Primera%20semana%20con%20nuevo%20director%20regional%3A%20Rodrigo%20D%C3%ADaz%20Cordaro%20encabeza%20ahora%20el%20IPS%20Ays%C3%A9n&#038;url=https:\/\/radiorevelacionfm.cl\/?p=46785' aria-hidden='false' data-av_icon='\ue8fc' data-av_iconfont='entypo-fontello' title='' data-avia-related-tooltip='Compartir en LinkedIn' rel=\"noopener\"><span class='avia_hidden_link_text'>Compartir en LinkedIn<\/span><\/a><\/li><li class='av-share-link av-social-link-mail' ><a  aria-label=\"Compartir por correo\" href='mailto:?subject=Primera%20semana%20con%20nuevo%20director%20regional%3A%20Rodrigo%20D%C3%ADaz%20Cordaro%20encabeza%20ahora%20el%20IPS%20Ays%C3%A9n&#038;body=https:\/\/radiorevelacionfm.cl\/?p=46785' aria-hidden='false' data-av_icon='\ue805' data-av_iconfont='entypo-fontello' title='' data-avia-related-tooltip='Compartir por correo'><span class='avia_hidden_link_text'>Compartir por correo<\/span><\/a><\/li><\/ul><\/div><\/div>\n<div  style='height:50px' class='hr hr-invisible   avia-builder-el-8  el_after_av_social_share  el_before_av_comments_list '><span class='hr-inner ' ><span class='hr-inner-style'><\/span><\/span><\/div>\n<div  class='av-buildercomment  av-blog-meta-html-info-disabled av-blog-meta-tag-disabled  '><\/div>\n","protected":false},"excerpt":{"rendered":"","protected":false},"author":1,"featured_media":46786,"comment_status":"open","ping_status":"open","sticky":false,"template":"","format":"standard","meta":{"footnotes":""},"categories":[38],"tags":[],"class_list":["post-46785","post","type-post","status-publish","format-standard","has-post-thumbnail","hentry","category-regional"],"jetpack_featured_media_url":"https:\/\/radiorevelacionfm.cl\/wp-content\/uploads\/2024\/10\/whatsapp-image-2024-10-02-at-15_optimized.34.05-1-2-2.jpeg","_links":{"self":[{"href":"https:\/\/radiorevelacionfm.cl\/index.php?rest_route=\/wp\/v2\/posts\/46785","targetHints":{"allow":["GET"]}}],"collection":[{"href":"https:\/\/radiorevelacionfm.cl\/index.php?rest_route=\/wp\/v2\/posts"}],"about":[{"href":"https:\/\/radiorevelacionfm.cl\/index.php?rest_route=\/wp\/v2\/types\/post"}],"author":[{"embeddable":true,"href":"https:\/\/radiorevelacionfm.cl\/index.php?rest_route=\/wp\/v2\/users\/1"}],"replies":[{"embeddable":true,"href":"https:\/\/radiorevelacionfm.cl\/index.php?rest_route=%2Fwp%2Fv2%2Fcomments&post=46785"}],"version-history":[{"count":1,"href":"https:\/\/radiorevelacionfm.cl\/index.php?rest_route=\/wp\/v2\/posts\/46785\/revisions"}],"predecessor-version":[{"id":46787,"href":"https:\/\/radiorevelacionfm.cl\/index.php?rest_route=\/wp\/v2\/posts\/46785\/revisions\/46787"}],"wp:featuredmedia":[{"embeddable":true,"href":"https:\/\/radiorevelacionfm.cl\/index.php?rest_route=\/wp\/v2\/media\/46786"}],"wp:attachment":[{"href":"https:\/\/radiorevelacionfm.cl\/index.php?rest_route=%2Fwp%2Fv2%2Fmedia&parent=46785"}],"wp:term":[{"taxonomy":"category","embeddable":true,"href":"https:\/\/radiorevelacionfm.cl\/index.php?rest_route=%2Fwp%2Fv2%2Fcategories&post=46785"},{"taxonomy":"post_tag","embeddable":true,"href":"https:\/\/radiorevelacionfm.cl\/index.php?rest_route=%2Fwp%2Fv2%2Ftags&post=46785"}],"curies":[{"name":"wp","href":"https:\/\/api.w.org\/{rel}","templated":true}]}}