{"id":46782,"date":"2024-10-06T16:12:02","date_gmt":"2024-10-06T19:12:02","guid":{"rendered":"https:\/\/radiorevelacionfm.cl\/?p=46782"},"modified":"2024-10-06T16:12:02","modified_gmt":"2024-10-06T19:12:02","slug":"este-8-y-9-de-octubre-2024-se-realizara-la-segunda-version-del-taller-para-servicios-sanitarios-rurales-en-la-region-de-aysen","status":"publish","type":"post","link":"https:\/\/radiorevelacionfm.cl\/?p=46782","title":{"rendered":"Este 8 y 9 de octubre 2024: Se realizar\u00e1 la segunda versi\u00f3n del Taller para Servicios Sanitarios Rurales en la regi\u00f3n de Ays\u00e9n"},"content":{"rendered":"<div class=\"flex_column av_one_full  flex_column_div av-zero-column-padding first  avia-builder-el-0  el_before_av_one_full  avia-builder-el-first  \" style='border-radius:0px; '><div  class='avia-image-container  av-styling-    avia-builder-el-1  avia-builder-el-no-sibling  avia-align-center '  itemprop=\"image\" itemscope=\"itemscope\" itemtype=\"https:\/\/schema.org\/ImageObject\"  ><div class='avia-image-container-inner'><div class='avia-image-overlay-wrap'><img decoding=\"async\" class='wp-image-46783 avia-img-lazy-loading-not-46783 avia_image' src=\"https:\/\/radiorevelacionfm.cl\/wp-content\/uploads\/2024\/10\/Taller.-1-2-2-2.jpg\" alt='' title='Taller. 1-2-2-2' height=\"600\" width=\"886\"  itemprop=\"thumbnailUrl\" srcset=\"https:\/\/radiorevelacionfm.cl\/wp-content\/uploads\/2024\/10\/Taller.-1-2-2-2.jpg 886w, https:\/\/radiorevelacionfm.cl\/wp-content\/uploads\/2024\/10\/Taller.-1-2-2-2-300x203.jpg 300w, https:\/\/radiorevelacionfm.cl\/wp-content\/uploads\/2024\/10\/Taller.-1-2-2-2-768x520.jpg 768w, https:\/\/radiorevelacionfm.cl\/wp-content\/uploads\/2024\/10\/Taller.-1-2-2-2-705x477.jpg 705w, https:\/\/radiorevelacionfm.cl\/wp-content\/uploads\/2024\/10\/Taller.-1-2-2-2-450x305.jpg 450w, https:\/\/radiorevelacionfm.cl\/wp-content\/uploads\/2024\/10\/Taller.-1-2-2-2-600x406.jpg 600w\" sizes=\"(max-width: 886px) 100vw, 886px\" \/><\/div><\/div><\/div><\/div><div class=\"flex_column av_one_full  flex_column_div av-zero-column-padding first  avia-builder-el-2  el_after_av_one_full  el_before_av_one_full  column-top-margin\" style='border-radius:0px; '><section class=\"av_textblock_section \"  itemscope=\"itemscope\" itemtype=\"https:\/\/schema.org\/BlogPosting\" itemprop=\"blogPost\" ><div class='avia_textblock  '   itemprop=\"text\" ><p style=\"text-align: center;\"><span style=\"font-size: 18pt;\"><strong>Este 8 y 9 de octubre 2024: Se realizar\u00e1 la segunda versi\u00f3n del Taller para Servicios Sanitarios Rurales en la regi\u00f3n de Ays\u00e9n<\/strong><\/span><\/p>\n<div id=\"gtx-trans\" style=\"position: absolute; left: -50px; top: 4.31534px;\">\n<div class=\"gtx-trans-icon\"><\/div>\n<\/div>\n<\/div><\/section><\/div><div class=\"flex_column av_one_full  flex_column_div av-zero-column-padding first  avia-builder-el-4  el_after_av_one_full  el_before_av_hr  column-top-margin\" style='border-radius:0px; '><section class=\"av_textblock_section \"  itemscope=\"itemscope\" itemtype=\"https:\/\/schema.org\/BlogPosting\" itemprop=\"blogPost\" ><div class='avia_textblock  '   itemprop=\"text\" ><p style=\"text-align: justify;\"><em>Una jornada de dos d\u00edas, que reunir\u00e1 tanto a dirigentes como a trabajadores de servicios sanitarios rurales; actividad que es organizada por el equipo regional de gesti\u00f3n comunitaria, perteneciente a la Subdirecci\u00f3n de Servicios Sanitarios Rurales de la Direcci\u00f3n de Obras Hidr\u00e1ulicas del Ministerio de Obras P\u00fablicas, en la regi\u00f3n de Ays\u00e9n.<\/em><\/p>\n<p style=\"text-align: justify;\">Una instancia formativa en la que participar\u00e1n encargados\/as de los diversos comit\u00e9s de agua potable rural de la regi\u00f3n de Ays\u00e9n, para conocer y fortalecer nuevas herramientas de gesti\u00f3n, adem\u00e1s de instruirse en las normativas vigentes de la Ley 20.998 que regula al sector.<\/p>\n<p style=\"text-align: justify;\">Temas como: fiscalizaci\u00f3n de la Seremi de Salud, la entrada en vigencia de Ley 21.643 \u201cLey Karin\u201d, factibilidades, la funci\u00f3n de la Superintendencia de Servicios Sanitarios, \u00a0tarifas el\u00e9ctricas, subsidios de agua potable, violencia de g\u00e9nero,\u00a0 entre otros, ser\u00e1n parte de los talleres que contar\u00e1 este encuentro, el que adem\u00e1s contar\u00e1 con profesionales de diversos servicios, entre ellos:\u00a0 Seremi de Desarrollo Social, Seremi de Salud, Direcci\u00f3n del Trabajo y Previsi\u00f3n Social, Universidad de Ays\u00e9n, Banco Estado y\u00a0 SernamEG.<\/p>\n<p style=\"text-align: justify;\">Un encuentro de fortalecimiento de competencias dirigido a los encargados\/as de los diversos comit\u00e9s desplegados a lo largo del territorio aisenino, que viene a reforzar tem\u00e1ticas como: contabilidad, administraci\u00f3n, asuntos t\u00e9cnicos operacionales y legislatura laboral y de g\u00e9nero, con el sentido de otorgar un apoyo integral a los encargados\/as, a fin de complementar la ejecuci\u00f3n de sus funciones en terreno.<\/p>\n<p style=\"text-align: justify;\">\u201cLa importancia que tienen nuestros dirigentes, administrativos y tambi\u00e9n operadores de de los Servicios Sanitarios Rurales, es sumamente relevante para el quehacer del mundo rural como para el Ministerio de Obras P\u00fablicas, porque entendemos que son ellos los encargados de llevar el agua a aquellos lugares que no est\u00e1n urbanizados y porque adem\u00e1s a trav\u00e9s de los Servicios Sanitarios Rurales, generamos crecimiento, mejor calidad de vida y tambi\u00e9n seguridad h\u00eddrica para todas aquellas familias que cuentan con esta infraestructura de agua potable rural\u201d, <em>Paloma Jara Vald\u00e9s, Seremi de Obras P\u00fablicas de la regi\u00f3n de Ays\u00e9n.<\/em><\/p>\n<p style=\"text-align: justify;\">De esta manera, esta segunda versi\u00f3n del taller, enfocado a dirigentes c\u00f3mo a trabajadores de servicios sanitarios rurales, es sin duda un gran \u00a0impulso para poder seguir fortaleciendo sus competencias, pero tambi\u00e9n el v\u00ednculo con sus comunidades. As\u00ed lo recalc\u00f3 la Seremi de Obras P\u00fablica, sra. Paloma Jara Vald\u00e9s: \u201c Como en cada encuentro que realizamos con los comit\u00e9s de Servicios Sanitarios Rurales, lo que se busca es generar instancias de colaboraci\u00f3n con respecto\u00a0 a nuestros sistemas, interiorizarlos \u00a0adem\u00e1s en la normativa que los rige y darles herramientas para mejorar su gesti\u00f3n. En este caso vamos a reforzar el trabajo sobre Ley Karin, para que ellos puedan mantener ciertas certezas de c\u00f3mo abordar estas tem\u00e1ticas con sus trabajadores en los servicios sanitarios rurales\u201d, indic\u00f3.<\/p>\n<p style=\"text-align: justify;\">Cabe destacar que el acceso al agua potable, es parte de los compromisos del Gobierno y el Ministerio de Obras P\u00fablicas, considerado en la Agenda 2030, que pone \u00e9nfasis en el cambio clim\u00e1tico y la eficiencia de un recurso tan vital para los ciudadanos y ciudadanas.<\/p>\n<p style=\"text-align: justify;\">Por su parte, <em>Patricio Caimapo, Presidente APR, Puerto Guadal, coment\u00f3: <\/em>\u00a0\u201cMe parece muy bien que exista una segunda instancia de formaci\u00f3n. Yo al menos nunca he faltado a las capacitaciones, porque son temas muy relevantes que tenemos que conocer y estar al tanto. Adem\u00e1s, \u00e9stas instancias nos sirven para conversar con otros encargados de otros comit\u00e9s y dialogar sobre nuestras inquietudes\u201d. As\u00ed tambi\u00e9n, <em>Eliana Valenzuela, Presidenta APR, Villa La Tapera, comenta:<\/em><strong><em> \u201c<\/em><\/strong>\u201cMe parece que son muy buenos estos encuentros, porque uno tiene la posibilidad de hacer consultas y solucionar dudas. As\u00ed tambi\u00e9n, es bueno poder conversar con otros encargados y ver c\u00f3mo funcionan en otras localidades, tanto en temas t\u00e9cnicos como administrativos. Desde Tapera todos lo d\u00edas tratamos de mejorar nuestra gesti\u00f3n y hemos logrado hacer un\u00a0 muy buen equipo con el operador. Agradecemos igual el apoyo del equipo supervisor que siempre nos est\u00e1 asesorando para hacer cada d\u00eda mejor nuestro trabajo\u201d.<\/p>\n<p style=\"text-align: justify;\">Finalmente, cabe destacar que, el Ministerio de Obras P\u00fablicas, incorpora en su agenda futura, un plan de recursos h\u00eddricos, de tal manera que el rol que cumplen cada uno de los dirigentes y encargados\/as de comit\u00e9s, es clave en la vinculaci\u00f3n con la comunidad, permitiendo no solo acercar y favorecer la condiciones para el buen uso del recurso, sino tambi\u00e9n promover \u00a0la conciencia respecto del uso de \u00e9ste.<\/p>\n<p style=\"text-align: justify;\"><strong>\u00bfCu\u00e1l es el rol del Comit\u00e9 de Servicio Sanitario Rural? (Antiguamente conocido como APR)<\/strong><\/p>\n<p style=\"text-align: justify;\">Se trata de una organizaci\u00f3n comunitaria funcional. Los dirigentes son electos cada tres a\u00f1os y escogidos por sus socios, cumpliendo en su periodo no s\u00f3lo las labores una organizaci\u00f3n, sino que tienen la labor de administrar el servicio sanitario rural a su cargo, tanto en el \u00e1rea contable c\u00f3mo operacional, lo que requiere idealmente contratar personal administrativo y operadores para el funcionamiento del sistema, a\u00fan existiendo casos en que son los mismos dirigentes quienes muchas veces se hacen cargo de tomar lecturas de medidores, realizan cobros y apoyan en emergencias de tipo t\u00e9cnicas-operacionales del servicio, acci\u00f3n que es apoyada por el equipo regional de la Subdirecci\u00f3n de Servicios Sanitarios Rurales.<\/p>\n<p style=\"text-align: justify;\">De esta manera, la labor tanto de los dirigentes\/as y los trabajadores\/as es muy valiosa, puesto que con su servicio, dedicaci\u00f3n y trabajo, garantizan el acceso al agua potable en los diversos territorios rurales de la regi\u00f3n de Ays\u00e9n.<\/p>\n<\/div><\/section><\/div><div  style='height:50px' class='hr hr-invisible   avia-builder-el-6  el_after_av_one_full  el_before_av_social_share '><span class='hr-inner ' ><span class='hr-inner-style'><\/span><\/span><\/div><\/p>\n<div  class='av-social-sharing-box  avia-builder-el-7  el_after_av_hr  el_before_av_hr  '><div class='av-share-box'><h5 class='av-share-link-description av-no-toc '>Compartir esta noticia<\/h5><ul class='av-share-box-list noLightbox'><li class='av-share-link av-social-link-facebook' ><a target=\"_blank\" aria-label=\"Compartir en Facebook\" href='https:\/\/www.facebook.com\/sharer.php?u=https:\/\/radiorevelacionfm.cl\/?p=46782&#038;t=Este%208%20y%209%20de%20octubre%202024%3A%20Se%20realizar%C3%A1%20la%20segunda%20versi%C3%B3n%20del%20Taller%20para%20Servicios%20Sanitarios%20Rurales%20en%20la%20regi%C3%B3n%20de%20Ays%C3%A9n' aria-hidden='false' data-av_icon='\ue8f3' data-av_iconfont='entypo-fontello' title='' data-avia-related-tooltip='Compartir en Facebook' rel=\"noopener\"><span class='avia_hidden_link_text'>Compartir en Facebook<\/span><\/a><\/li><li class='av-share-link av-social-link-twitter' ><a target=\"_blank\" aria-label=\"Compartir en Twitter\" href='https:\/\/twitter.com\/share?text=Este%208%20y%209%20de%20octubre%202024%3A%20Se%20realizar%C3%A1%20la%20segunda%20versi%C3%B3n%20del%20Taller%20para%20Servicios%20Sanitarios%20Rurales%20en%20la%20regi%C3%B3n%20de%20Ays%C3%A9n&#038;url=https:\/\/radiorevelacionfm.cl\/?p=46782' aria-hidden='false' data-av_icon='\ue8f1' data-av_iconfont='entypo-fontello' title='' data-avia-related-tooltip='Compartir en Twitter' rel=\"noopener\"><span class='avia_hidden_link_text'>Compartir en Twitter<\/span><\/a><\/li><li class='av-share-link av-social-link-whatsapp' ><a target=\"_blank\" aria-label=\"Compartir en Whatsapp\" href='https:\/\/api.whatsapp.com\/send?text=https:\/\/radiorevelacionfm.cl\/?p=46782' aria-hidden='false' data-av_icon='\uf232' data-av_iconfont='entypo-fontello' title='' data-avia-related-tooltip='Compartir en Whatsapp' rel=\"noopener\"><span class='avia_hidden_link_text'>Compartir en Whatsapp<\/span><\/a><\/li><li class='av-share-link av-social-link-linkedin' ><a target=\"_blank\" aria-label=\"Compartir en LinkedIn\" href='https:\/\/linkedin.com\/shareArticle?mini=true&#038;title=Este%208%20y%209%20de%20octubre%202024%3A%20Se%20realizar%C3%A1%20la%20segunda%20versi%C3%B3n%20del%20Taller%20para%20Servicios%20Sanitarios%20Rurales%20en%20la%20regi%C3%B3n%20de%20Ays%C3%A9n&#038;url=https:\/\/radiorevelacionfm.cl\/?p=46782' aria-hidden='false' data-av_icon='\ue8fc' data-av_iconfont='entypo-fontello' title='' data-avia-related-tooltip='Compartir en LinkedIn' rel=\"noopener\"><span class='avia_hidden_link_text'>Compartir en LinkedIn<\/span><\/a><\/li><li class='av-share-link av-social-link-mail' ><a  aria-label=\"Compartir por correo\" href='mailto:?subject=Este%208%20y%209%20de%20octubre%202024%3A%20Se%20realizar%C3%A1%20la%20segunda%20versi%C3%B3n%20del%20Taller%20para%20Servicios%20Sanitarios%20Rurales%20en%20la%20regi%C3%B3n%20de%20Ays%C3%A9n&#038;body=https:\/\/radiorevelacionfm.cl\/?p=46782' aria-hidden='false' data-av_icon='\ue805' data-av_iconfont='entypo-fontello' title='' data-avia-related-tooltip='Compartir por correo'><span class='avia_hidden_link_text'>Compartir por correo<\/span><\/a><\/li><\/ul><\/div><\/div>\n<div  style='height:50px' class='hr hr-invisible   avia-builder-el-8  el_after_av_social_share  el_before_av_comments_list '><span class='hr-inner ' ><span class='hr-inner-style'><\/span><\/span><\/div>\n<div  class='av-buildercomment  av-blog-meta-html-info-disabled av-blog-meta-tag-disabled  '><\/div>\n","protected":false},"excerpt":{"rendered":"","protected":false},"author":1,"featured_media":46783,"comment_status":"open","ping_status":"open","sticky":false,"template":"","format":"standard","meta":{"footnotes":""},"categories":[38],"tags":[],"class_list":["post-46782","post","type-post","status-publish","format-standard","has-post-thumbnail","hentry","category-regional"],"jetpack_featured_media_url":"https:\/\/radiorevelacionfm.cl\/wp-content\/uploads\/2024\/10\/Taller.-1-2-2-2.jpg","_links":{"self":[{"href":"https:\/\/radiorevelacionfm.cl\/index.php?rest_route=\/wp\/v2\/posts\/46782","targetHints":{"allow":["GET"]}}],"collection":[{"href":"https:\/\/radiorevelacionfm.cl\/index.php?rest_route=\/wp\/v2\/posts"}],"about":[{"href":"https:\/\/radiorevelacionfm.cl\/index.php?rest_route=\/wp\/v2\/types\/post"}],"author":[{"embeddable":true,"href":"https:\/\/radiorevelacionfm.cl\/index.php?rest_route=\/wp\/v2\/users\/1"}],"replies":[{"embeddable":true,"href":"https:\/\/radiorevelacionfm.cl\/index.php?rest_route=%2Fwp%2Fv2%2Fcomments&post=46782"}],"version-history":[{"count":1,"href":"https:\/\/radiorevelacionfm.cl\/index.php?rest_route=\/wp\/v2\/posts\/46782\/revisions"}],"predecessor-version":[{"id":46784,"href":"https:\/\/radiorevelacionfm.cl\/index.php?rest_route=\/wp\/v2\/posts\/46782\/revisions\/46784"}],"wp:featuredmedia":[{"embeddable":true,"href":"https:\/\/radiorevelacionfm.cl\/index.php?rest_route=\/wp\/v2\/media\/46783"}],"wp:attachment":[{"href":"https:\/\/radiorevelacionfm.cl\/index.php?rest_route=%2Fwp%2Fv2%2Fmedia&parent=46782"}],"wp:term":[{"taxonomy":"category","embeddable":true,"href":"https:\/\/radiorevelacionfm.cl\/index.php?rest_route=%2Fwp%2Fv2%2Fcategories&post=46782"},{"taxonomy":"post_tag","embeddable":true,"href":"https:\/\/radiorevelacionfm.cl\/index.php?rest_route=%2Fwp%2Fv2%2Ftags&post=46782"}],"curies":[{"name":"wp","href":"https:\/\/api.w.org\/{rel}","templated":true}]}}