{"id":46779,"date":"2024-10-06T15:56:20","date_gmt":"2024-10-06T18:56:20","guid":{"rendered":"https:\/\/radiorevelacionfm.cl\/?p=46779"},"modified":"2024-10-06T15:56:20","modified_gmt":"2024-10-06T18:56:20","slug":"en-coyhaique-realizan-campana-de-difusion-y-sensibilizacion-sobre-el-delito-de-trata-de-personas","status":"publish","type":"post","link":"https:\/\/radiorevelacionfm.cl\/?p=46779","title":{"rendered":"En Coyhaique: Realizan campa\u00f1a de difusi\u00f3n y sensibilizaci\u00f3n sobre el delito de Trata de Personas"},"content":{"rendered":"<div class=\"flex_column av_one_full  flex_column_div av-zero-column-padding first  avia-builder-el-0  el_before_av_one_full  avia-builder-el-first  \" style='border-radius:0px; '><div  class='avia-image-container  av-styling-    avia-builder-el-1  avia-builder-el-no-sibling  avia-align-center '  itemprop=\"image\" itemscope=\"itemscope\" itemtype=\"https:\/\/schema.org\/ImageObject\"  ><div class='avia-image-container-inner'><div class='avia-image-overlay-wrap'><img decoding=\"async\" class='wp-image-46780 avia-img-lazy-loading-not-46780 avia_image' src=\"https:\/\/radiorevelacionfm.cl\/wp-content\/uploads\/2024\/10\/trata-2-2-2_optimized-2.jpg\" alt='' title='trata-2-2-2_optimized-2' height=\"600\" width=\"950\"  itemprop=\"thumbnailUrl\" srcset=\"https:\/\/radiorevelacionfm.cl\/wp-content\/uploads\/2024\/10\/trata-2-2-2_optimized-2.jpg 950w, https:\/\/radiorevelacionfm.cl\/wp-content\/uploads\/2024\/10\/trata-2-2-2_optimized-2-300x189.jpg 300w, https:\/\/radiorevelacionfm.cl\/wp-content\/uploads\/2024\/10\/trata-2-2-2_optimized-2-768x485.jpg 768w, https:\/\/radiorevelacionfm.cl\/wp-content\/uploads\/2024\/10\/trata-2-2-2_optimized-2-705x445.jpg 705w, https:\/\/radiorevelacionfm.cl\/wp-content\/uploads\/2024\/10\/trata-2-2-2_optimized-2-450x284.jpg 450w, https:\/\/radiorevelacionfm.cl\/wp-content\/uploads\/2024\/10\/trata-2-2-2_optimized-2-600x379.jpg 600w\" sizes=\"(max-width: 950px) 100vw, 950px\" \/><\/div><\/div><\/div><\/div><div class=\"flex_column av_one_full  flex_column_div av-zero-column-padding first  avia-builder-el-2  el_after_av_one_full  el_before_av_one_full  column-top-margin\" style='border-radius:0px; '><section class=\"av_textblock_section \"  itemscope=\"itemscope\" itemtype=\"https:\/\/schema.org\/BlogPosting\" itemprop=\"blogPost\" ><div class='avia_textblock  '   itemprop=\"text\" ><p style=\"text-align: center;\"><span style=\"font-size: 18pt;\"><strong><em>En Coyhaique:\u00a0<\/em><\/strong><strong>Realizan campa\u00f1a de difusi\u00f3n y sensibilizaci\u00f3n sobre el delito de Trata de Personas<\/strong><\/span><\/p>\n<div id=\"gtx-trans\" style=\"position: absolute; left: -50px; top: 4.31534px;\">\n<div class=\"gtx-trans-icon\"><\/div>\n<\/div>\n<\/div><\/section><\/div><div class=\"flex_column av_one_full  flex_column_div av-zero-column-padding first  avia-builder-el-4  el_after_av_one_full  el_before_av_hr  column-top-margin\" style='border-radius:0px; '><section class=\"av_textblock_section \"  itemscope=\"itemscope\" itemtype=\"https:\/\/schema.org\/BlogPosting\" itemprop=\"blogPost\" ><div class='avia_textblock  '   itemprop=\"text\" ><p style=\"text-align: justify;\">El pasado viernes en inmediaciones del paseo Horn se llev\u00f3 a cabo una campa\u00f1a de difusi\u00f3n y sensibilizaci\u00f3n en torno al delito de Trata de Personas, actividad encabezada por la Secretar\u00eda Regional Ministerial de Justicia y Derechos Humanos y que cont\u00f3 con la presencia de los servicios que participan en la Mesa contra la Trata de Personas a nivel regional.<\/p>\n<p style=\"text-align: justify;\">En la oportunidad, el seremi de Justicia y Derechos Humanos, Samuel Navarro Castro explic\u00f3 que \u201ccon un conjunto de autoridades e instituciones que participan de la Mesa de Trata de Personas concurrimos a hacer esta actividad de promoci\u00f3n y difusi\u00f3n del delito de Trata de Personas, tuvimos una muy buena recepci\u00f3n del p\u00fablico donde pudimos entregar distinta informaci\u00f3n, en qu\u00e9 consiste el delito, cu\u00e1les son sus caracter\u00edsticas, cu\u00e1les son aquellos fonos para poder hacer denuncia u orientaciones en esta materia, y tambi\u00e9n promover el fono *4242 de denuncia seguro, donde no solamente se puede denunciar en relaci\u00f3n al delito de Trata de Personas, sino que tambi\u00e9n respecto a otros delitos, hacer denuncias an\u00f3nimas por parte de la comunidad, as\u00ed tambi\u00e9n nos tiene muy contentos la alta participaci\u00f3n y convocatoria de los integrantes de la Mesa de Trata de Personas, y esperamos seguir promoviendo todas estas actividades de prevenci\u00f3n y promoci\u00f3n y tambi\u00e9n de fiscalizaci\u00f3n para que este tipo de delitos no est\u00e9 presente en nuestro territorio, y hacer esta difusi\u00f3n con la comunidad nos permite contar con el apoyo de ellos en el caso que vean actitudes sospechosas para una pronta investigaci\u00f3n, sanci\u00f3n y erradicaci\u00f3n de este delito\u201d.<\/p>\n<p style=\"text-align: justify;\">Finalmente, mencionar que la actividad cont\u00f3 con la participaci\u00f3n de diversas organizaciones y entidades locales, que se unieron para concienciar sobre la trata de personas y promover acciones concretas para su prevenci\u00f3n, entre ellas Seremi del Trabajo y Previsi\u00f3n Social, INDH, Ministerio de Desarrollo Social y Familia, Servicio Nacional de Protecci\u00f3n Especializada a la Ni\u00f1ez y Adolescencia, Defensor\u00eda de la Ni\u00f1ez, Carabineros, Delegaci\u00f3n Presidencial Regional, Subsecretar\u00eda de Prevenci\u00f3n del Delito, Seremi de la Mujer y Equidad de G\u00e9nero, Programa Mi Abogado dependiente de la Corporaci\u00f3n de Asistencia Judicial.<\/p>\n<\/div><\/section><\/div><div  style='height:50px' class='hr hr-invisible   avia-builder-el-6  el_after_av_one_full  el_before_av_social_share '><span class='hr-inner ' ><span class='hr-inner-style'><\/span><\/span><\/div><\/p>\n<div  class='av-social-sharing-box  avia-builder-el-7  el_after_av_hr  el_before_av_hr  '><div class='av-share-box'><h5 class='av-share-link-description av-no-toc '>Compartir esta noticia<\/h5><ul class='av-share-box-list noLightbox'><li class='av-share-link av-social-link-facebook' ><a target=\"_blank\" aria-label=\"Compartir en Facebook\" href='https:\/\/www.facebook.com\/sharer.php?u=https:\/\/radiorevelacionfm.cl\/?p=46779&#038;t=En%20Coyhaique%3A%20Realizan%20campa%C3%B1a%20de%20difusi%C3%B3n%20y%20sensibilizaci%C3%B3n%20sobre%20el%20delito%20de%20Trata%20de%20Personas' aria-hidden='false' data-av_icon='\ue8f3' data-av_iconfont='entypo-fontello' title='' data-avia-related-tooltip='Compartir en Facebook' rel=\"noopener\"><span class='avia_hidden_link_text'>Compartir en Facebook<\/span><\/a><\/li><li class='av-share-link av-social-link-twitter' ><a target=\"_blank\" aria-label=\"Compartir en Twitter\" href='https:\/\/twitter.com\/share?text=En%20Coyhaique%3A%20Realizan%20campa%C3%B1a%20de%20difusi%C3%B3n%20y%20sensibilizaci%C3%B3n%20sobre%20el%20delito%20de%20Trata%20de%20Personas&#038;url=https:\/\/radiorevelacionfm.cl\/?p=46779' aria-hidden='false' data-av_icon='\ue8f1' data-av_iconfont='entypo-fontello' title='' data-avia-related-tooltip='Compartir en Twitter' rel=\"noopener\"><span class='avia_hidden_link_text'>Compartir en Twitter<\/span><\/a><\/li><li class='av-share-link av-social-link-whatsapp' ><a target=\"_blank\" aria-label=\"Compartir en Whatsapp\" href='https:\/\/api.whatsapp.com\/send?text=https:\/\/radiorevelacionfm.cl\/?p=46779' aria-hidden='false' data-av_icon='\uf232' data-av_iconfont='entypo-fontello' title='' data-avia-related-tooltip='Compartir en Whatsapp' rel=\"noopener\"><span class='avia_hidden_link_text'>Compartir en Whatsapp<\/span><\/a><\/li><li class='av-share-link av-social-link-linkedin' ><a target=\"_blank\" aria-label=\"Compartir en LinkedIn\" href='https:\/\/linkedin.com\/shareArticle?mini=true&#038;title=En%20Coyhaique%3A%20Realizan%20campa%C3%B1a%20de%20difusi%C3%B3n%20y%20sensibilizaci%C3%B3n%20sobre%20el%20delito%20de%20Trata%20de%20Personas&#038;url=https:\/\/radiorevelacionfm.cl\/?p=46779' aria-hidden='false' data-av_icon='\ue8fc' data-av_iconfont='entypo-fontello' title='' data-avia-related-tooltip='Compartir en LinkedIn' rel=\"noopener\"><span class='avia_hidden_link_text'>Compartir en LinkedIn<\/span><\/a><\/li><li class='av-share-link av-social-link-mail' ><a  aria-label=\"Compartir por correo\" href='mailto:?subject=En%20Coyhaique%3A%20Realizan%20campa%C3%B1a%20de%20difusi%C3%B3n%20y%20sensibilizaci%C3%B3n%20sobre%20el%20delito%20de%20Trata%20de%20Personas&#038;body=https:\/\/radiorevelacionfm.cl\/?p=46779' aria-hidden='false' data-av_icon='\ue805' data-av_iconfont='entypo-fontello' title='' data-avia-related-tooltip='Compartir por correo'><span class='avia_hidden_link_text'>Compartir por correo<\/span><\/a><\/li><\/ul><\/div><\/div>\n<div  style='height:50px' class='hr hr-invisible   avia-builder-el-8  el_after_av_social_share  el_before_av_comments_list '><span class='hr-inner ' ><span class='hr-inner-style'><\/span><\/span><\/div>\n<div  class='av-buildercomment  av-blog-meta-html-info-disabled av-blog-meta-tag-disabled  '><\/div>\n","protected":false},"excerpt":{"rendered":"","protected":false},"author":1,"featured_media":46780,"comment_status":"open","ping_status":"open","sticky":false,"template":"","format":"standard","meta":{"footnotes":""},"categories":[55],"tags":[],"class_list":["post-46779","post","type-post","status-publish","format-standard","has-post-thumbnail","hentry","category-justicia"],"jetpack_featured_media_url":"https:\/\/radiorevelacionfm.cl\/wp-content\/uploads\/2024\/10\/trata-2-2-2_optimized-2.jpg","_links":{"self":[{"href":"https:\/\/radiorevelacionfm.cl\/index.php?rest_route=\/wp\/v2\/posts\/46779","targetHints":{"allow":["GET"]}}],"collection":[{"href":"https:\/\/radiorevelacionfm.cl\/index.php?rest_route=\/wp\/v2\/posts"}],"about":[{"href":"https:\/\/radiorevelacionfm.cl\/index.php?rest_route=\/wp\/v2\/types\/post"}],"author":[{"embeddable":true,"href":"https:\/\/radiorevelacionfm.cl\/index.php?rest_route=\/wp\/v2\/users\/1"}],"replies":[{"embeddable":true,"href":"https:\/\/radiorevelacionfm.cl\/index.php?rest_route=%2Fwp%2Fv2%2Fcomments&post=46779"}],"version-history":[{"count":1,"href":"https:\/\/radiorevelacionfm.cl\/index.php?rest_route=\/wp\/v2\/posts\/46779\/revisions"}],"predecessor-version":[{"id":46781,"href":"https:\/\/radiorevelacionfm.cl\/index.php?rest_route=\/wp\/v2\/posts\/46779\/revisions\/46781"}],"wp:featuredmedia":[{"embeddable":true,"href":"https:\/\/radiorevelacionfm.cl\/index.php?rest_route=\/wp\/v2\/media\/46780"}],"wp:attachment":[{"href":"https:\/\/radiorevelacionfm.cl\/index.php?rest_route=%2Fwp%2Fv2%2Fmedia&parent=46779"}],"wp:term":[{"taxonomy":"category","embeddable":true,"href":"https:\/\/radiorevelacionfm.cl\/index.php?rest_route=%2Fwp%2Fv2%2Fcategories&post=46779"},{"taxonomy":"post_tag","embeddable":true,"href":"https:\/\/radiorevelacionfm.cl\/index.php?rest_route=%2Fwp%2Fv2%2Ftags&post=46779"}],"curies":[{"name":"wp","href":"https:\/\/api.w.org\/{rel}","templated":true}]}}