{"id":46776,"date":"2024-10-14T09:47:43","date_gmt":"2024-10-14T12:47:43","guid":{"rendered":"https:\/\/radiorevelacionfm.cl\/?p=46776"},"modified":"2024-10-14T09:47:43","modified_gmt":"2024-10-14T12:47:43","slug":"diez-anos-de-esperanza-el-renacer-del-nandu-en-la-patagonia","status":"publish","type":"post","link":"https:\/\/radiorevelacionfm.cl\/?p=46776","title":{"rendered":"Diez a\u00f1os de esperanza: El renacer del \u00d1and\u00fa en la Patagonia"},"content":{"rendered":"<div class=\"flex_column av_one_full  flex_column_div av-zero-column-padding first  avia-builder-el-0  el_before_av_one_full  avia-builder-el-first  \" style='border-radius:0px; '><div  class='avia-image-container  av-styling-    avia-builder-el-1  avia-builder-el-no-sibling  avia-align-center '  itemprop=\"image\" itemscope=\"itemscope\" itemtype=\"https:\/\/schema.org\/ImageObject\"  ><div class='avia-image-container-inner'><div class='avia-image-overlay-wrap'><img decoding=\"async\" class='wp-image-46777 avia-img-lazy-loading-not-46777 avia_image' src=\"https:\/\/radiorevelacionfm.cl\/wp-content\/uploads\/2024\/10\/20241005_121826-2_optimized.jpg\" alt='' title='20241005_121826-2_optimized' height=\"600\" width=\"1031\"  itemprop=\"thumbnailUrl\" srcset=\"https:\/\/radiorevelacionfm.cl\/wp-content\/uploads\/2024\/10\/20241005_121826-2_optimized.jpg 1031w, https:\/\/radiorevelacionfm.cl\/wp-content\/uploads\/2024\/10\/20241005_121826-2_optimized-300x175.jpg 300w, https:\/\/radiorevelacionfm.cl\/wp-content\/uploads\/2024\/10\/20241005_121826-2_optimized-768x447.jpg 768w, https:\/\/radiorevelacionfm.cl\/wp-content\/uploads\/2024\/10\/20241005_121826-2_optimized-705x410.jpg 705w, https:\/\/radiorevelacionfm.cl\/wp-content\/uploads\/2024\/10\/20241005_121826-2_optimized-450x262.jpg 450w, https:\/\/radiorevelacionfm.cl\/wp-content\/uploads\/2024\/10\/20241005_121826-2_optimized-600x349.jpg 600w\" sizes=\"(max-width: 1031px) 100vw, 1031px\" \/><\/div><\/div><\/div><\/div><div class=\"flex_column av_one_full  flex_column_div av-zero-column-padding first  avia-builder-el-2  el_after_av_one_full  el_before_av_one_full  column-top-margin\" style='border-radius:0px; '><section class=\"av_textblock_section \"  itemscope=\"itemscope\" itemtype=\"https:\/\/schema.org\/BlogPosting\" itemprop=\"blogPost\" ><div class='avia_textblock  '   itemprop=\"text\" ><p style=\"text-align: center;\"><strong><span style=\"font-size: 18pt;\">Diez a\u00f1os de esperanza: El renacer del \u00d1and\u00fa en la Patagonia<\/span><\/strong><\/p>\n<div id=\"gtx-trans\" style=\"position: absolute; left: -50px; top: 4.31534px;\">\n<div class=\"gtx-trans-icon\"><\/div>\n<\/div>\n<\/div><\/section><\/div><div class=\"flex_column av_one_full  flex_column_div av-zero-column-padding first  avia-builder-el-4  el_after_av_one_full  el_before_av_hr  column-top-margin\" style='border-radius:0px; '><section class=\"av_textblock_section \"  itemscope=\"itemscope\" itemtype=\"https:\/\/schema.org\/BlogPosting\" itemprop=\"blogPost\" ><div class='avia_textblock  '   itemprop=\"text\" ><p style=\"text-align: justify;\">En la regi\u00f3n de Ays\u00e9n el \u00f1and\u00fa se encuentra presente solo en dos sectores: \u00d1irehuao, 100 km al norte de Coyhaique, y en el Valle Chacabuco que hoy forma parte del Parque Nacional Patagonia. En este valle se desarroll\u00f3 una ganader\u00eda ovina extensiva hasta el 2008, haciendo que una poblaci\u00f3n de unos 20 \u00f1and\u00faes hayan estado aislados por m\u00e1s de un siglo por la barrera que representan los cercos ganaderos y por ello expuestos a un alto riesgo de extinci\u00f3n.<\/p>\n<p style=\"text-align: justify;\">Para revertir esta tendencia, en 2014 iniciamos un programa de Conservaci\u00f3n y Recuperaci\u00f3n del \u00d1and\u00fa, estableciendo una primera guarder\u00eda, Puesto \u00d1and\u00fa, para otorgar protecci\u00f3n a esta especie y realizar acciones de monitoreo orientadas a identificar las amenazas, predadores naturales y mejorar el conocimiento de la poblaci\u00f3n del \u00e1rea. Hacia fines de ese mismo a\u00f1o, durante un patrullaje realizado por Carabineros del ret\u00e9n fronterizo Entrada Baker se rescataron dos charitos (polluelos de los \u00f1and\u00faes) hu\u00e9rfanos, que se convirtieron en los primeros integrantes del Centro de Reproducci\u00f3n de \u00d1and\u00fa, que inici\u00f3 su funcionamiento de acuerdo a las disposiciones de la Ley de Caza.<\/p>\n<p style=\"text-align: justify;\">Este centro es el primero en su tipo en Ays\u00e9n y entre sus principales objetivos est\u00e1n: evitar la extinci\u00f3n local y aumentar la distribuci\u00f3n del \u00f1and\u00fa como especie en peligro en el Parque Nacional Patagonia; desarrollar un monitoreo sistem\u00e1tico de la poblaci\u00f3n silvestre de \u00f1and\u00faes, a trav\u00e9s de la realizaci\u00f3n de censos y el registro de individuos, indicadores reproductivos (nidos y nidadas) y un seguimiento de la tendencia poblacional, vinculando la conservaci\u00f3n in-situ en el medio silvestre con t\u00e9cnicas de manejo en cautiverio y liberaciones para el fortalecimiento de la poblaci\u00f3n de \u00f1and\u00faes entre otros.<\/p>\n<p style=\"text-align: justify;\">El centro de reproducci\u00f3n cuenta con dos guarder\u00edas y un equipo de guardafaunas especializados, adem\u00e1s de voluntarios y practicantes. Adem\u00e1s, se han instalado 15 c\u00e1maras trampas y se han marcado seis \u00f1and\u00faes con radio collar.<\/p>\n<p style=\"text-align: justify;\">En marzo del 2015 se sumaron diez charitos al centro de reproducci\u00f3n, provenientes de un criadero comercial con base gen\u00e9tica magall\u00e1nica, los cuales fueron trasladados en avioneta, en un operativo sin precedentes. Con este n\u00facleo fundador se estableci\u00f3 la poblaci\u00f3n inicial del centro. Adicionalmente, hacia fines del 2015, cuatro charitos hu\u00e9rfanos del medio silvestre local fueron rescatados nuevamente por Carabineros, los que fueron incorporados a esta iniciativa.<\/p>\n<p style=\"text-align: justify;\">Para los per\u00edodos reproductivos de 2017-2018-2019 se trasladaron huevos obtenidos de nidos del medio silvestre desde la Estancia Ba\u00f1o Nuevo (\u00d1irehuao) para enriquecer la gen\u00e9tica de individuos a ser liberados desde el centro de reproducci\u00f3n. Estos huevos se recolectan en el mes de octubre y luego son puestos en incubadora en Coyhaique. Posteriormente, durante el verano se hace el traslado de los charitos nacidos hasta el parque, donde son mantenidos en corrales y adoptados por los machos adultos que son los que cr\u00edan a los charitos. Una vez que alcanzan su desarrollo \u00f3ptimo, en oto\u00f1o se realiza su liberaci\u00f3n.<\/p>\n<p style=\"text-align: justify;\">Tambi\u00e9n, en colaboraci\u00f3n con el Centro de Reproducci\u00f3n de la Reserva Quim\u00e1n el a\u00f1o 2021 se trasladaron diez charitos desde Futrono, Regi\u00f3n de los R\u00edos, al parque por v\u00eda a\u00e9rea, a fin de ser incorporados a los grupos de \u00f1and\u00faes a ser liberados al medio silvestre, reforzando la recuperaci\u00f3n del \u00f1and\u00fa en las estepas del P.N. Patagonia.<\/p>\n<p style=\"text-align: justify;\">Un aspecto relevante observado en los dos \u00faltimos a\u00f1os, ha sido los registros recurrentes de individuos silvestres de \u00f1and\u00fa en sectores donde antes no se observaban, lo que se debe al retiro de alambrados y cercos ganaderos iniciado en los a\u00f1os 2014-2015.<\/p>\n<p style=\"text-align: justify;\">A consecuencia de las liberaciones realizadas (64 ejemplares a Mayo de 2021) y las acciones de protecci\u00f3n, la poblaci\u00f3n de \u00f1and\u00faes se ha incrementado en m\u00e1s de tres veces su n\u00famero y en m\u00e1s de 30% el \u00e1rea inicial de su distribuci\u00f3n al interior del Parque Nacional. Tambi\u00e9n se ha logrado el involucramiento y participaci\u00f3n activa de diferentes actores locales claves como Carabineros, el Ej\u00e9rcito de Chile, estancieros, y por supuesto CONAF, SAG y la comunidad en general.<\/p>\n<p style=\"text-align: justify;\">El \u00faltimo censo (marzo 2021) arroj\u00f3 68 \u00f1and\u00faes adultos y 24 charitos libres en el Parque Nacional Patagonia. La meta es aumentar la poblaci\u00f3n a 100 \u00f1and\u00faes adultos en vida libre lo que representa una oportunidad real de reproducci\u00f3n y por lo tanto de recuperaci\u00f3n num\u00e9rica poblacional, lo que permite su recuperaci\u00f3n funcional en el ecosistema como herb\u00edvoro dispersores de semillas y como especie clave de la estepa patag\u00f3nica junto al guanaco<\/p>\n<div class=\"entry-texto prosa lh-loose mt-0-first mb-0-last color-gray-dark rmt rmb \">\n<h2 style=\"text-align: justify;\"><span style=\"font-size: 10pt;\">CARACTERIZACI\u00d3N DE LA ESPECIE<\/span><\/h2>\n<p style=\"text-align: justify;\">El \u00f1and\u00fa es miembro de las ratites (Struthioniformes), un grupo de aves no voladoras que incluye el avestruz, el em\u00fa, y el kiwi. Es una especie para la cual se reconocen tres subespecies: \u00d1andu (Rhea pennata pennata), Suri (Rhea pennata tarapacensis) y \u00f1and\u00fa cordillerano (Rhea pennata garleppi), de las cuales las dos primeras se distribuyen dentro de Chile.<\/p>\n<p style=\"text-align: justify;\">El \u00f1and\u00fa es la m\u00e1s grande de nuestras aves nativas, caracteriz\u00e1ndose por ser una excelente corredora pudiendo llegar a los 70 km\/hr. Tiene cuello y patas muy largas, robustas emplumadas hasta la tibia, con tres dedos y cabeza y cuello gris\u00e1ceo p\u00e1lido.<\/p>\n<h2 style=\"text-align: justify;\"><span style=\"font-size: 10pt;\">DISTRIBUCI\u00d3N Y H\u00c1BITAT<\/span><\/h2>\n<p style=\"text-align: justify;\">Si bien se encuentra ampliamente distribuida en la zona patag\u00f3nica, presenta una tendencia a la disminuci\u00f3n de sus poblaciones. El \u00f1and\u00fa tiene una extensi\u00f3n global amplia en las pampas de Argentina y con menos frecuencia en la estepa patag\u00f3nica chilena. En Magallanes, los \u00f1and\u00faes se encuentran en los Parques Nacionales Torres del Paine y Pali Aike y tambi\u00e9n en algunas \u00e1reas de uso agropecuario de la provincia de Magallanes. Fueron introducidos a Tierra del Fuego en 1936 pero han sido posteriormente erradicados, con el \u00faltimo avistamiento en 1981.<\/p>\n<p style=\"text-align: justify;\">En Ays\u00e9n, su distribuci\u00f3n geogr\u00e1fica est\u00e1 actualmente limitada a dos poblaciones: Estancia Ba\u00f1o Nuevo en el sector R\u00edo \u00d1irehuao (unos 50 km al noreste de Coyhaique), donde la principal actividad es la ganader\u00eda extensiva, estim\u00e1ndose que la poblaci\u00f3n silvestre de \u00f1and\u00faes es de aproximadamente trescientos individuos; y la segunda est\u00e1 en Valle Chacabuco en el sector Entrada Baker (unos 60 km al sur de Chile Chico).<\/p>\n<p style=\"text-align: justify;\">El \u00f1and\u00fa ocupa mayoritariamente una zona dominada por lomajes y planicies y en segundo lugar por cerros, serran\u00edas y mesetas.<\/p>\n<\/div>\n<div class=\"entry-texto prosa lh-loose mt-0-first mb-0-last color-gray-dark rmt rmb \" style=\"text-align: justify;\">\n<h2><span style=\"font-size: 10pt;\">CICLO DE VIDA<\/span><\/h2>\n<p>Posee un complejo sistema reproductivo que combina la poliginia con consecuente poliandria, en los cuales son los machos los que construyen los nidos, incuban y cuidan exclusivamente a los polluelos, hasta el estadio de sub-adulto.<\/p>\n<p>La \u00e9poca de apareamiento es entre septiembre y diciembre. Durante este per\u00edodo, un macho se aparea con varias hembras y todas colocan sus huevos \u2013 en promedio 20 por hembra \u2013 en un nido construido por el macho. Los machos incuban los huevos por 40 d\u00edas y los polluelos nacen entre enero y febrero. Las cr\u00edas, o \u201ccharos\u201d, nacen con un color blanco amarillento y con rayas.<\/p>\n<\/div>\n<div class=\"entry-galeria rmt rmb\" style=\"text-align: justify;\">\n<div class=\"slider-galeria\">\n<div class=\"slider-nav hidden-xs slick-initialized slick-slider slick-not-centered\" data-slick=\"\">\n<div class=\"slick-list\">\n<div class=\"slick-track\">\n<div class=\"slick-slide slick-current slick-center\" data-slick-index=\"0\" aria-hidden=\"true\">\n<div class=\"slide-image\" data-title=\"mascarenodsc4670\"><\/div>\n<\/div>\n<div class=\"slick-slide\" data-slick-index=\"1\" aria-hidden=\"true\"><\/div>\n<\/div>\n<\/div>\n<\/div>\n<\/div>\n<\/div>\n<\/div><\/section><\/div><div  style='height:50px' class='hr hr-invisible   avia-builder-el-6  el_after_av_one_full  el_before_av_social_share '><span class='hr-inner ' ><span class='hr-inner-style'><\/span><\/span><\/div><\/p>\n<div  class='av-social-sharing-box  avia-builder-el-7  el_after_av_hr  el_before_av_hr  '><div class='av-share-box'><h5 class='av-share-link-description av-no-toc '>Compartir esta noticia<\/h5><ul class='av-share-box-list noLightbox'><li class='av-share-link av-social-link-facebook' ><a target=\"_blank\" aria-label=\"Compartir en Facebook\" href='https:\/\/www.facebook.com\/sharer.php?u=https:\/\/radiorevelacionfm.cl\/?p=46776&#038;t=Diez%20a%C3%B1os%20de%20esperanza%3A%20El%20renacer%20del%20%C3%91and%C3%BA%20en%20la%20Patagonia' aria-hidden='false' data-av_icon='\ue8f3' data-av_iconfont='entypo-fontello' title='' data-avia-related-tooltip='Compartir en Facebook' rel=\"noopener\"><span class='avia_hidden_link_text'>Compartir en Facebook<\/span><\/a><\/li><li class='av-share-link av-social-link-twitter' ><a target=\"_blank\" aria-label=\"Compartir en Twitter\" href='https:\/\/twitter.com\/share?text=Diez%20a%C3%B1os%20de%20esperanza%3A%20El%20renacer%20del%20%C3%91and%C3%BA%20en%20la%20Patagonia&#038;url=https:\/\/radiorevelacionfm.cl\/?p=46776' aria-hidden='false' data-av_icon='\ue8f1' data-av_iconfont='entypo-fontello' title='' data-avia-related-tooltip='Compartir en Twitter' rel=\"noopener\"><span class='avia_hidden_link_text'>Compartir en Twitter<\/span><\/a><\/li><li class='av-share-link av-social-link-whatsapp' ><a target=\"_blank\" aria-label=\"Compartir en Whatsapp\" href='https:\/\/api.whatsapp.com\/send?text=https:\/\/radiorevelacionfm.cl\/?p=46776' aria-hidden='false' data-av_icon='\uf232' data-av_iconfont='entypo-fontello' title='' data-avia-related-tooltip='Compartir en Whatsapp' rel=\"noopener\"><span class='avia_hidden_link_text'>Compartir en Whatsapp<\/span><\/a><\/li><li class='av-share-link av-social-link-linkedin' ><a target=\"_blank\" aria-label=\"Compartir en LinkedIn\" href='https:\/\/linkedin.com\/shareArticle?mini=true&#038;title=Diez%20a%C3%B1os%20de%20esperanza%3A%20El%20renacer%20del%20%C3%91and%C3%BA%20en%20la%20Patagonia&#038;url=https:\/\/radiorevelacionfm.cl\/?p=46776' aria-hidden='false' data-av_icon='\ue8fc' data-av_iconfont='entypo-fontello' title='' data-avia-related-tooltip='Compartir en LinkedIn' rel=\"noopener\"><span class='avia_hidden_link_text'>Compartir en LinkedIn<\/span><\/a><\/li><li class='av-share-link av-social-link-mail' ><a  aria-label=\"Compartir por correo\" href='mailto:?subject=Diez%20a%C3%B1os%20de%20esperanza%3A%20El%20renacer%20del%20%C3%91and%C3%BA%20en%20la%20Patagonia&#038;body=https:\/\/radiorevelacionfm.cl\/?p=46776' aria-hidden='false' data-av_icon='\ue805' data-av_iconfont='entypo-fontello' title='' data-avia-related-tooltip='Compartir por correo'><span class='avia_hidden_link_text'>Compartir por correo<\/span><\/a><\/li><\/ul><\/div><\/div>\n<div  style='height:50px' class='hr hr-invisible   avia-builder-el-8  el_after_av_social_share  el_before_av_comments_list '><span class='hr-inner ' ><span class='hr-inner-style'><\/span><\/span><\/div>\n<div  class='av-buildercomment  av-blog-meta-html-info-disabled av-blog-meta-tag-disabled  '><\/div>\n","protected":false},"excerpt":{"rendered":"","protected":false},"author":1,"featured_media":46777,"comment_status":"open","ping_status":"open","sticky":false,"template":"","format":"standard","meta":{"footnotes":""},"categories":[38],"tags":[],"class_list":["post-46776","post","type-post","status-publish","format-standard","has-post-thumbnail","hentry","category-regional"],"jetpack_featured_media_url":"https:\/\/radiorevelacionfm.cl\/wp-content\/uploads\/2024\/10\/20241005_121826-2_optimized.jpg","_links":{"self":[{"href":"https:\/\/radiorevelacionfm.cl\/index.php?rest_route=\/wp\/v2\/posts\/46776","targetHints":{"allow":["GET"]}}],"collection":[{"href":"https:\/\/radiorevelacionfm.cl\/index.php?rest_route=\/wp\/v2\/posts"}],"about":[{"href":"https:\/\/radiorevelacionfm.cl\/index.php?rest_route=\/wp\/v2\/types\/post"}],"author":[{"embeddable":true,"href":"https:\/\/radiorevelacionfm.cl\/index.php?rest_route=\/wp\/v2\/users\/1"}],"replies":[{"embeddable":true,"href":"https:\/\/radiorevelacionfm.cl\/index.php?rest_route=%2Fwp%2Fv2%2Fcomments&post=46776"}],"version-history":[{"count":1,"href":"https:\/\/radiorevelacionfm.cl\/index.php?rest_route=\/wp\/v2\/posts\/46776\/revisions"}],"predecessor-version":[{"id":46778,"href":"https:\/\/radiorevelacionfm.cl\/index.php?rest_route=\/wp\/v2\/posts\/46776\/revisions\/46778"}],"wp:featuredmedia":[{"embeddable":true,"href":"https:\/\/radiorevelacionfm.cl\/index.php?rest_route=\/wp\/v2\/media\/46777"}],"wp:attachment":[{"href":"https:\/\/radiorevelacionfm.cl\/index.php?rest_route=%2Fwp%2Fv2%2Fmedia&parent=46776"}],"wp:term":[{"taxonomy":"category","embeddable":true,"href":"https:\/\/radiorevelacionfm.cl\/index.php?rest_route=%2Fwp%2Fv2%2Fcategories&post=46776"},{"taxonomy":"post_tag","embeddable":true,"href":"https:\/\/radiorevelacionfm.cl\/index.php?rest_route=%2Fwp%2Fv2%2Ftags&post=46776"}],"curies":[{"name":"wp","href":"https:\/\/api.w.org\/{rel}","templated":true}]}}