{"id":46774,"date":"2024-10-05T11:49:48","date_gmt":"2024-10-05T14:49:48","guid":{"rendered":"https:\/\/radiorevelacionfm.cl\/?p=46774"},"modified":"2024-10-05T11:49:48","modified_gmt":"2024-10-05T14:49:48","slug":"realizan-importantes-trabajos-de-ampliacion-de-la-infraestructura-electrica-en-coyhaique-alto","status":"publish","type":"post","link":"https:\/\/radiorevelacionfm.cl\/?p=46774","title":{"rendered":"Realizan importantes trabajos de ampliaci\u00f3n de la infraestructura el\u00e9ctrica en Coyhaique Alto"},"content":{"rendered":"<div class=\"flex_column av_one_full  flex_column_div av-zero-column-padding first  avia-builder-el-0  el_before_av_one_full  avia-builder-el-first  \" style='border-radius:0px; '><div  class='avia-image-container  av-styling-    avia-builder-el-1  avia-builder-el-no-sibling  avia-align-center '  itemprop=\"image\" itemscope=\"itemscope\" itemtype=\"https:\/\/schema.org\/ImageObject\"  ><div class='avia-image-container-inner'><div class='avia-image-overlay-wrap'><img decoding=\"async\" class='wp-image-18339 avia-img-lazy-loading-not-18339 avia_image' src=\"https:\/\/radiorevelacionfm.cl\/wp-content\/uploads\/2022\/06\/corte-energia2-1_optimized.jpg\" alt='' title='corte-energia2-(1)_optimized' height=\"600\" width=\"1066\"  itemprop=\"thumbnailUrl\" srcset=\"https:\/\/radiorevelacionfm.cl\/wp-content\/uploads\/2022\/06\/corte-energia2-1_optimized.jpg 1066w, https:\/\/radiorevelacionfm.cl\/wp-content\/uploads\/2022\/06\/corte-energia2-1_optimized-300x169.jpg 300w, https:\/\/radiorevelacionfm.cl\/wp-content\/uploads\/2022\/06\/corte-energia2-1_optimized-1030x580.jpg 1030w, https:\/\/radiorevelacionfm.cl\/wp-content\/uploads\/2022\/06\/corte-energia2-1_optimized-768x432.jpg 768w, https:\/\/radiorevelacionfm.cl\/wp-content\/uploads\/2022\/06\/corte-energia2-1_optimized-705x397.jpg 705w, https:\/\/radiorevelacionfm.cl\/wp-content\/uploads\/2022\/06\/corte-energia2-1_optimized-600x338.jpg 600w\" sizes=\"(max-width: 1066px) 100vw, 1066px\" \/><\/div><\/div><\/div><\/div><div class=\"flex_column av_one_full  flex_column_div av-zero-column-padding first  avia-builder-el-2  el_after_av_one_full  el_before_av_one_full  column-top-margin\" style='border-radius:0px; '><section class=\"av_textblock_section \"  itemscope=\"itemscope\" itemtype=\"https:\/\/schema.org\/BlogPosting\" itemprop=\"blogPost\" ><div class='avia_textblock  '   itemprop=\"text\" ><p style=\"text-align: center;\"><span style=\"font-size: 18pt;\"><strong>Realizan importantes trabajos de ampliaci\u00f3n de la infraestructura el\u00e9ctrica en Coyhaique Alto<\/strong><\/span><\/p>\n<div id=\"gtx-trans\" style=\"position: absolute; left: -50px; top: 4.31534px;\">\n<div class=\"gtx-trans-icon\"><\/div>\n<\/div>\n<\/div><\/section><\/div><div class=\"flex_column av_one_full  flex_column_div av-zero-column-padding first  avia-builder-el-4  el_after_av_one_full  el_before_av_hr  column-top-margin\" style='border-radius:0px; '><section class=\"av_textblock_section \"  itemscope=\"itemscope\" itemtype=\"https:\/\/schema.org\/BlogPosting\" itemprop=\"blogPost\" ><div class='avia_textblock  '   itemprop=\"text\" ><p style=\"text-align: justify;\"><em>Los trabajos de ampliaci\u00f3n y mejoramiento se realizan este s\u00e1bado 5 de octubre, entre las 9:30 y 15:30 horas, en sectores de Coyhaique Alto y Las Bandurrias.<\/em><\/p>\n<p style=\"text-align: justify;\">En su continuo esfuerzo por mejorar el servicio el\u00e9ctrico y garantizar un suministro de calidad a sus clientes, Edelaysen dio a conocer trabajos de ampliaci\u00f3n y mejora de sus redes el\u00e9ctricas en camino a Coyhaique Alto y sus alrededores. Las labores se llevar\u00e1n a cabo el d\u00eda s\u00e1bado 5 de octubre, afectando el suministro el\u00e9ctrico entre las 9:30 y las 15:30 horas en las zonas comprendidas desde el kil\u00f3metro 5 de la ruta 243, incluyendo el sector de Las Bandurrias y Coyhaique Alto.<\/p>\n<p style=\"text-align: justify;\">Estos trabajos permitir\u00e1n reforzar la infraestructura el\u00e9ctrica de la zona, con el fin de ofrecer un servicio m\u00e1s eficiente y confiable en la zona. Es por ello, que desde la el\u00e9ctrica solicitaron a la comunidad tomar las precauciones necesarias durante el tiempo que dure la intervenci\u00f3n.<\/p>\n<p style=\"text-align: justify;\">Por su parte, Manuel Subiabre, ejecutivo de Edelaysen destac\u00f3 que: \u201cEstamos comprometidos con mejorar continuamente nuestra red el\u00e9ctrica y estas acciones son parte importante de ese esfuerzo para ofrecer un servicio m\u00e1s seguro y estable para nuestros clientes. Desde ya lamentamos los inconvenientes que estos trabajos puedan causar\u201d.<\/p>\n<p style=\"text-align: justify;\">De acuerdo con ello, desde Edelaysen solicitaron la comprensi\u00f3n de la comunidad ante los posibles impactos que pueda ocasionar esta desconexi\u00f3n temporal, enfatizando que estas mejoras son necesarias para mantener el servicio.<\/p>\n<p style=\"text-align: justify;\">Desde la distribuidora instaron a los vecinos a obtener informaci\u00f3n en tiempo real a trav\u00e9s del mapa de desconexiones disponible en el sitio web oficial\u00a0<a href=\"https:\/\/nam10.safelinks.protection.outlook.com\/?url=http%3A%2F%2Fwww.edelaysen.cl%2F&amp;data=05%7C02%7Cmaria.marchant%40saesa.cl%7C1f63b4599b1243709add08dce3ec192c%7C136d6ab55b55496f97cb2424247715ed%7C0%7C0%7C638635850390200305%7CUnknown%7CTWFpbGZsb3d8eyJWIjoiMC4wLjAwMDAiLCJQIjoiV2luMzIiLCJBTiI6Ik1haWwiLCJXVCI6Mn0%3D%7C0%7C%7C%7C&amp;sdata=Sjuw5Wo%2FHcs%2BPrPrCFs9VgbGDLN1%2B30t46VMmpLI5zY%3D&amp;reserved=0\">www.edelaysen.cl<\/a>\u00a0y su aplicaci\u00f3n m\u00f3vil, adem\u00e1s de la l\u00ednea gratuita al 800 600 803 donde se ofrecer\u00e1n actualizaciones detalladas sobre el estado del servicio.<\/p>\n<\/div><\/section><\/div><div  style='height:50px' class='hr hr-invisible   avia-builder-el-6  el_after_av_one_full  el_before_av_social_share '><span class='hr-inner ' ><span class='hr-inner-style'><\/span><\/span><\/div><\/p>\n<div  class='av-social-sharing-box  avia-builder-el-7  el_after_av_hr  el_before_av_hr  '><div class='av-share-box'><h5 class='av-share-link-description av-no-toc '>Compartir esta noticia<\/h5><ul class='av-share-box-list noLightbox'><li class='av-share-link av-social-link-facebook' ><a target=\"_blank\" aria-label=\"Compartir en Facebook\" href='https:\/\/www.facebook.com\/sharer.php?u=https:\/\/radiorevelacionfm.cl\/?p=46774&#038;t=Realizan%20importantes%20trabajos%20de%20ampliaci%C3%B3n%20de%20la%20infraestructura%20el%C3%A9ctrica%20en%20Coyhaique%20Alto' aria-hidden='false' data-av_icon='\ue8f3' data-av_iconfont='entypo-fontello' title='' data-avia-related-tooltip='Compartir en Facebook' rel=\"noopener\"><span class='avia_hidden_link_text'>Compartir en Facebook<\/span><\/a><\/li><li class='av-share-link av-social-link-twitter' ><a target=\"_blank\" aria-label=\"Compartir en Twitter\" href='https:\/\/twitter.com\/share?text=Realizan%20importantes%20trabajos%20de%20ampliaci%C3%B3n%20de%20la%20infraestructura%20el%C3%A9ctrica%20en%20Coyhaique%20Alto&#038;url=https:\/\/radiorevelacionfm.cl\/?p=46774' aria-hidden='false' data-av_icon='\ue8f1' data-av_iconfont='entypo-fontello' title='' data-avia-related-tooltip='Compartir en Twitter' rel=\"noopener\"><span class='avia_hidden_link_text'>Compartir en Twitter<\/span><\/a><\/li><li class='av-share-link av-social-link-whatsapp' ><a target=\"_blank\" aria-label=\"Compartir en Whatsapp\" href='https:\/\/api.whatsapp.com\/send?text=https:\/\/radiorevelacionfm.cl\/?p=46774' aria-hidden='false' data-av_icon='\uf232' data-av_iconfont='entypo-fontello' title='' data-avia-related-tooltip='Compartir en Whatsapp' rel=\"noopener\"><span class='avia_hidden_link_text'>Compartir en Whatsapp<\/span><\/a><\/li><li class='av-share-link av-social-link-linkedin' ><a target=\"_blank\" aria-label=\"Compartir en LinkedIn\" href='https:\/\/linkedin.com\/shareArticle?mini=true&#038;title=Realizan%20importantes%20trabajos%20de%20ampliaci%C3%B3n%20de%20la%20infraestructura%20el%C3%A9ctrica%20en%20Coyhaique%20Alto&#038;url=https:\/\/radiorevelacionfm.cl\/?p=46774' aria-hidden='false' data-av_icon='\ue8fc' data-av_iconfont='entypo-fontello' title='' data-avia-related-tooltip='Compartir en LinkedIn' rel=\"noopener\"><span class='avia_hidden_link_text'>Compartir en LinkedIn<\/span><\/a><\/li><li class='av-share-link av-social-link-mail' ><a  aria-label=\"Compartir por correo\" href='mailto:?subject=Realizan%20importantes%20trabajos%20de%20ampliaci%C3%B3n%20de%20la%20infraestructura%20el%C3%A9ctrica%20en%20Coyhaique%20Alto&#038;body=https:\/\/radiorevelacionfm.cl\/?p=46774' aria-hidden='false' data-av_icon='\ue805' data-av_iconfont='entypo-fontello' title='' data-avia-related-tooltip='Compartir por correo'><span class='avia_hidden_link_text'>Compartir por correo<\/span><\/a><\/li><\/ul><\/div><\/div>\n<div  style='height:50px' class='hr hr-invisible   avia-builder-el-8  el_after_av_social_share  el_before_av_comments_list '><span class='hr-inner ' ><span class='hr-inner-style'><\/span><\/span><\/div>\n<div  class='av-buildercomment  av-blog-meta-html-info-disabled av-blog-meta-tag-disabled  '><\/div>\n","protected":false},"excerpt":{"rendered":"","protected":false},"author":1,"featured_media":18339,"comment_status":"open","ping_status":"open","sticky":false,"template":"","format":"standard","meta":{"footnotes":""},"categories":[38],"tags":[],"class_list":["post-46774","post","type-post","status-publish","format-standard","has-post-thumbnail","hentry","category-regional"],"jetpack_featured_media_url":"https:\/\/radiorevelacionfm.cl\/wp-content\/uploads\/2022\/06\/corte-energia2-1_optimized.jpg","_links":{"self":[{"href":"https:\/\/radiorevelacionfm.cl\/index.php?rest_route=\/wp\/v2\/posts\/46774","targetHints":{"allow":["GET"]}}],"collection":[{"href":"https:\/\/radiorevelacionfm.cl\/index.php?rest_route=\/wp\/v2\/posts"}],"about":[{"href":"https:\/\/radiorevelacionfm.cl\/index.php?rest_route=\/wp\/v2\/types\/post"}],"author":[{"embeddable":true,"href":"https:\/\/radiorevelacionfm.cl\/index.php?rest_route=\/wp\/v2\/users\/1"}],"replies":[{"embeddable":true,"href":"https:\/\/radiorevelacionfm.cl\/index.php?rest_route=%2Fwp%2Fv2%2Fcomments&post=46774"}],"version-history":[{"count":1,"href":"https:\/\/radiorevelacionfm.cl\/index.php?rest_route=\/wp\/v2\/posts\/46774\/revisions"}],"predecessor-version":[{"id":46775,"href":"https:\/\/radiorevelacionfm.cl\/index.php?rest_route=\/wp\/v2\/posts\/46774\/revisions\/46775"}],"wp:featuredmedia":[{"embeddable":true,"href":"https:\/\/radiorevelacionfm.cl\/index.php?rest_route=\/wp\/v2\/media\/18339"}],"wp:attachment":[{"href":"https:\/\/radiorevelacionfm.cl\/index.php?rest_route=%2Fwp%2Fv2%2Fmedia&parent=46774"}],"wp:term":[{"taxonomy":"category","embeddable":true,"href":"https:\/\/radiorevelacionfm.cl\/index.php?rest_route=%2Fwp%2Fv2%2Fcategories&post=46774"},{"taxonomy":"post_tag","embeddable":true,"href":"https:\/\/radiorevelacionfm.cl\/index.php?rest_route=%2Fwp%2Fv2%2Ftags&post=46774"}],"curies":[{"name":"wp","href":"https:\/\/api.w.org\/{rel}","templated":true}]}}