{"id":46768,"date":"2024-10-05T11:28:39","date_gmt":"2024-10-05T14:28:39","guid":{"rendered":"https:\/\/radiorevelacionfm.cl\/?p=46768"},"modified":"2024-10-05T11:28:39","modified_gmt":"2024-10-05T14:28:39","slug":"lanzan-programa-cuidadoras-conectadas-que-busca-reducir-brechas-digitales-y-fortalecer-la-autonomia-economica-de-mujeres-cuidadoras","status":"publish","type":"post","link":"https:\/\/radiorevelacionfm.cl\/?p=46768","title":{"rendered":"Lanzan programa \u00abCuidadoras Conectadas\u00bb que busca reducir brechas digitales y fortalecer la autonom\u00eda econ\u00f3mica de mujeres cuidadoras"},"content":{"rendered":"<div class=\"flex_column av_one_full  flex_column_div av-zero-column-padding first  avia-builder-el-0  el_before_av_one_full  avia-builder-el-first  \" style='border-radius:0px; '><div  class='avia-image-container  av-styling-    avia-builder-el-1  avia-builder-el-no-sibling  avia-align-center '  itemprop=\"image\" itemscope=\"itemscope\" itemtype=\"https:\/\/schema.org\/ImageObject\"  ><div class='avia-image-container-inner'><div class='avia-image-overlay-wrap'><img decoding=\"async\" class='wp-image-46769 avia-img-lazy-loading-not-46769 avia_image' src=\"https:\/\/radiorevelacionfm.cl\/wp-content\/uploads\/2024\/10\/cuidadoras-6-2_optimized.jpg\" alt='' title='cuidadoras-6-2_optimized' height=\"600\" width=\"902\"  itemprop=\"thumbnailUrl\" srcset=\"https:\/\/radiorevelacionfm.cl\/wp-content\/uploads\/2024\/10\/cuidadoras-6-2_optimized.jpg 902w, https:\/\/radiorevelacionfm.cl\/wp-content\/uploads\/2024\/10\/cuidadoras-6-2_optimized-300x200.jpg 300w, https:\/\/radiorevelacionfm.cl\/wp-content\/uploads\/2024\/10\/cuidadoras-6-2_optimized-768x511.jpg 768w, https:\/\/radiorevelacionfm.cl\/wp-content\/uploads\/2024\/10\/cuidadoras-6-2_optimized-705x469.jpg 705w, https:\/\/radiorevelacionfm.cl\/wp-content\/uploads\/2024\/10\/cuidadoras-6-2_optimized-450x299.jpg 450w, https:\/\/radiorevelacionfm.cl\/wp-content\/uploads\/2024\/10\/cuidadoras-6-2_optimized-600x399.jpg 600w\" sizes=\"(max-width: 902px) 100vw, 902px\" \/><\/div><\/div><\/div><\/div><div class=\"flex_column av_one_full  flex_column_div av-zero-column-padding first  avia-builder-el-2  el_after_av_one_full  el_before_av_one_full  column-top-margin\" style='border-radius:0px; '><section class=\"av_textblock_section \"  itemscope=\"itemscope\" itemtype=\"https:\/\/schema.org\/BlogPosting\" itemprop=\"blogPost\" ><div class='avia_textblock  '   itemprop=\"text\" ><p style=\"text-align: center;\"><strong><span style=\"font-size: 18pt;\">Lanzan programa \u00abCuidadoras Conectadas\u00bb que busca reducir brechas digitales y fortalecer la autonom\u00eda econ\u00f3mica de mujeres cuidadoras<\/span><\/strong><\/p>\n<div id=\"gtx-trans\" style=\"position: absolute; left: -50px; top: 4.31534px;\">\n<div class=\"gtx-trans-icon\"><\/div>\n<\/div>\n<\/div><\/section><\/div><div class=\"flex_column av_one_full  flex_column_div av-zero-column-padding first  avia-builder-el-4  el_after_av_one_full  el_before_av_hr  column-top-margin\" style='border-radius:0px; '><section class=\"av_textblock_section \"  itemscope=\"itemscope\" itemtype=\"https:\/\/schema.org\/BlogPosting\" itemprop=\"blogPost\" ><div class='avia_textblock  '   itemprop=\"text\" ><p style=\"text-align: justify;\">Fundaci\u00f3n Prodemu, junto a la Seremi de la Mujer y Equidad de G\u00e9nero, Seremi de Transportes y Telecomunicaciones y Seremi de Desarrollo Social, realizaron el lanzamiento oficial en Coyhaique del programa \u00abCuidadoras Conectadas\u00bb, \u00a0el cual tiene como\u00a0 objetivo\u00a0 entregar herramientas digitales a mujeres cuidadoras, adem\u00e1s de promover su autonom\u00eda econ\u00f3mica.<\/p>\n<p style=\"text-align: justify;\">Una iniciativa parte del Fondo para la Igualdad de la Seremi de la Mujer y la Equidad de G\u00e9nero, as\u00ed lo indic\u00f3, la Seremi (S) de la cartera, Lenka Gatica Sandoval, quien indic\u00f3: \u201cPara nosotros como Ministerio de la Mujer y la Equidad de G\u00e9nero es fundamental el Fondo para la Igualdad, puesto que desde esta iniciativa se espera, que desde todos los \u00f3rganos del Estado surjan iniciativas que vayan a ayudar a mujeres y ni\u00f1as del pa\u00eds, como esta iniciativa que busca romper las brechas digitales\u201d, puntualiz\u00f3.<\/p>\n<p style=\"text-align: justify;\">En la pr\u00e1ctica, el programa contempla la entrega de un kit a mujeres, que incluye: un celular, conectividad digital de forma gratuita durante un a\u00f1o y herramientas indispensables para el proceso de capacitaci\u00f3n y alfabetizaci\u00f3n digital, proceso formativo que desarrollar\u00e1n los equipos t\u00e9cnicos de PRODEMU, siendo beneficiadas cerca de\u00a0 900 mujeres cuidadoras de todo el pa\u00eds, seleccionadas seg\u00fan criterios de prelaci\u00f3n establecidos por la Subsecretar\u00eda de Evaluaci\u00f3n Social.<\/p>\n<p style=\"text-align: justify;\">\u00abEstamos muy contentas de poder materializar este hito en Coyhaique\u00bb, destac\u00f3 Ingrid Osorio Santana, directora regional de Fundaci\u00f3n Prodemu. \u00abEl programa Cuidadoras Conectadas es una tremenda oportunidad para acortar las brechas digitales y mejorar la calidad de vida de las mujeres cuidadoras\u201d, indic\u00f3.<\/p>\n<p style=\"text-align: justify;\">Seg\u00fan el INE, m\u00e1s de 4 millones de mujeres en Chile se encuentran fuera de la fuerza laboral por razones de cuidados familiares permanentes. \u00abEste programa representa una oportunidad para que las mujeres cuidadoras puedan acceder a las herramientas digitales y mejorar su calidad de vida\u00bb, agreg\u00f3 Mar\u00eda Eugenia Castillo, beneficiaria del programa.<\/p>\n<p style=\"text-align: justify;\">Por su parte, el El Seremi de Transporte y Telecomunicaciones, Rudolf Zimmermann Due\u00f1as, \u00a0destac\u00f3 que \u201cEl programa Cuidadoras Conectadas, representa una tremenda oportunidad para acortar las brechas digitales. El acceso a internet ha sido definido como un derecho humano, de tal manera que este tipo de iniciativas nos permiten acortar la brecha, que este tipo de mujeres, este grupo postergado dentro de la sociedad, pueda acceder a las herramientas digitales, al emprendimiento, al desarrollo econ\u00f3mico y por supuesto, y poder relacionarse socialmente\u201d, puntualiz\u00f3.<\/p>\n<p style=\"text-align: justify;\">En tanto la \u00a0Seremi de Desarrollo Social y Familia, Karina Acevedo Auad, agreg\u00f3 que \u201cEs muy importante lo que estamos haciendo, entregarles un instrumento que les permite estar conectadas, que puedan acceder a plataformas que entregan servicios y que ellas puedan acudir y no dejar su labor de cuidadoras. Estamos trabajando full con Chile Cuida, que es un programa que nos instruy\u00f3 el presidente Gabriel Boric Font, y que hoy en d\u00eda es una pol\u00edtica nacional\u201d.<\/p>\n<p style=\"text-align: justify;\">Cabe destacar que en la regi\u00f3n de Ays\u00e9n, han sido beneficiadas con este programa, mujeres de las comunas de: Coyhaique, Chile Chico y R\u00edo Ib\u00e1\u00f1ez, siendo un total de 40 cuidadoras (que cuentan con carn\u00e9 de cuidadoras), que podr\u00e1n seguir cumpliendo su rol y a su vez, acercarse a trav\u00e9s de las plataformas digitales con su entorno, favoreciendo su gesti\u00f3n y parte de su labor de cuidadoras.<\/p>\n<\/div><\/section><\/div><div  style='height:50px' class='hr hr-invisible   avia-builder-el-6  el_after_av_one_full  el_before_av_social_share '><span class='hr-inner ' ><span class='hr-inner-style'><\/span><\/span><\/div><\/p>\n<div  class='av-social-sharing-box  avia-builder-el-7  el_after_av_hr  el_before_av_hr  '><div class='av-share-box'><h5 class='av-share-link-description av-no-toc '>Compartir esta noticia<\/h5><ul class='av-share-box-list noLightbox'><li class='av-share-link av-social-link-facebook' ><a target=\"_blank\" aria-label=\"Compartir en Facebook\" href='https:\/\/www.facebook.com\/sharer.php?u=https:\/\/radiorevelacionfm.cl\/?p=46768&#038;t=Lanzan%20programa%20%C2%ABCuidadoras%20Conectadas%C2%BB%20que%20busca%20reducir%20brechas%20digitales%20y%20fortalecer%20la%20autonom%C3%ADa%20econ%C3%B3mica%20de%20mujeres%20cuidadoras' aria-hidden='false' data-av_icon='\ue8f3' data-av_iconfont='entypo-fontello' title='' data-avia-related-tooltip='Compartir en Facebook' rel=\"noopener\"><span class='avia_hidden_link_text'>Compartir en Facebook<\/span><\/a><\/li><li class='av-share-link av-social-link-twitter' ><a target=\"_blank\" aria-label=\"Compartir en Twitter\" href='https:\/\/twitter.com\/share?text=Lanzan%20programa%20%C2%ABCuidadoras%20Conectadas%C2%BB%20que%20busca%20reducir%20brechas%20digitales%20y%20fortalecer%20la%20autonom%C3%ADa%20econ%C3%B3mica%20de%20mujeres%20cuidadoras&#038;url=https:\/\/radiorevelacionfm.cl\/?p=46768' aria-hidden='false' data-av_icon='\ue8f1' data-av_iconfont='entypo-fontello' title='' data-avia-related-tooltip='Compartir en Twitter' rel=\"noopener\"><span class='avia_hidden_link_text'>Compartir en Twitter<\/span><\/a><\/li><li class='av-share-link av-social-link-whatsapp' ><a target=\"_blank\" aria-label=\"Compartir en Whatsapp\" href='https:\/\/api.whatsapp.com\/send?text=https:\/\/radiorevelacionfm.cl\/?p=46768' aria-hidden='false' data-av_icon='\uf232' data-av_iconfont='entypo-fontello' title='' data-avia-related-tooltip='Compartir en Whatsapp' rel=\"noopener\"><span class='avia_hidden_link_text'>Compartir en Whatsapp<\/span><\/a><\/li><li class='av-share-link av-social-link-linkedin' ><a target=\"_blank\" aria-label=\"Compartir en LinkedIn\" href='https:\/\/linkedin.com\/shareArticle?mini=true&#038;title=Lanzan%20programa%20%C2%ABCuidadoras%20Conectadas%C2%BB%20que%20busca%20reducir%20brechas%20digitales%20y%20fortalecer%20la%20autonom%C3%ADa%20econ%C3%B3mica%20de%20mujeres%20cuidadoras&#038;url=https:\/\/radiorevelacionfm.cl\/?p=46768' aria-hidden='false' data-av_icon='\ue8fc' data-av_iconfont='entypo-fontello' title='' data-avia-related-tooltip='Compartir en LinkedIn' rel=\"noopener\"><span class='avia_hidden_link_text'>Compartir en LinkedIn<\/span><\/a><\/li><li class='av-share-link av-social-link-mail' ><a  aria-label=\"Compartir por correo\" href='mailto:?subject=Lanzan%20programa%20%C2%ABCuidadoras%20Conectadas%C2%BB%20que%20busca%20reducir%20brechas%20digitales%20y%20fortalecer%20la%20autonom%C3%ADa%20econ%C3%B3mica%20de%20mujeres%20cuidadoras&#038;body=https:\/\/radiorevelacionfm.cl\/?p=46768' aria-hidden='false' data-av_icon='\ue805' data-av_iconfont='entypo-fontello' title='' data-avia-related-tooltip='Compartir por correo'><span class='avia_hidden_link_text'>Compartir por correo<\/span><\/a><\/li><\/ul><\/div><\/div>\n<div  style='height:50px' class='hr hr-invisible   avia-builder-el-8  el_after_av_social_share  el_before_av_comments_list '><span class='hr-inner ' ><span class='hr-inner-style'><\/span><\/span><\/div>\n<div  class='av-buildercomment  av-blog-meta-html-info-disabled av-blog-meta-tag-disabled  '><\/div>\n","protected":false},"excerpt":{"rendered":"","protected":false},"author":1,"featured_media":46769,"comment_status":"open","ping_status":"open","sticky":false,"template":"","format":"standard","meta":{"footnotes":""},"categories":[38],"tags":[],"class_list":["post-46768","post","type-post","status-publish","format-standard","has-post-thumbnail","hentry","category-regional"],"jetpack_featured_media_url":"https:\/\/radiorevelacionfm.cl\/wp-content\/uploads\/2024\/10\/cuidadoras-6-2_optimized.jpg","_links":{"self":[{"href":"https:\/\/radiorevelacionfm.cl\/index.php?rest_route=\/wp\/v2\/posts\/46768","targetHints":{"allow":["GET"]}}],"collection":[{"href":"https:\/\/radiorevelacionfm.cl\/index.php?rest_route=\/wp\/v2\/posts"}],"about":[{"href":"https:\/\/radiorevelacionfm.cl\/index.php?rest_route=\/wp\/v2\/types\/post"}],"author":[{"embeddable":true,"href":"https:\/\/radiorevelacionfm.cl\/index.php?rest_route=\/wp\/v2\/users\/1"}],"replies":[{"embeddable":true,"href":"https:\/\/radiorevelacionfm.cl\/index.php?rest_route=%2Fwp%2Fv2%2Fcomments&post=46768"}],"version-history":[{"count":1,"href":"https:\/\/radiorevelacionfm.cl\/index.php?rest_route=\/wp\/v2\/posts\/46768\/revisions"}],"predecessor-version":[{"id":46770,"href":"https:\/\/radiorevelacionfm.cl\/index.php?rest_route=\/wp\/v2\/posts\/46768\/revisions\/46770"}],"wp:featuredmedia":[{"embeddable":true,"href":"https:\/\/radiorevelacionfm.cl\/index.php?rest_route=\/wp\/v2\/media\/46769"}],"wp:attachment":[{"href":"https:\/\/radiorevelacionfm.cl\/index.php?rest_route=%2Fwp%2Fv2%2Fmedia&parent=46768"}],"wp:term":[{"taxonomy":"category","embeddable":true,"href":"https:\/\/radiorevelacionfm.cl\/index.php?rest_route=%2Fwp%2Fv2%2Fcategories&post=46768"},{"taxonomy":"post_tag","embeddable":true,"href":"https:\/\/radiorevelacionfm.cl\/index.php?rest_route=%2Fwp%2Fv2%2Ftags&post=46768"}],"curies":[{"name":"wp","href":"https:\/\/api.w.org\/{rel}","templated":true}]}}