{"id":46765,"date":"2024-10-05T11:16:58","date_gmt":"2024-10-05T14:16:58","guid":{"rendered":"https:\/\/radiorevelacionfm.cl\/?p=46765"},"modified":"2024-10-05T11:16:58","modified_gmt":"2024-10-05T14:16:58","slug":"invitan-a-personas-emprendedoras-a-acceder-a-apoyo-y-asistencia-tecnica-en-materias-tributarias","status":"publish","type":"post","link":"https:\/\/radiorevelacionfm.cl\/?p=46765","title":{"rendered":"Invitan a personas emprendedoras a acceder a apoyo y asistencia t\u00e9cnica en materias tributarias"},"content":{"rendered":"<div class=\"flex_column av_one_full  flex_column_div av-zero-column-padding first  avia-builder-el-0  el_before_av_one_full  avia-builder-el-first  \" style='border-radius:0px; '><div  class='avia-image-container  av-styling-    avia-builder-el-1  avia-builder-el-no-sibling  avia-align-center '  itemprop=\"image\" itemscope=\"itemscope\" itemtype=\"https:\/\/schema.org\/ImageObject\"  ><div class='avia-image-container-inner'><div class='avia-image-overlay-wrap'><img decoding=\"async\" class='wp-image-46766 avia-img-lazy-loading-not-46766 avia_image' src=\"https:\/\/radiorevelacionfm.cl\/wp-content\/uploads\/2024\/10\/FA1-2-2.jpeg\" alt='' title='FA1-2-2' height=\"800\" width=\"800\"  itemprop=\"thumbnailUrl\" srcset=\"https:\/\/radiorevelacionfm.cl\/wp-content\/uploads\/2024\/10\/FA1-2-2.jpeg 800w, https:\/\/radiorevelacionfm.cl\/wp-content\/uploads\/2024\/10\/FA1-2-2-300x300.jpeg 300w, https:\/\/radiorevelacionfm.cl\/wp-content\/uploads\/2024\/10\/FA1-2-2-80x80.jpeg 80w, https:\/\/radiorevelacionfm.cl\/wp-content\/uploads\/2024\/10\/FA1-2-2-768x768.jpeg 768w, https:\/\/radiorevelacionfm.cl\/wp-content\/uploads\/2024\/10\/FA1-2-2-36x36.jpeg 36w, https:\/\/radiorevelacionfm.cl\/wp-content\/uploads\/2024\/10\/FA1-2-2-180x180.jpeg 180w, https:\/\/radiorevelacionfm.cl\/wp-content\/uploads\/2024\/10\/FA1-2-2-705x705.jpeg 705w, https:\/\/radiorevelacionfm.cl\/wp-content\/uploads\/2024\/10\/FA1-2-2-120x120.jpeg 120w, https:\/\/radiorevelacionfm.cl\/wp-content\/uploads\/2024\/10\/FA1-2-2-450x450.jpeg 450w, https:\/\/radiorevelacionfm.cl\/wp-content\/uploads\/2024\/10\/FA1-2-2-600x600.jpeg 600w, https:\/\/radiorevelacionfm.cl\/wp-content\/uploads\/2024\/10\/FA1-2-2-100x100.jpeg 100w\" sizes=\"(max-width: 800px) 100vw, 800px\" \/><\/div><\/div><\/div><\/div><div class=\"flex_column av_one_full  flex_column_div av-zero-column-padding first  avia-builder-el-2  el_after_av_one_full  el_before_av_one_full  column-top-margin\" style='border-radius:0px; '><section class=\"av_textblock_section \"  itemscope=\"itemscope\" itemtype=\"https:\/\/schema.org\/BlogPosting\" itemprop=\"blogPost\" ><div class='avia_textblock  '   itemprop=\"text\" ><p style=\"text-align: center;\"><span style=\"font-size: 18pt;\"><strong>Invitan a personas emprendedoras a acceder a apoyo y asistencia t\u00e9cnica en materias tributarias<\/strong><\/span><\/p>\n<div id=\"gtx-trans\" style=\"position: absolute; left: -50px; top: 4.31534px;\">\n<div class=\"gtx-trans-icon\"><\/div>\n<\/div>\n<\/div><\/section><\/div><div class=\"flex_column av_one_full  flex_column_div av-zero-column-padding first  avia-builder-el-4  el_after_av_one_full  el_before_av_hr  column-top-margin\" style='border-radius:0px; '><section class=\"av_textblock_section \"  itemscope=\"itemscope\" itemtype=\"https:\/\/schema.org\/BlogPosting\" itemprop=\"blogPost\" ><div class='avia_textblock  '   itemprop=\"text\" ><p style=\"text-align: justify;\"><em>O<\/em><em>rientaci\u00f3n gratuita para realizar tr\u00e1mites como el inicio de actividades, declaraci\u00f3n del IVA, declaraci\u00f3n de renta, la tramitaci\u00f3n de documentos tributarios electr\u00f3nicos o c\u00f3mo acceder al beneficio de los adultos mayores del aval\u00fao fiscal, que realiza el Servicio de Impuestos Internos.<\/em><\/p>\n<p style=\"text-align: justify;\">El Fondo de Solidaridad e Inversi\u00f3n Social, FOSIS y el Instituto Profesional AIEP de la Universidad Andr\u00e9s Bello se unieron para impulsar a las personas emprendedoras con asistencia t\u00e9cnica en materias tributarias, como tambi\u00e9n en la elaboraci\u00f3n de un modelo de negocio.<\/p>\n<p style=\"text-align: justify;\">La iniciativa se realiza a trav\u00e9s de dos programas: el N\u00facleo de Apoyo Fiscal y de Apoyo a los Negocios, que son impartidos por AIEP. Ambas instancias ofrecen, en el caso de la regi\u00f3n de Ays\u00e9n, asistencia de manera remota a personas emprendedoras que est\u00e9n interesadas.<\/p>\n<p style=\"text-align: justify;\">Fernanda Leiva, directora regional del FOSIS, extendi\u00f3 la convocatoria para el territorio regional. \u201cQueremos invitar a personas emprendedoras de la regi\u00f3n de Ays\u00e9n a aprovechar esta nueva oportunidad que entrega el FOSIS, esta vez en alianza con AIEP, para potenciar sus actividades econ\u00f3micas desde el marketing y aclarar dudas u orientaciones que necesiten en temas tributarios. Las inscripciones estar\u00e1n abiertas hasta el viernes 11 de octubre a trav\u00e9s de www.fosis.gob.cl\u201d.<\/p>\n<p style=\"text-align: justify;\">El director nacional del FOSIS, Nicol\u00e1s Navarrete, asegur\u00f3 que \u201csi queremos construir un pa\u00eds donde las oportunidades lleguen a todas y todos, tal como lo plantea el presidente Gabriel Boric, es imprescindible que tanto el Estado, como los privados nos hagamos cargo del desaf\u00edo de promover el acceso a la informaci\u00f3n clara y precisa respecto de los tr\u00e1mites tributarios y los modelos de negocios para impulsar el emprendimiento\u201d.<\/p>\n<p style=\"text-align: justify;\"><strong>Apoyo y asistencia a emprendedores <\/strong><\/p>\n<p style=\"text-align: justify;\">El N\u00facleo de Apoyo Fiscal es un programa en el que estudiantes del AIEP \u2014 capacitados especialmente por el Servicio de Impuestos Internos \u2014 ofrecen asistencia t\u00e9cnica virtual o presencial a personas usuarias de los programas del FOSIS.<\/p>\n<p style=\"text-align: justify;\">Las asistencias y apoyos abordar\u00e1n temas como el inicio de actividades, la declaraci\u00f3n del IVA, aspectos b\u00e1sicos de la declaraci\u00f3n de la renta y la tramitaci\u00f3n de documentos tributarios electr\u00f3nicos. Adem\u00e1s, la iniciativa entregar\u00e1 orientaci\u00f3n para acceder al beneficio de los adultos mayores del aval\u00fao fiscal, que realiza el Servicio de Impuestos Internos.<\/p>\n<p style=\"text-align: justify;\">Por su parte, el Apoyo en negocios aborda materias como recursos humanos, finanzas y marketing, ofreciendo asistencia a personas que reci\u00e9n comienzan a dar forma a sus emprendimientos.<\/p>\n<p style=\"text-align: justify;\">Los requisitos para inscribirse en ambos programas son: ser mayor de 18 a\u00f1os y contar con Clave\u00danica. Las inscripciones estar\u00e1n abiertas el 11 de octubre en www.fosis.gob.cl.<\/p>\n<\/div><\/section><\/div><div  style='height:50px' class='hr hr-invisible   avia-builder-el-6  el_after_av_one_full  el_before_av_social_share '><span class='hr-inner ' ><span class='hr-inner-style'><\/span><\/span><\/div><\/p>\n<div  class='av-social-sharing-box  avia-builder-el-7  el_after_av_hr  el_before_av_hr  '><div class='av-share-box'><h5 class='av-share-link-description av-no-toc '>Compartir esta noticia<\/h5><ul class='av-share-box-list noLightbox'><li class='av-share-link av-social-link-facebook' ><a target=\"_blank\" aria-label=\"Compartir en Facebook\" href='https:\/\/www.facebook.com\/sharer.php?u=https:\/\/radiorevelacionfm.cl\/?p=46765&#038;t=Invitan%20a%20personas%20emprendedoras%20a%20acceder%20a%20apoyo%20y%20asistencia%20t%C3%A9cnica%20en%20materias%20tributarias' aria-hidden='false' data-av_icon='\ue8f3' data-av_iconfont='entypo-fontello' title='' data-avia-related-tooltip='Compartir en Facebook' rel=\"noopener\"><span class='avia_hidden_link_text'>Compartir en Facebook<\/span><\/a><\/li><li class='av-share-link av-social-link-twitter' ><a target=\"_blank\" aria-label=\"Compartir en Twitter\" href='https:\/\/twitter.com\/share?text=Invitan%20a%20personas%20emprendedoras%20a%20acceder%20a%20apoyo%20y%20asistencia%20t%C3%A9cnica%20en%20materias%20tributarias&#038;url=https:\/\/radiorevelacionfm.cl\/?p=46765' aria-hidden='false' data-av_icon='\ue8f1' data-av_iconfont='entypo-fontello' title='' data-avia-related-tooltip='Compartir en Twitter' rel=\"noopener\"><span class='avia_hidden_link_text'>Compartir en Twitter<\/span><\/a><\/li><li class='av-share-link av-social-link-whatsapp' ><a target=\"_blank\" aria-label=\"Compartir en Whatsapp\" href='https:\/\/api.whatsapp.com\/send?text=https:\/\/radiorevelacionfm.cl\/?p=46765' aria-hidden='false' data-av_icon='\uf232' data-av_iconfont='entypo-fontello' title='' data-avia-related-tooltip='Compartir en Whatsapp' rel=\"noopener\"><span class='avia_hidden_link_text'>Compartir en Whatsapp<\/span><\/a><\/li><li class='av-share-link av-social-link-linkedin' ><a target=\"_blank\" aria-label=\"Compartir en LinkedIn\" href='https:\/\/linkedin.com\/shareArticle?mini=true&#038;title=Invitan%20a%20personas%20emprendedoras%20a%20acceder%20a%20apoyo%20y%20asistencia%20t%C3%A9cnica%20en%20materias%20tributarias&#038;url=https:\/\/radiorevelacionfm.cl\/?p=46765' aria-hidden='false' data-av_icon='\ue8fc' data-av_iconfont='entypo-fontello' title='' data-avia-related-tooltip='Compartir en LinkedIn' rel=\"noopener\"><span class='avia_hidden_link_text'>Compartir en LinkedIn<\/span><\/a><\/li><li class='av-share-link av-social-link-mail' ><a  aria-label=\"Compartir por correo\" href='mailto:?subject=Invitan%20a%20personas%20emprendedoras%20a%20acceder%20a%20apoyo%20y%20asistencia%20t%C3%A9cnica%20en%20materias%20tributarias&#038;body=https:\/\/radiorevelacionfm.cl\/?p=46765' aria-hidden='false' data-av_icon='\ue805' data-av_iconfont='entypo-fontello' title='' data-avia-related-tooltip='Compartir por correo'><span class='avia_hidden_link_text'>Compartir por correo<\/span><\/a><\/li><\/ul><\/div><\/div>\n<div  style='height:50px' class='hr hr-invisible   avia-builder-el-8  el_after_av_social_share  el_before_av_comments_list '><span class='hr-inner ' ><span class='hr-inner-style'><\/span><\/span><\/div>\n<div  class='av-buildercomment  av-blog-meta-html-info-disabled av-blog-meta-tag-disabled  '><\/div>\n","protected":false},"excerpt":{"rendered":"","protected":false},"author":1,"featured_media":46766,"comment_status":"open","ping_status":"open","sticky":false,"template":"","format":"standard","meta":{"footnotes":""},"categories":[38],"tags":[],"class_list":["post-46765","post","type-post","status-publish","format-standard","has-post-thumbnail","hentry","category-regional"],"jetpack_featured_media_url":"https:\/\/radiorevelacionfm.cl\/wp-content\/uploads\/2024\/10\/FA1-2-2.jpeg","_links":{"self":[{"href":"https:\/\/radiorevelacionfm.cl\/index.php?rest_route=\/wp\/v2\/posts\/46765","targetHints":{"allow":["GET"]}}],"collection":[{"href":"https:\/\/radiorevelacionfm.cl\/index.php?rest_route=\/wp\/v2\/posts"}],"about":[{"href":"https:\/\/radiorevelacionfm.cl\/index.php?rest_route=\/wp\/v2\/types\/post"}],"author":[{"embeddable":true,"href":"https:\/\/radiorevelacionfm.cl\/index.php?rest_route=\/wp\/v2\/users\/1"}],"replies":[{"embeddable":true,"href":"https:\/\/radiorevelacionfm.cl\/index.php?rest_route=%2Fwp%2Fv2%2Fcomments&post=46765"}],"version-history":[{"count":1,"href":"https:\/\/radiorevelacionfm.cl\/index.php?rest_route=\/wp\/v2\/posts\/46765\/revisions"}],"predecessor-version":[{"id":46767,"href":"https:\/\/radiorevelacionfm.cl\/index.php?rest_route=\/wp\/v2\/posts\/46765\/revisions\/46767"}],"wp:featuredmedia":[{"embeddable":true,"href":"https:\/\/radiorevelacionfm.cl\/index.php?rest_route=\/wp\/v2\/media\/46766"}],"wp:attachment":[{"href":"https:\/\/radiorevelacionfm.cl\/index.php?rest_route=%2Fwp%2Fv2%2Fmedia&parent=46765"}],"wp:term":[{"taxonomy":"category","embeddable":true,"href":"https:\/\/radiorevelacionfm.cl\/index.php?rest_route=%2Fwp%2Fv2%2Fcategories&post=46765"},{"taxonomy":"post_tag","embeddable":true,"href":"https:\/\/radiorevelacionfm.cl\/index.php?rest_route=%2Fwp%2Fv2%2Ftags&post=46765"}],"curies":[{"name":"wp","href":"https:\/\/api.w.org\/{rel}","templated":true}]}}