{"id":46759,"date":"2024-10-14T11:38:11","date_gmt":"2024-10-14T14:38:11","guid":{"rendered":"https:\/\/radiorevelacionfm.cl\/?p=46759"},"modified":"2024-10-14T11:38:11","modified_gmt":"2024-10-14T14:38:11","slug":"aysen-es-una-de-las-regiones-con-menos-demandas-por-morosidad-en-todo-chile","status":"publish","type":"post","link":"https:\/\/radiorevelacionfm.cl\/?p=46759","title":{"rendered":"Ays\u00e9n es una de las regiones con menos demandas por morosidad en todo Chile"},"content":{"rendered":"<div class=\"flex_column av_one_full  flex_column_div av-zero-column-padding first  avia-builder-el-0  el_before_av_one_full  avia-builder-el-first  \" style='border-radius:0px; '><div  class='avia-image-container  av-styling-    avia-builder-el-1  avia-builder-el-no-sibling  avia-align-center '  itemprop=\"image\" itemscope=\"itemscope\" itemtype=\"https:\/\/schema.org\/ImageObject\"  ><div class='avia-image-container-inner'><div class='avia-image-overlay-wrap'><img decoding=\"async\" class='wp-image-46760 avia-img-lazy-loading-not-46760 avia_image' src=\"https:\/\/radiorevelacionfm.cl\/wp-content\/uploads\/2024\/10\/Evolucion-demandas-de-cobranza-2-2.jpeg\" alt='' title='Evoluci\u00f3n demandas de cobranza-2-2' height=\"600\" width=\"901\"  itemprop=\"thumbnailUrl\" srcset=\"https:\/\/radiorevelacionfm.cl\/wp-content\/uploads\/2024\/10\/Evolucion-demandas-de-cobranza-2-2.jpeg 901w, https:\/\/radiorevelacionfm.cl\/wp-content\/uploads\/2024\/10\/Evolucion-demandas-de-cobranza-2-2-300x200.jpeg 300w, https:\/\/radiorevelacionfm.cl\/wp-content\/uploads\/2024\/10\/Evolucion-demandas-de-cobranza-2-2-768x511.jpeg 768w, https:\/\/radiorevelacionfm.cl\/wp-content\/uploads\/2024\/10\/Evolucion-demandas-de-cobranza-2-2-705x469.jpeg 705w, https:\/\/radiorevelacionfm.cl\/wp-content\/uploads\/2024\/10\/Evolucion-demandas-de-cobranza-2-2-450x300.jpeg 450w, https:\/\/radiorevelacionfm.cl\/wp-content\/uploads\/2024\/10\/Evolucion-demandas-de-cobranza-2-2-600x400.jpeg 600w\" sizes=\"(max-width: 901px) 100vw, 901px\" \/><\/div><\/div><\/div><\/div><div class=\"flex_column av_one_full  flex_column_div av-zero-column-padding first  avia-builder-el-2  el_after_av_one_full  el_before_av_one_full  column-top-margin\" style='border-radius:0px; '><section class=\"av_textblock_section \"  itemscope=\"itemscope\" itemtype=\"https:\/\/schema.org\/BlogPosting\" itemprop=\"blogPost\" ><div class='avia_textblock  '   itemprop=\"text\" ><p style=\"text-align: center;\"><strong><span style=\"font-size: 18pt;\">Ays\u00e9n es una de las regiones con menos demandas por morosidad en todo Chile\u00a0<\/span><\/strong><\/p>\n<div id=\"gtx-trans\" style=\"position: absolute; left: -50px; top: 4.31534px;\">\n<div class=\"gtx-trans-icon\"><\/div>\n<\/div>\n<\/div><\/section><\/div><div class=\"flex_column av_one_full  flex_column_div av-zero-column-padding first  avia-builder-el-4  el_after_av_one_full  el_before_av_hr  column-top-margin\" style='border-radius:0px; '><section class=\"av_textblock_section \"  itemscope=\"itemscope\" itemtype=\"https:\/\/schema.org\/BlogPosting\" itemprop=\"blogPost\" ><div class='avia_textblock  '   itemprop=\"text\" ><div>\n<ul>\n<li style=\"text-align: justify;\">La\u00a0<strong>Regi\u00f3n de Ays\u00e9n<\/strong>, entre 2020 y 2024, concentr\u00f3 solo el\u00a0<strong>26,09%<\/strong>\u00a0de las demandas por deudas en la macrozona austral, siendo superada ampliamente por Magallanes.<\/li>\n<li style=\"text-align: justify;\">Antes de la pandemia (2017-2019), Ays\u00e9n tambi\u00e9n registr\u00f3 un porcentaje m\u00e1s bajo de demandas, con solo el\u00a0<strong>19,81%<\/strong>.<\/li>\n<li style=\"text-align: justify;\">A nivel nacional, las personas morosas demandadas en Ays\u00e9n representaron el\u00a0<strong>0,33%<\/strong>\u00a0del total, uno de los porcentajes m\u00e1s bajos en el pa\u00eds.<\/li>\n<\/ul>\n<p style=\"text-align: justify;\">DefensaDeudores.cl public\u00f3 el estudio \u201cEvoluci\u00f3n de las demandas de cobranza entre 2017 y 2024\u201d, realizado en conjunto con la empresa de Data Science Unholster, que es una radiograf\u00eda de la realidad que enfrentan los deudores morosos del pa\u00eds.<\/p>\n<p style=\"text-align: justify;\">El estudio est\u00e1 basado en datos de DefensaDeudores.cl, que contempla el an\u00e1lisis de un total de 165.000 demandas que enfrentaron 65.000 clientes entre 2017 y 2024.<\/p>\n<p style=\"text-align: justify;\">As\u00ed fue como se revel\u00f3 que entre 2020 y 2024, la Regi\u00f3n Magallanes y la Ant\u00e1rtica Chilena concentr\u00f3 la mayor cantidad de demandados (73,91%) de la macrozona austral, seguida muy por detr\u00e1s por la Regi\u00f3n de Ays\u00e9n del General Carlos Ib\u00e1\u00f1ez del Campo (26,09%), que concentr\u00f3 la menor cantidad de personas morosas demandadas del extremo austral del pa\u00eds.<\/p>\n<p style=\"text-align: justify;\">Previo a la pandemia, entre 2017 y 2019, el escenario fue similar: la Regi\u00f3n de Magallanes tambi\u00e9n concentraba el porcentaje m\u00e1s alto de personas demandadas (80,19%) en la macrozona austral, seguida por la Regi\u00f3n de Ays\u00e9n (19,81%), con una cantidad considerablemente menor.<\/p>\n<p style=\"text-align: justify;\">Respecto al total nacional, en el periodo 2020 &#8211; 2024, las personas morosas demandadas en la Regi\u00f3n de Magallanes, representaron un 0,92% del total y la Regi\u00f3n de Ays\u00e9n un 0,33%, los m\u00e1s bajos de todo el pa\u00eds.<\/p>\n<p style=\"text-align: justify;\">\u00abEl mayor porcentaje de demandados en Magallanes, en comparaci\u00f3n con Ays\u00e9n, se debe a su econom\u00eda m\u00e1s activa y a un mayor acceso al cr\u00e9dito, lo que lleva a un endeudamiento superior. A pesar de que ambas regiones tienen bajos porcentajes a nivel nacional, la diferencia refleja el dinamismo econ\u00f3mico de Magallanes frente a Ays\u00e9n\u00bb, se\u00f1ala Ricardo Ib\u00e1\u00f1ez, abogado y fundador de DefensaDeudores.cl.<\/p>\n<p style=\"text-align: justify;\">Por zona geogr\u00e1fica se observa que el 41,9% de los demandados por no pago de deudas de todo Chile vive en la Regi\u00f3n Metropolitana, mientras que el 10,75% reside en la Regi\u00f3n de Valpara\u00edso y el 6,85% en la Regi\u00f3n del Biob\u00edo.<\/p>\n<p style=\"text-align: justify;\">Hombres j\u00f3venes: los principales demandados en el pa\u00eds<\/p>\n<p style=\"text-align: justify;\">Otra de los hallazgos del estudio es que el 64,4% de las personas que ha ca\u00eddo en mora a lo largo del pa\u00eds ha debido de enfrentar m\u00e1s de una demanda y que en los \u00faltimos ocho a\u00f1os, en promedio, las personas que no pueden pagar sus deudas han recibido 2,5 demandas.<\/p>\n<p style=\"text-align: justify;\">A su vez, el 35,6% solo recibi\u00f3 una demanda por a\u00f1o y los casos con cinco o m\u00e1s demandas representaron el 11,6% del total.<\/p>\n<p style=\"text-align: justify;\">Otro dato interesante es que el tiempo promedio transcurrido entre demandas de una misma persona es de alrededor de 7 meses, aunque en el 21% de los casos hay una diferencia de dos semanas o menos.<\/p>\n<p style=\"text-align: justify;\">\u201cEl hecho de que m\u00e1s del 60% de las personas que cayeron en mora tengan m\u00e1s de una demanda deja en evidencia que el problema de endeudamiento es m\u00e1s grave de lo que creemos en Chile y, por lo tanto, es un tema que hay que prestarle atenci\u00f3n\u201d, sostiene Ricardo Ib\u00e1\u00f1ez.<\/p>\n<p style=\"text-align: justify;\">Desde Unholster destacan la relevancia de realizar an\u00e1lisis como este. \u00abEl estudio no solo muestra la creciente problem\u00e1tica del endeudamiento en Chile, sino que tambi\u00e9n subraya la necesidad urgente de establecer pol\u00edticas m\u00e1s efectivas para gestionar y prevenir el sobreendeudamiento, particularmente en los grupos m\u00e1s vulnerables. Contamos con datos suficientes para promover investigaciones que conduzcan a cambios necesarios, transformando as\u00ed la gesti\u00f3n del endeudamiento en el pa\u00eds\u00bb, se\u00f1ala el gerente general de Unholster, Antonio D\u00edaz-Araujo.<\/p>\n<p style=\"text-align: justify;\">Al analizar de d\u00f3nde viene este endeudamiento, Ricardo Ib\u00e1\u00f1ez explica que \u201ctomando como referencia las miles de causas que tramitamos, un peso relevante de las demandas provienen del sector retail, lo que demuestra que el problema de endeudamiento en Chile est\u00e1 muy asociado a objetos de consumo y no tanto a la adquisici\u00f3n de bienes durables, que se pueden transformar en capital de trabajo o emprendimiento\u201d.<\/p>\n<p style=\"text-align: justify;\">El estudio tambi\u00e9n revel\u00f3 que del total de demandados el 67% son hombres y el 37% son mujeres, existiendo una diferencia relevante entre la situaci\u00f3n que enfrenta cada g\u00e9nero. Sobre este punto, Ricardo Ib\u00e1\u00f1ez afirma que \u201cllama la atenci\u00f3n que las mujeres reciban menos demandas, a pesar de que presentan niveles de morosidad mayores a los de los hombres. Eso podr\u00eda deberse a que las mujeres est\u00e1n siendo m\u00e1s sujetas a renegociar sus deudas que los hombres\u201d.<\/p>\n<p style=\"text-align: justify;\">Por edad, son las personas entre 31 a 50 a\u00f1os las que son m\u00e1s demandadas. Para Ib\u00e1\u00f1ez, \u201ces evidente que quienes m\u00e1s reciben demandas por deudas son las personas que est\u00e1n en el peak de su edad productiva. Suelen recurrir al endeudamiento para cumplir con sus responsabilidades familiares (vivienda, salud, transporte o educaci\u00f3n), tienen m\u00e1s gastos en bienes de consumo que com\u00fanmente financian con cr\u00e9ditos, lo que sumado a los imprevistos que se presentan y\/o a la escasa educaci\u00f3n financiera en Chile puede conllevar a morosidad y, en quiebras\u201d.<\/p>\n<p style=\"text-align: justify;\">Otro hallazgo relevante del estudio es lo que est\u00e1 pasando con los j\u00f3venes, que tienen mayor cantidad de demandas de cobranza respecto a los adultos mayores. \u201cUno tender\u00eda a pensar que es al rev\u00e9s dado que el adulto mayor tiene la justificaci\u00f3n de que debe cubrir m\u00e1s necesidades que los j\u00f3venes, entre ellos medicamentos y alimentos. Los j\u00f3venes deber\u00edan ser un grupo sin complicaci\u00f3n, dado que est\u00e1n partiendo su vida laboral, no tienen muchos bienes y cuentan, en general, con el apoyo econ\u00f3mico de la familia, lo que les permite no estar obligados a asumir gastos relevantes, en vivienda, por ejemplo\u201d, explica Ricardo Ib\u00e1\u00f1ez.<\/p>\n<p style=\"text-align: justify;\">El abogado agrega que \u201cel hecho de ver que j\u00f3venes entre 18 y 30 a\u00f1os est\u00e1n enfrentando problemas de cobranzas y demandas, da cuenta que los problemas de endeudamiento en Chile est\u00e1n partiendo a una edad temprana y que hay problemas relacionados con niveles de consumo\u201d.<\/p>\n<p style=\"text-align: justify;\">Evoluci\u00f3n de las demandas<\/p>\n<p style=\"text-align: justify;\">El peak de personas demandadas por a\u00f1o se produjo en 2018-2019, puesto que \u201chasta ese entonces era m\u00e1s f\u00e1cil conseguir un cr\u00e9dito debido a las condiciones m\u00e1s flexibles y tasas competitivas. Hoy en d\u00eda las condiciones son m\u00e1s estrictas, las tasas m\u00e1s altas y los requisitos m\u00e1s rigurosos, reflejando una postura m\u00e1s conservadora en la regulaci\u00f3n financiera\u201d, a\u00f1ade Ib\u00e1\u00f1ez.<\/p>\n<p style=\"text-align: justify;\">De hecho, desde el a\u00f1o 2020 se ha producido una disminuci\u00f3n significativa de los demandados, tendencia que se mantiene hasta 2024. \u201cEn la pandemia los bancos, gobierno e instituciones financieras implementaron medidas de alivio, como postergaci\u00f3n de pagos, reestructuraci\u00f3n de deudas y moratorias temporales para ayudar a las personas. A eso se suman los retiros de fondos que muchos destinaron al pago de deudas\u201d, agrega el fundador de DefensaDeudores.cl.<\/p>\n<\/div>\n<\/div><\/section><\/div><div  style='height:50px' class='hr hr-invisible   avia-builder-el-6  el_after_av_one_full  el_before_av_social_share '><span class='hr-inner ' ><span class='hr-inner-style'><\/span><\/span><\/div><\/p>\n<div  class='av-social-sharing-box  avia-builder-el-7  el_after_av_hr  el_before_av_hr  '><div class='av-share-box'><h5 class='av-share-link-description av-no-toc '>Compartir esta noticia<\/h5><ul class='av-share-box-list noLightbox'><li class='av-share-link av-social-link-facebook' ><a target=\"_blank\" aria-label=\"Compartir en Facebook\" href='https:\/\/www.facebook.com\/sharer.php?u=https:\/\/radiorevelacionfm.cl\/?p=46759&#038;t=Ays%C3%A9n%20es%20una%20de%20las%20regiones%20con%20menos%20demandas%20por%20morosidad%20en%20todo%20Chile' aria-hidden='false' data-av_icon='\ue8f3' data-av_iconfont='entypo-fontello' title='' data-avia-related-tooltip='Compartir en Facebook' rel=\"noopener\"><span class='avia_hidden_link_text'>Compartir en Facebook<\/span><\/a><\/li><li class='av-share-link av-social-link-twitter' ><a target=\"_blank\" aria-label=\"Compartir en Twitter\" href='https:\/\/twitter.com\/share?text=Ays%C3%A9n%20es%20una%20de%20las%20regiones%20con%20menos%20demandas%20por%20morosidad%20en%20todo%20Chile&#038;url=https:\/\/radiorevelacionfm.cl\/?p=46759' aria-hidden='false' data-av_icon='\ue8f1' data-av_iconfont='entypo-fontello' title='' data-avia-related-tooltip='Compartir en Twitter' rel=\"noopener\"><span class='avia_hidden_link_text'>Compartir en Twitter<\/span><\/a><\/li><li class='av-share-link av-social-link-whatsapp' ><a target=\"_blank\" aria-label=\"Compartir en Whatsapp\" href='https:\/\/api.whatsapp.com\/send?text=https:\/\/radiorevelacionfm.cl\/?p=46759' aria-hidden='false' data-av_icon='\uf232' data-av_iconfont='entypo-fontello' title='' data-avia-related-tooltip='Compartir en Whatsapp' rel=\"noopener\"><span class='avia_hidden_link_text'>Compartir en Whatsapp<\/span><\/a><\/li><li class='av-share-link av-social-link-linkedin' ><a target=\"_blank\" aria-label=\"Compartir en LinkedIn\" href='https:\/\/linkedin.com\/shareArticle?mini=true&#038;title=Ays%C3%A9n%20es%20una%20de%20las%20regiones%20con%20menos%20demandas%20por%20morosidad%20en%20todo%20Chile&#038;url=https:\/\/radiorevelacionfm.cl\/?p=46759' aria-hidden='false' data-av_icon='\ue8fc' data-av_iconfont='entypo-fontello' title='' data-avia-related-tooltip='Compartir en LinkedIn' rel=\"noopener\"><span class='avia_hidden_link_text'>Compartir en LinkedIn<\/span><\/a><\/li><li class='av-share-link av-social-link-mail' ><a  aria-label=\"Compartir por correo\" href='mailto:?subject=Ays%C3%A9n%20es%20una%20de%20las%20regiones%20con%20menos%20demandas%20por%20morosidad%20en%20todo%20Chile&#038;body=https:\/\/radiorevelacionfm.cl\/?p=46759' aria-hidden='false' data-av_icon='\ue805' data-av_iconfont='entypo-fontello' title='' data-avia-related-tooltip='Compartir por correo'><span class='avia_hidden_link_text'>Compartir por correo<\/span><\/a><\/li><\/ul><\/div><\/div>\n<div  style='height:50px' class='hr hr-invisible   avia-builder-el-8  el_after_av_social_share  el_before_av_comments_list '><span class='hr-inner ' ><span class='hr-inner-style'><\/span><\/span><\/div>\n<div  class='av-buildercomment  av-blog-meta-html-info-disabled av-blog-meta-tag-disabled  '><\/div>\n","protected":false},"excerpt":{"rendered":"","protected":false},"author":1,"featured_media":46760,"comment_status":"open","ping_status":"open","sticky":false,"template":"","format":"standard","meta":{"footnotes":""},"categories":[37],"tags":[],"class_list":["post-46759","post","type-post","status-publish","format-standard","has-post-thumbnail","hentry","category-economia"],"jetpack_featured_media_url":"https:\/\/radiorevelacionfm.cl\/wp-content\/uploads\/2024\/10\/Evolucion-demandas-de-cobranza-2-2.jpeg","_links":{"self":[{"href":"https:\/\/radiorevelacionfm.cl\/index.php?rest_route=\/wp\/v2\/posts\/46759","targetHints":{"allow":["GET"]}}],"collection":[{"href":"https:\/\/radiorevelacionfm.cl\/index.php?rest_route=\/wp\/v2\/posts"}],"about":[{"href":"https:\/\/radiorevelacionfm.cl\/index.php?rest_route=\/wp\/v2\/types\/post"}],"author":[{"embeddable":true,"href":"https:\/\/radiorevelacionfm.cl\/index.php?rest_route=\/wp\/v2\/users\/1"}],"replies":[{"embeddable":true,"href":"https:\/\/radiorevelacionfm.cl\/index.php?rest_route=%2Fwp%2Fv2%2Fcomments&post=46759"}],"version-history":[{"count":1,"href":"https:\/\/radiorevelacionfm.cl\/index.php?rest_route=\/wp\/v2\/posts\/46759\/revisions"}],"predecessor-version":[{"id":46761,"href":"https:\/\/radiorevelacionfm.cl\/index.php?rest_route=\/wp\/v2\/posts\/46759\/revisions\/46761"}],"wp:featuredmedia":[{"embeddable":true,"href":"https:\/\/radiorevelacionfm.cl\/index.php?rest_route=\/wp\/v2\/media\/46760"}],"wp:attachment":[{"href":"https:\/\/radiorevelacionfm.cl\/index.php?rest_route=%2Fwp%2Fv2%2Fmedia&parent=46759"}],"wp:term":[{"taxonomy":"category","embeddable":true,"href":"https:\/\/radiorevelacionfm.cl\/index.php?rest_route=%2Fwp%2Fv2%2Fcategories&post=46759"},{"taxonomy":"post_tag","embeddable":true,"href":"https:\/\/radiorevelacionfm.cl\/index.php?rest_route=%2Fwp%2Fv2%2Ftags&post=46759"}],"curies":[{"name":"wp","href":"https:\/\/api.w.org\/{rel}","templated":true}]}}