{"id":46756,"date":"2024-10-05T10:35:33","date_gmt":"2024-10-05T13:35:33","guid":{"rendered":"https:\/\/radiorevelacionfm.cl\/?p=46756"},"modified":"2024-10-05T10:35:33","modified_gmt":"2024-10-05T13:35:33","slug":"sandoval-plantea-que-a-este-ritmo-la-carretera-austral-va-a-estar-completamente-pavimentada-recien-en-cien-anos","status":"publish","type":"post","link":"https:\/\/radiorevelacionfm.cl\/?p=46756","title":{"rendered":"Sandoval plantea que, a este ritmo, la Carretera Austral va a estar completamente pavimentada reci\u00e9n en cien a\u00f1os"},"content":{"rendered":"<div class=\"flex_column av_one_full  flex_column_div av-zero-column-padding first  avia-builder-el-0  el_before_av_one_full  avia-builder-el-first  \" style='border-radius:0px; '><div  class='avia-image-container  av-styling-    avia-builder-el-1  avia-builder-el-no-sibling  avia-align-center '  itemprop=\"image\" itemscope=\"itemscope\" itemtype=\"https:\/\/schema.org\/ImageObject\"  ><div class='avia-image-container-inner'><div class='avia-image-overlay-wrap'><img decoding=\"async\" class='wp-image-46757 avia-img-lazy-loading-not-46757 avia_image' src=\"https:\/\/radiorevelacionfm.cl\/wp-content\/uploads\/2024\/10\/ruta-7-2_optimized.jpeg\" alt='' title='ruta-7-2_optimized' height=\"600\" width=\"800\"  itemprop=\"thumbnailUrl\" srcset=\"https:\/\/radiorevelacionfm.cl\/wp-content\/uploads\/2024\/10\/ruta-7-2_optimized.jpeg 800w, https:\/\/radiorevelacionfm.cl\/wp-content\/uploads\/2024\/10\/ruta-7-2_optimized-300x225.jpeg 300w, https:\/\/radiorevelacionfm.cl\/wp-content\/uploads\/2024\/10\/ruta-7-2_optimized-768x576.jpeg 768w, https:\/\/radiorevelacionfm.cl\/wp-content\/uploads\/2024\/10\/ruta-7-2_optimized-705x529.jpeg 705w, https:\/\/radiorevelacionfm.cl\/wp-content\/uploads\/2024\/10\/ruta-7-2_optimized-450x338.jpeg 450w, https:\/\/radiorevelacionfm.cl\/wp-content\/uploads\/2024\/10\/ruta-7-2_optimized-600x450.jpeg 600w\" sizes=\"(max-width: 800px) 100vw, 800px\" \/><\/div><\/div><\/div><\/div><div class=\"flex_column av_one_full  flex_column_div av-zero-column-padding first  avia-builder-el-2  el_after_av_one_full  el_before_av_one_full  column-top-margin\" style='border-radius:0px; '><section class=\"av_textblock_section \"  itemscope=\"itemscope\" itemtype=\"https:\/\/schema.org\/BlogPosting\" itemprop=\"blogPost\" ><div class='avia_textblock  '   itemprop=\"text\" ><p style=\"text-align: center;\"><span style=\"font-size: 18pt;\"><strong>Sandoval plantea que, a este ritmo, la Carretera Austral va a estar completamente pavimentada reci\u00e9n en cien a\u00f1os<\/strong><\/span><\/p>\n<div id=\"gtx-trans\" style=\"position: absolute; left: -50px; top: 4.31534px;\">\n<div class=\"gtx-trans-icon\"><\/div>\n<\/div>\n<\/div><\/section><\/div><div class=\"flex_column av_one_full  flex_column_div av-zero-column-padding first  avia-builder-el-4  el_after_av_one_full  el_before_av_hr  column-top-margin\" style='border-radius:0px; '><section class=\"av_textblock_section \"  itemscope=\"itemscope\" itemtype=\"https:\/\/schema.org\/BlogPosting\" itemprop=\"blogPost\" ><div class='avia_textblock  '   itemprop=\"text\" ><p style=\"text-align: justify;\"><em>Parlamentario visit\u00f3 en los \u00faltimos d\u00edas la zona sur de la regi\u00f3n, donde constat\u00f3 el estado de la ruta 7 en dicho tramo.<\/em><\/p>\n<p style=\"text-align: justify;\">Su preocupaci\u00f3n por el escaso avance de pavimentaci\u00f3n de la ruta 7 en los \u00faltimos a\u00f1os, expres\u00f3 en los \u00faltimos d\u00edas el senador David Sandoval, quien precisamente lleg\u00f3 hasta Cochrane para participar de distintas actividades durante el pasado fin de semana.<\/p>\n<p style=\"text-align: justify;\">El parlamentario fue enf\u00e1tico en se\u00f1alar que al actual ritmo \u201cla Carretera Austral va a estar pavimentada reci\u00e9n en cien a\u00f1os\u201d, esperando por lo mismo una acci\u00f3n m\u00e1s decidida del Estado respecto de esta materia. \u201cLa ruta 7 es el gran anhelo de la regi\u00f3n de Ays\u00e9n, donde necesitamos que el Estado entienda que es fundamental y prioritaria, no solamente para Ays\u00e9n, considerando que la situaci\u00f3n de Palena es similar\u201d, indic\u00f3.<\/p>\n<p style=\"text-align: justify;\">Por lo mismo, Sandoval dijo que \u201ces imposible que el Estado no est\u00e9 resolviendo esta situaci\u00f3n de la conectividad, que es lo \u00fanico que nos cambiar\u00e1 de manera significativa los sue\u00f1os y anhelos que tiene la gente en el interior de la regi\u00f3n\u201d.<\/p>\n<p style=\"text-align: justify;\">Con todo, precis\u00f3 que, en los \u00faltimos diez a\u00f1os, se han pavimentado poco m\u00e1s de 35 Km. de pavimento, recordando que este Gobierno se comprometi\u00f3 a construir 140 Km, pero donde a la fecha no se ha avanzado nada. \u201cSumando los compromisos de este y del anterior Gobierno se han comprometido un total de 260 Km, pero hasta hoy solo se han hecho 35. A este ritmo van a faltar m\u00e1s de cien a\u00f1os para que este camino llegue (pavimentado) a Tortel, Puerto Yungay, etc y termine por integrar este enorme territorio\u201d, recalc\u00f3.<\/p>\n<p style=\"text-align: justify;\">La zona austral, recalc\u00f3, le ofrece una gran oportunidad de desarrollo al pa\u00eds, y por ello el tema del camino es fundamental. \u201cConfiamos y esperamos que los compromisos que asuma el Estado se empiecen a cumplir, porque en la realidad es que existe una gran deuda que no ha sido saldada\u201d, concluy\u00f3.<\/p>\n<\/div><\/section><\/div><div  style='height:50px' class='hr hr-invisible   avia-builder-el-6  el_after_av_one_full  el_before_av_social_share '><span class='hr-inner ' ><span class='hr-inner-style'><\/span><\/span><\/div><\/p>\n<div  class='av-social-sharing-box  avia-builder-el-7  el_after_av_hr  el_before_av_hr  '><div class='av-share-box'><h5 class='av-share-link-description av-no-toc '>Compartir esta noticia<\/h5><ul class='av-share-box-list noLightbox'><li class='av-share-link av-social-link-facebook' ><a target=\"_blank\" aria-label=\"Compartir en Facebook\" href='https:\/\/www.facebook.com\/sharer.php?u=https:\/\/radiorevelacionfm.cl\/?p=46756&#038;t=Sandoval%20plantea%20que%2C%20a%20este%20ritmo%2C%20la%20Carretera%20Austral%20va%20a%20estar%20completamente%20pavimentada%20reci%C3%A9n%20en%20cien%20a%C3%B1os' aria-hidden='false' data-av_icon='\ue8f3' data-av_iconfont='entypo-fontello' title='' data-avia-related-tooltip='Compartir en Facebook' rel=\"noopener\"><span class='avia_hidden_link_text'>Compartir en Facebook<\/span><\/a><\/li><li class='av-share-link av-social-link-twitter' ><a target=\"_blank\" aria-label=\"Compartir en Twitter\" href='https:\/\/twitter.com\/share?text=Sandoval%20plantea%20que%2C%20a%20este%20ritmo%2C%20la%20Carretera%20Austral%20va%20a%20estar%20completamente%20pavimentada%20reci%C3%A9n%20en%20cien%20a%C3%B1os&#038;url=https:\/\/radiorevelacionfm.cl\/?p=46756' aria-hidden='false' data-av_icon='\ue8f1' data-av_iconfont='entypo-fontello' title='' data-avia-related-tooltip='Compartir en Twitter' rel=\"noopener\"><span class='avia_hidden_link_text'>Compartir en Twitter<\/span><\/a><\/li><li class='av-share-link av-social-link-whatsapp' ><a target=\"_blank\" aria-label=\"Compartir en Whatsapp\" href='https:\/\/api.whatsapp.com\/send?text=https:\/\/radiorevelacionfm.cl\/?p=46756' aria-hidden='false' data-av_icon='\uf232' data-av_iconfont='entypo-fontello' title='' data-avia-related-tooltip='Compartir en Whatsapp' rel=\"noopener\"><span class='avia_hidden_link_text'>Compartir en Whatsapp<\/span><\/a><\/li><li class='av-share-link av-social-link-linkedin' ><a target=\"_blank\" aria-label=\"Compartir en LinkedIn\" href='https:\/\/linkedin.com\/shareArticle?mini=true&#038;title=Sandoval%20plantea%20que%2C%20a%20este%20ritmo%2C%20la%20Carretera%20Austral%20va%20a%20estar%20completamente%20pavimentada%20reci%C3%A9n%20en%20cien%20a%C3%B1os&#038;url=https:\/\/radiorevelacionfm.cl\/?p=46756' aria-hidden='false' data-av_icon='\ue8fc' data-av_iconfont='entypo-fontello' title='' data-avia-related-tooltip='Compartir en LinkedIn' rel=\"noopener\"><span class='avia_hidden_link_text'>Compartir en LinkedIn<\/span><\/a><\/li><li class='av-share-link av-social-link-mail' ><a  aria-label=\"Compartir por correo\" href='mailto:?subject=Sandoval%20plantea%20que%2C%20a%20este%20ritmo%2C%20la%20Carretera%20Austral%20va%20a%20estar%20completamente%20pavimentada%20reci%C3%A9n%20en%20cien%20a%C3%B1os&#038;body=https:\/\/radiorevelacionfm.cl\/?p=46756' aria-hidden='false' data-av_icon='\ue805' data-av_iconfont='entypo-fontello' title='' data-avia-related-tooltip='Compartir por correo'><span class='avia_hidden_link_text'>Compartir por correo<\/span><\/a><\/li><\/ul><\/div><\/div>\n<div  style='height:50px' class='hr hr-invisible   avia-builder-el-8  el_after_av_social_share  el_before_av_comments_list '><span class='hr-inner ' ><span class='hr-inner-style'><\/span><\/span><\/div>\n<div  class='av-buildercomment  av-blog-meta-html-info-disabled av-blog-meta-tag-disabled  '><\/div>\n","protected":false},"excerpt":{"rendered":"","protected":false},"author":1,"featured_media":46757,"comment_status":"open","ping_status":"open","sticky":false,"template":"","format":"standard","meta":{"footnotes":""},"categories":[38],"tags":[],"class_list":["post-46756","post","type-post","status-publish","format-standard","has-post-thumbnail","hentry","category-regional"],"jetpack_featured_media_url":"https:\/\/radiorevelacionfm.cl\/wp-content\/uploads\/2024\/10\/ruta-7-2_optimized.jpeg","_links":{"self":[{"href":"https:\/\/radiorevelacionfm.cl\/index.php?rest_route=\/wp\/v2\/posts\/46756","targetHints":{"allow":["GET"]}}],"collection":[{"href":"https:\/\/radiorevelacionfm.cl\/index.php?rest_route=\/wp\/v2\/posts"}],"about":[{"href":"https:\/\/radiorevelacionfm.cl\/index.php?rest_route=\/wp\/v2\/types\/post"}],"author":[{"embeddable":true,"href":"https:\/\/radiorevelacionfm.cl\/index.php?rest_route=\/wp\/v2\/users\/1"}],"replies":[{"embeddable":true,"href":"https:\/\/radiorevelacionfm.cl\/index.php?rest_route=%2Fwp%2Fv2%2Fcomments&post=46756"}],"version-history":[{"count":1,"href":"https:\/\/radiorevelacionfm.cl\/index.php?rest_route=\/wp\/v2\/posts\/46756\/revisions"}],"predecessor-version":[{"id":46758,"href":"https:\/\/radiorevelacionfm.cl\/index.php?rest_route=\/wp\/v2\/posts\/46756\/revisions\/46758"}],"wp:featuredmedia":[{"embeddable":true,"href":"https:\/\/radiorevelacionfm.cl\/index.php?rest_route=\/wp\/v2\/media\/46757"}],"wp:attachment":[{"href":"https:\/\/radiorevelacionfm.cl\/index.php?rest_route=%2Fwp%2Fv2%2Fmedia&parent=46756"}],"wp:term":[{"taxonomy":"category","embeddable":true,"href":"https:\/\/radiorevelacionfm.cl\/index.php?rest_route=%2Fwp%2Fv2%2Fcategories&post=46756"},{"taxonomy":"post_tag","embeddable":true,"href":"https:\/\/radiorevelacionfm.cl\/index.php?rest_route=%2Fwp%2Fv2%2Ftags&post=46756"}],"curies":[{"name":"wp","href":"https:\/\/api.w.org\/{rel}","templated":true}]}}