{"id":46754,"date":"2024-10-05T10:43:53","date_gmt":"2024-10-05T13:43:53","guid":{"rendered":"https:\/\/radiorevelacionfm.cl\/?p=46754"},"modified":"2024-10-05T10:43:53","modified_gmt":"2024-10-05T13:43:53","slug":"desde-este-sabado-5-de-octubre-conozca-su-mesa-y-local-de-votacion-tambien-si-fue-designado-vocal","status":"publish","type":"post","link":"https:\/\/radiorevelacionfm.cl\/?p=46754","title":{"rendered":"Desde este s\u00e1bado 5 de octubre conozca su mesa y local de votaci\u00f3n, tambi\u00e9n si fue designado vocal"},"content":{"rendered":"<div class=\"flex_column av_one_full  flex_column_div av-zero-column-padding first  avia-builder-el-0  el_before_av_one_full  avia-builder-el-first  \" style='border-radius:0px; '><div  class='avia-image-container  av-styling-    avia-builder-el-1  avia-builder-el-no-sibling  avia-align-center '  itemprop=\"image\" itemscope=\"itemscope\" itemtype=\"https:\/\/schema.org\/ImageObject\"  ><div class='avia-image-container-inner'><div class='avia-image-overlay-wrap'><img decoding=\"async\" class='wp-image-15847 avia-img-lazy-loading-not-15847 avia_image' src=\"https:\/\/radiorevelacionfm.cl\/wp-content\/uploads\/2022\/04\/servel-1-1-1.jpg\" alt='' title='servel (1) (1) (1)' height=\"600\" width=\"1067\"  itemprop=\"thumbnailUrl\" srcset=\"https:\/\/radiorevelacionfm.cl\/wp-content\/uploads\/2022\/04\/servel-1-1-1.jpg 1067w, https:\/\/radiorevelacionfm.cl\/wp-content\/uploads\/2022\/04\/servel-1-1-1-300x169.jpg 300w, https:\/\/radiorevelacionfm.cl\/wp-content\/uploads\/2022\/04\/servel-1-1-1-1030x579.jpg 1030w, https:\/\/radiorevelacionfm.cl\/wp-content\/uploads\/2022\/04\/servel-1-1-1-768x432.jpg 768w, https:\/\/radiorevelacionfm.cl\/wp-content\/uploads\/2022\/04\/servel-1-1-1-705x396.jpg 705w, https:\/\/radiorevelacionfm.cl\/wp-content\/uploads\/2022\/04\/servel-1-1-1-600x337.jpg 600w\" sizes=\"(max-width: 1067px) 100vw, 1067px\" \/><\/div><\/div><\/div><\/div><div class=\"flex_column av_one_full  flex_column_div av-zero-column-padding first  avia-builder-el-2  el_after_av_one_full  el_before_av_one_full  column-top-margin\" style='border-radius:0px; '><section class=\"av_textblock_section \"  itemscope=\"itemscope\" itemtype=\"https:\/\/schema.org\/BlogPosting\" itemprop=\"blogPost\" ><div class='avia_textblock  '   itemprop=\"text\" ><p style=\"text-align: center;\"><strong><span style=\"font-size: 18pt;\">Desde este s\u00e1bado 5 de octubre conozca su mesa y local de votaci\u00f3n, tambi\u00e9n si fue designado vocal<\/span><\/strong><\/p>\n<div id=\"gtx-trans\" style=\"position: absolute; left: -50px; top: 4.31534px;\">\n<div class=\"gtx-trans-icon\"><\/div>\n<\/div>\n<\/div><\/section><\/div><div class=\"flex_column av_one_full  flex_column_div av-zero-column-padding first  avia-builder-el-4  el_after_av_one_full  el_before_av_hr  column-top-margin\" style='border-radius:0px; '><section class=\"av_textblock_section \"  itemscope=\"itemscope\" itemtype=\"https:\/\/schema.org\/BlogPosting\" itemprop=\"blogPost\" ><div class='avia_textblock  '   itemprop=\"text\" ><p style=\"text-align: justify;\">El 26 y 27 de octubre pr\u00f3ximos se desarrollar\u00e1n las Elecciones Regionales y Municipales.<\/p>\n<p style=\"text-align: justify;\">Los electores y electoras podr\u00e1n conocer su mesa y local de votaci\u00f3n accediendo a<a href=\"https:\/\/track.infoservel.cl\/campaigns\/ra576xh547e72\/track-url\/nv533efmpy198\/69822329749209d47330c0797ae148f0a37ae6ff\">\u00a0consulta.servel.cl\u00a0<\/a>desde el s\u00e1bado 5 de octubre (22 d\u00edas antes de la elecci\u00f3n, como lo establece la ley). Es esencial que cada persona revise estos datos electorales que pueden haber cambiado desde los \u00faltimos comicios.<\/p>\n<p style=\"text-align: justify;\"><strong>Vocales de mesa\u00a0<\/strong><\/p>\n<p style=\"text-align: justify;\">Este 5 de octubre tambi\u00e9n se publican los\u00a0 vocales de mesa designados por las Juntas Electorales. En el mismo\u00a0<a href=\"https:\/\/track.infoservel.cl\/campaigns\/ra576xh547e72\/track-url\/nv533efmpy198\/69822329749209d47330c0797ae148f0a37ae6ff\">consulta.servel.c<\/a>l, cada persona puede revisar si fue nombrado en este importante rol electoral.<\/p>\n<p style=\"text-align: justify;\">El bono por el ejercicio de esta funci\u00f3n en las elecciones de octubre ser\u00e1 de $28.432 por d\u00eda, alcanzando un total cercano a los 60 mil pesos para quienes trabajen durante ambos d\u00edas de votaci\u00f3n.<\/p>\n<p style=\"text-align: justify;\">Los vocales que no puedan cumplir con su deber tienen la oportunidad de presentar excusas del\u00a07 al 9 de octubre\u00a0ante la Junta Electoral correspondiente. Sin embargo, es importante destacar que el incumplimiento de esta obligaci\u00f3n conlleva sanciones, incluidas multas que var\u00edan entre 2 a 8 UTM, es decir, entre $132.000 y $531.000.<\/p>\n<p style=\"text-align: justify;\">Las razones establecidas por ley para excusarse son:<\/p>\n<p style=\"text-align: justify;\">-Estar ausente del pa\u00eds o radicado a una distancia de m\u00e1s de 300 kil\u00f3metros.<\/p>\n<p style=\"text-align: justify;\">-Tener m\u00e1s de 70 a\u00f1os de edad.<\/p>\n<p style=\"text-align: justify;\">-Estar f\u00edsica o mentalmente imposibilitado de ejercer la funci\u00f3n.<\/p>\n<p style=\"text-align: justify;\">-Cumplir labores en establecimientos hospitalarios el d\u00eda de la elecci\u00f3n.<\/p>\n<p style=\"text-align: justify;\">-Embarazadas.<\/p>\n<p style=\"text-align: justify;\">-Ser padre o madre de un hijo o hija menor de dos a\u00f1os. Si ninguno de ellos tuviera el cuidado personal, quien lo tenga podr\u00e1 excusarse acredit\u00e1ndolo debidamente.<\/p>\n<p style=\"text-align: justify;\">-Estar al cuidado de un adulto mayor en situaci\u00f3n de dependencia o de una persona en situaci\u00f3n de discapacidad, circunstancia que deber\u00e1 ser acreditada a trav\u00e9s de una declaraci\u00f3n jurada notarial, mediante constancia en Carabineros de Chile, o por un certificado en que conste esta calidad.<\/p>\n<p style=\"text-align: justify;\">-Asimismo, la calidad de persona cuidadora podr\u00e1 ser acreditada mediante la presentaci\u00f3n de la credencial de persona cuidadora o el documento que acredite la inscripci\u00f3n como tal en el registro dispuesto por el Ministerio de Desarrollo Social.<\/p>\n<p style=\"text-align: justify;\">El s\u00e1bado 12 de octubre, tras el periodo de excusas, se publicar\u00e1n los vocales definitivos, considerando reemplazantes para aquellos cuyas excusas hayan sido aceptadas por las Juntas Electorales.<\/p>\n<p style=\"text-align: justify;\"><strong>Candidaturas<\/strong><\/p>\n<p style=\"text-align: justify;\">Puedes conocer a los candidatos y candidatas ingresando\u00a0<a href=\"https:\/\/track.infoservel.cl\/campaigns\/ra576xh547e72\/track-url\/nv533efmpy198\/5e98ee7c4d45232b91e05f768f02ed910c49d500\">aqu\u00ed.\u00a0<\/a><\/p>\n<p style=\"text-align: justify;\">Adem\u00e1s, en la consulta de datos, tambi\u00e9n desde el 5 de octubre, cada persona podr\u00e1 conocer a sus candidatos y candidatas para los distintos cargos de su comuna y regi\u00f3n.<\/p>\n<\/div><\/section><\/div><div  style='height:50px' class='hr hr-invisible   avia-builder-el-6  el_after_av_one_full  el_before_av_social_share '><span class='hr-inner ' ><span class='hr-inner-style'><\/span><\/span><\/div><\/p>\n<div  class='av-social-sharing-box  avia-builder-el-7  el_after_av_hr  el_before_av_hr  '><div class='av-share-box'><h5 class='av-share-link-description av-no-toc '>Compartir esta noticia<\/h5><ul class='av-share-box-list noLightbox'><li class='av-share-link av-social-link-facebook' ><a target=\"_blank\" aria-label=\"Compartir en Facebook\" href='https:\/\/www.facebook.com\/sharer.php?u=https:\/\/radiorevelacionfm.cl\/?p=46754&#038;t=Desde%20este%20s%C3%A1bado%205%20de%20octubre%20conozca%20su%20mesa%20y%20local%20de%20votaci%C3%B3n%2C%20tambi%C3%A9n%20si%20fue%20designado%20vocal' aria-hidden='false' data-av_icon='\ue8f3' data-av_iconfont='entypo-fontello' title='' data-avia-related-tooltip='Compartir en Facebook' rel=\"noopener\"><span class='avia_hidden_link_text'>Compartir en Facebook<\/span><\/a><\/li><li class='av-share-link av-social-link-twitter' ><a target=\"_blank\" aria-label=\"Compartir en Twitter\" href='https:\/\/twitter.com\/share?text=Desde%20este%20s%C3%A1bado%205%20de%20octubre%20conozca%20su%20mesa%20y%20local%20de%20votaci%C3%B3n%2C%20tambi%C3%A9n%20si%20fue%20designado%20vocal&#038;url=https:\/\/radiorevelacionfm.cl\/?p=46754' aria-hidden='false' data-av_icon='\ue8f1' data-av_iconfont='entypo-fontello' title='' data-avia-related-tooltip='Compartir en Twitter' rel=\"noopener\"><span class='avia_hidden_link_text'>Compartir en Twitter<\/span><\/a><\/li><li class='av-share-link av-social-link-whatsapp' ><a target=\"_blank\" aria-label=\"Compartir en Whatsapp\" href='https:\/\/api.whatsapp.com\/send?text=https:\/\/radiorevelacionfm.cl\/?p=46754' aria-hidden='false' data-av_icon='\uf232' data-av_iconfont='entypo-fontello' title='' data-avia-related-tooltip='Compartir en Whatsapp' rel=\"noopener\"><span class='avia_hidden_link_text'>Compartir en Whatsapp<\/span><\/a><\/li><li class='av-share-link av-social-link-linkedin' ><a target=\"_blank\" aria-label=\"Compartir en LinkedIn\" href='https:\/\/linkedin.com\/shareArticle?mini=true&#038;title=Desde%20este%20s%C3%A1bado%205%20de%20octubre%20conozca%20su%20mesa%20y%20local%20de%20votaci%C3%B3n%2C%20tambi%C3%A9n%20si%20fue%20designado%20vocal&#038;url=https:\/\/radiorevelacionfm.cl\/?p=46754' aria-hidden='false' data-av_icon='\ue8fc' data-av_iconfont='entypo-fontello' title='' data-avia-related-tooltip='Compartir en LinkedIn' rel=\"noopener\"><span class='avia_hidden_link_text'>Compartir en LinkedIn<\/span><\/a><\/li><li class='av-share-link av-social-link-mail' ><a  aria-label=\"Compartir por correo\" href='mailto:?subject=Desde%20este%20s%C3%A1bado%205%20de%20octubre%20conozca%20su%20mesa%20y%20local%20de%20votaci%C3%B3n%2C%20tambi%C3%A9n%20si%20fue%20designado%20vocal&#038;body=https:\/\/radiorevelacionfm.cl\/?p=46754' aria-hidden='false' data-av_icon='\ue805' data-av_iconfont='entypo-fontello' title='' data-avia-related-tooltip='Compartir por correo'><span class='avia_hidden_link_text'>Compartir por correo<\/span><\/a><\/li><\/ul><\/div><\/div>\n<div  style='height:50px' class='hr hr-invisible   avia-builder-el-8  el_after_av_social_share  el_before_av_comments_list '><span class='hr-inner ' ><span class='hr-inner-style'><\/span><\/span><\/div>\n<div  class='av-buildercomment  av-blog-meta-html-info-disabled av-blog-meta-tag-disabled  '><\/div>\n","protected":false},"excerpt":{"rendered":"","protected":false},"author":1,"featured_media":15847,"comment_status":"open","ping_status":"open","sticky":false,"template":"","format":"standard","meta":{"footnotes":""},"categories":[61],"tags":[],"class_list":["post-46754","post","type-post","status-publish","format-standard","has-post-thumbnail","hentry","category-nacional"],"jetpack_featured_media_url":"https:\/\/radiorevelacionfm.cl\/wp-content\/uploads\/2022\/04\/servel-1-1-1.jpg","_links":{"self":[{"href":"https:\/\/radiorevelacionfm.cl\/index.php?rest_route=\/wp\/v2\/posts\/46754","targetHints":{"allow":["GET"]}}],"collection":[{"href":"https:\/\/radiorevelacionfm.cl\/index.php?rest_route=\/wp\/v2\/posts"}],"about":[{"href":"https:\/\/radiorevelacionfm.cl\/index.php?rest_route=\/wp\/v2\/types\/post"}],"author":[{"embeddable":true,"href":"https:\/\/radiorevelacionfm.cl\/index.php?rest_route=\/wp\/v2\/users\/1"}],"replies":[{"embeddable":true,"href":"https:\/\/radiorevelacionfm.cl\/index.php?rest_route=%2Fwp%2Fv2%2Fcomments&post=46754"}],"version-history":[{"count":1,"href":"https:\/\/radiorevelacionfm.cl\/index.php?rest_route=\/wp\/v2\/posts\/46754\/revisions"}],"predecessor-version":[{"id":46755,"href":"https:\/\/radiorevelacionfm.cl\/index.php?rest_route=\/wp\/v2\/posts\/46754\/revisions\/46755"}],"wp:featuredmedia":[{"embeddable":true,"href":"https:\/\/radiorevelacionfm.cl\/index.php?rest_route=\/wp\/v2\/media\/15847"}],"wp:attachment":[{"href":"https:\/\/radiorevelacionfm.cl\/index.php?rest_route=%2Fwp%2Fv2%2Fmedia&parent=46754"}],"wp:term":[{"taxonomy":"category","embeddable":true,"href":"https:\/\/radiorevelacionfm.cl\/index.php?rest_route=%2Fwp%2Fv2%2Fcategories&post=46754"},{"taxonomy":"post_tag","embeddable":true,"href":"https:\/\/radiorevelacionfm.cl\/index.php?rest_route=%2Fwp%2Fv2%2Ftags&post=46754"}],"curies":[{"name":"wp","href":"https:\/\/api.w.org\/{rel}","templated":true}]}}