{"id":46751,"date":"2024-10-04T10:25:51","date_gmt":"2024-10-04T13:25:51","guid":{"rendered":"https:\/\/radiorevelacionfm.cl\/?p=46751"},"modified":"2024-10-11T10:27:21","modified_gmt":"2024-10-11T13:27:21","slug":"durante-los-proximos-dias-grandes-y-chicos-podran-disfrutar-de-diversas-actividades-que-demostraran-que-todo-tiene-su-ciencia","status":"publish","type":"post","link":"https:\/\/radiorevelacionfm.cl\/?p=46751","title":{"rendered":"Durante los pr\u00f3ximos d\u00edas grandes y chicos podr\u00e1n disfrutar de diversas actividades que demostrar\u00e1n que \u00abTodo Tiene su Ciencia\u00bb"},"content":{"rendered":"<div class=\"flex_column av_one_full  flex_column_div av-zero-column-padding first  avia-builder-el-0  el_before_av_one_full  avia-builder-el-first  \" style='border-radius:0px; '><div  class='avia-image-container  av-styling-    avia-builder-el-1  avia-builder-el-no-sibling  avia-align-center '  itemprop=\"image\" itemscope=\"itemscope\" itemtype=\"https:\/\/schema.org\/ImageObject\"  ><div class='avia-image-container-inner'><div class='avia-image-overlay-wrap'><img decoding=\"async\" class='wp-image-46752 avia-img-lazy-loading-not-46752 avia_image' src=\"https:\/\/radiorevelacionfm.cl\/wp-content\/uploads\/2024\/10\/Festival-de-las-Ciencias-imagen-2-2.jpg\" alt='' title='Festival de las Ciencias imagen-2-2' height=\"600\" width=\"1083\"  itemprop=\"thumbnailUrl\" srcset=\"https:\/\/radiorevelacionfm.cl\/wp-content\/uploads\/2024\/10\/Festival-de-las-Ciencias-imagen-2-2.jpg 1083w, https:\/\/radiorevelacionfm.cl\/wp-content\/uploads\/2024\/10\/Festival-de-las-Ciencias-imagen-2-2-300x166.jpg 300w, https:\/\/radiorevelacionfm.cl\/wp-content\/uploads\/2024\/10\/Festival-de-las-Ciencias-imagen-2-2-1030x571.jpg 1030w, https:\/\/radiorevelacionfm.cl\/wp-content\/uploads\/2024\/10\/Festival-de-las-Ciencias-imagen-2-2-768x425.jpg 768w, https:\/\/radiorevelacionfm.cl\/wp-content\/uploads\/2024\/10\/Festival-de-las-Ciencias-imagen-2-2-705x391.jpg 705w, https:\/\/radiorevelacionfm.cl\/wp-content\/uploads\/2024\/10\/Festival-de-las-Ciencias-imagen-2-2-450x249.jpg 450w, https:\/\/radiorevelacionfm.cl\/wp-content\/uploads\/2024\/10\/Festival-de-las-Ciencias-imagen-2-2-600x332.jpg 600w\" sizes=\"(max-width: 1083px) 100vw, 1083px\" \/><\/div><\/div><\/div><\/div><div class=\"flex_column av_one_full  flex_column_div av-zero-column-padding first  avia-builder-el-2  el_after_av_one_full  el_before_av_one_full  column-top-margin\" style='border-radius:0px; '><section class=\"av_textblock_section \"  itemscope=\"itemscope\" itemtype=\"https:\/\/schema.org\/BlogPosting\" itemprop=\"blogPost\" ><div class='avia_textblock  '   itemprop=\"text\" ><p style=\"text-align: center;\"><strong><span style=\"font-size: 18pt;\">Durante los pr\u00f3ximos d\u00edas grandes y chicos podr\u00e1n disfrutar de diversas actividades que demostrar\u00e1n que \u00abTodo Tiene su Ciencia\u00bb<\/span><\/strong><\/p>\n<div id=\"gtx-trans\" style=\"position: absolute; left: -50px; top: 4.31534px;\">\n<div class=\"gtx-trans-icon\"><\/div>\n<\/div>\n<\/div><\/section><\/div><div class=\"flex_column av_one_full  flex_column_div av-zero-column-padding first  avia-builder-el-4  el_after_av_one_full  el_before_av_hr  column-top-margin\" style='border-radius:0px; '><section class=\"av_textblock_section \"  itemscope=\"itemscope\" itemtype=\"https:\/\/schema.org\/BlogPosting\" itemprop=\"blogPost\" ><div class='avia_textblock  '   itemprop=\"text\" ><p class=\"v1MsoNormal\" style=\"text-align: justify;\"><i>Exhibiciones, di\u00e1logos, talleres, laboratorios transdisciplinares y una gran fiesta cient\u00edfica familiar forman parte de la cartelera del Festival de las Ciencias 2024, evento que en su sexta versi\u00f3n busca recordarnos que los conocimientos cient\u00edficos tecnol\u00f3gicos, human\u00edsticos y art\u00edsticos nos ayudan a encontrar respuestas a grandes inquietudes.<\/i><\/p>\n<p class=\"v1MsoNormal\" style=\"text-align: justify;\">Como ya es tradici\u00f3n en el mes de octubre, el Ministerio de Ciencia, Tecnolog\u00eda, Conocimiento e Innovaci\u00f3n ha organizado una serie de actividades con el fin de abrir espacios para que personas de todas las edades, y en todo el territorio nacional, puedan descubrir la ciencia que les rodea.<\/p>\n<p class=\"v1MsoNormal\" style=\"text-align: justify;\">Bajo el lema \u00abTodo Tiene su Ciencia\u00bb, el Festival de las Ciencias de este a\u00f1o busca promover la apropiaci\u00f3n y producci\u00f3n social del conocimiento a trav\u00e9s de actividades que fomenten cruces entre distintas disciplinas, generaciones y saberes. Adem\u00e1s, como gran novedad, el Servicio Nacional del Patrimonio Cultural se ha sumado a la organizaci\u00f3n, lo que significa que muchos eventos se realizar\u00e1n en museos, bibliotecas y archivos.<\/p>\n<p class=\"v1MsoNormal\" style=\"text-align: justify;\">\u00abYa tenemos todo preparado para que la comunidad se acerque a la ciencia y los conocimientos que se generan en la regi\u00f3n. Hasta el domingo tendremos una variedad de actividades en espacios abiertos, las que son masivas, gratuitas y orientadas a la familia\u00bb, indic\u00f3 la seremi de Ciencia, Ver\u00f3nica Vallejos, quien agreg\u00f3 \u00abel festival termina con una gran fiesta en cada una de las regiones. Sabemos que las preguntas que nos plantea el universo pueden ser complejas y abrumadoras, pero con este evento queremos despertar la curiosidad y el sentido de exploraci\u00f3n y sobre todo mostrarle a las y los participantes que tienen las capacidades y herramientas para encontrar las respuestas\u00bb.<\/p>\n<p class=\"v1MsoNormal\" style=\"text-align: justify;\"><strong>Festival de las Ciencia en la Regi\u00f3n<\/strong><\/p>\n<p class=\"v1MsoNormal\" style=\"text-align: justify;\">Este jueves, en el Museo Regional de Ays\u00e9n, y como antesala a esta gran fiesta cient\u00edfica, se realiz\u00f3 el conversatorio \u00abLa educaci\u00f3n tiene su ciencia\u00bb, donde la Subsecretaria de Ciencia, Carolina Gainza, junto al destacado astr\u00f3nomo Jos\u00e9 Maza, se reunieron con estudiantes de ense\u00f1anza media interesados en las ciencias, y les entregaron sus visiones respecto a la importancia de seguir su vocaci\u00f3n.<\/p>\n<p class=\"v1MsoNormal\" style=\"text-align: justify;\">Para los pr\u00f3ximos d\u00edas se contemplan otras actividades familiares, como el estreno teatral de la obra \u00abOligory, Steffen y Chambeco se aventuran por las tierras de Ays\u00e9n\u00bb de Koi Esc\u00e9nico, en el Museo Regional de Ays\u00e9n (domingo). En este mismo lugar se realizar\u00e1n charlas que conectan distintos saberes, observaci\u00f3n de aves y tambi\u00e9n m\u00fasica.<\/p>\n<p class=\"v1MsoNormal\" style=\"text-align: justify;\">A ellos se suman talleres de astronom\u00eda en Cerro Castillo y Caleta Tortel; rutas de exploraci\u00f3n mar\u00edtima, de bosques y aves (Guaitecas y Puerto Cisnes); charlas sobre astrofotograf\u00eda y astroturismo (Chile Chico), talleres de observaci\u00f3n de cielos nocturnos (Cochrane) y taller de observaci\u00f3n de fauna y flora de turberas para ni\u00f1as y ni\u00f1os (Puerto Ays\u00e9n), entre otros. La parrilla program\u00e1tica completa est\u00e1 disponible en <a href=\"http:\/\/www.festivaldelasciencias.cl\/\" target=\"_blank\" rel=\"noopener noreferrer\">www.festivaldelasciencias.cl<\/a>.<\/p>\n<\/div><\/section><\/div><div  style='height:50px' class='hr hr-invisible   avia-builder-el-6  el_after_av_one_full  el_before_av_social_share '><span class='hr-inner ' ><span class='hr-inner-style'><\/span><\/span><\/div><\/p>\n<div  class='av-social-sharing-box  avia-builder-el-7  el_after_av_hr  el_before_av_hr  '><div class='av-share-box'><h5 class='av-share-link-description av-no-toc '>Compartir esta noticia<\/h5><ul class='av-share-box-list noLightbox'><li class='av-share-link av-social-link-facebook' ><a target=\"_blank\" aria-label=\"Compartir en Facebook\" href='https:\/\/www.facebook.com\/sharer.php?u=https:\/\/radiorevelacionfm.cl\/?p=46751&#038;t=Durante%20los%20pr%C3%B3ximos%20d%C3%ADas%20grandes%20y%20chicos%20podr%C3%A1n%20disfrutar%20de%20diversas%20actividades%20que%20demostrar%C3%A1n%20que%20%C2%ABTodo%20Tiene%20su%20Ciencia%C2%BB' aria-hidden='false' data-av_icon='\ue8f3' data-av_iconfont='entypo-fontello' title='' data-avia-related-tooltip='Compartir en Facebook' rel=\"noopener\"><span class='avia_hidden_link_text'>Compartir en Facebook<\/span><\/a><\/li><li class='av-share-link av-social-link-twitter' ><a target=\"_blank\" aria-label=\"Compartir en Twitter\" href='https:\/\/twitter.com\/share?text=Durante%20los%20pr%C3%B3ximos%20d%C3%ADas%20grandes%20y%20chicos%20podr%C3%A1n%20disfrutar%20de%20diversas%20actividades%20que%20demostrar%C3%A1n%20que%20%C2%ABTodo%20Tiene%20su%20Ciencia%C2%BB&#038;url=https:\/\/radiorevelacionfm.cl\/?p=46751' aria-hidden='false' data-av_icon='\ue8f1' data-av_iconfont='entypo-fontello' title='' data-avia-related-tooltip='Compartir en Twitter' rel=\"noopener\"><span class='avia_hidden_link_text'>Compartir en Twitter<\/span><\/a><\/li><li class='av-share-link av-social-link-whatsapp' ><a target=\"_blank\" aria-label=\"Compartir en Whatsapp\" href='https:\/\/api.whatsapp.com\/send?text=https:\/\/radiorevelacionfm.cl\/?p=46751' aria-hidden='false' data-av_icon='\uf232' data-av_iconfont='entypo-fontello' title='' data-avia-related-tooltip='Compartir en Whatsapp' rel=\"noopener\"><span class='avia_hidden_link_text'>Compartir en Whatsapp<\/span><\/a><\/li><li class='av-share-link av-social-link-linkedin' ><a target=\"_blank\" aria-label=\"Compartir en LinkedIn\" href='https:\/\/linkedin.com\/shareArticle?mini=true&#038;title=Durante%20los%20pr%C3%B3ximos%20d%C3%ADas%20grandes%20y%20chicos%20podr%C3%A1n%20disfrutar%20de%20diversas%20actividades%20que%20demostrar%C3%A1n%20que%20%C2%ABTodo%20Tiene%20su%20Ciencia%C2%BB&#038;url=https:\/\/radiorevelacionfm.cl\/?p=46751' aria-hidden='false' data-av_icon='\ue8fc' data-av_iconfont='entypo-fontello' title='' data-avia-related-tooltip='Compartir en LinkedIn' rel=\"noopener\"><span class='avia_hidden_link_text'>Compartir en LinkedIn<\/span><\/a><\/li><li class='av-share-link av-social-link-mail' ><a  aria-label=\"Compartir por correo\" href='mailto:?subject=Durante%20los%20pr%C3%B3ximos%20d%C3%ADas%20grandes%20y%20chicos%20podr%C3%A1n%20disfrutar%20de%20diversas%20actividades%20que%20demostrar%C3%A1n%20que%20%C2%ABTodo%20Tiene%20su%20Ciencia%C2%BB&#038;body=https:\/\/radiorevelacionfm.cl\/?p=46751' aria-hidden='false' data-av_icon='\ue805' data-av_iconfont='entypo-fontello' title='' data-avia-related-tooltip='Compartir por correo'><span class='avia_hidden_link_text'>Compartir por correo<\/span><\/a><\/li><\/ul><\/div><\/div>\n<div  style='height:50px' class='hr hr-invisible   avia-builder-el-8  el_after_av_social_share  el_before_av_comments_list '><span class='hr-inner ' ><span class='hr-inner-style'><\/span><\/span><\/div>\n<div  class='av-buildercomment  av-blog-meta-html-info-disabled av-blog-meta-tag-disabled  '><\/div>\n","protected":false},"excerpt":{"rendered":"","protected":false},"author":1,"featured_media":46752,"comment_status":"open","ping_status":"open","sticky":false,"template":"","format":"standard","meta":{"footnotes":""},"categories":[53],"tags":[],"class_list":["post-46751","post","type-post","status-publish","format-standard","has-post-thumbnail","hentry","category-ciencia"],"jetpack_featured_media_url":"https:\/\/radiorevelacionfm.cl\/wp-content\/uploads\/2024\/10\/Festival-de-las-Ciencias-imagen-2-2.jpg","_links":{"self":[{"href":"https:\/\/radiorevelacionfm.cl\/index.php?rest_route=\/wp\/v2\/posts\/46751","targetHints":{"allow":["GET"]}}],"collection":[{"href":"https:\/\/radiorevelacionfm.cl\/index.php?rest_route=\/wp\/v2\/posts"}],"about":[{"href":"https:\/\/radiorevelacionfm.cl\/index.php?rest_route=\/wp\/v2\/types\/post"}],"author":[{"embeddable":true,"href":"https:\/\/radiorevelacionfm.cl\/index.php?rest_route=\/wp\/v2\/users\/1"}],"replies":[{"embeddable":true,"href":"https:\/\/radiorevelacionfm.cl\/index.php?rest_route=%2Fwp%2Fv2%2Fcomments&post=46751"}],"version-history":[{"count":1,"href":"https:\/\/radiorevelacionfm.cl\/index.php?rest_route=\/wp\/v2\/posts\/46751\/revisions"}],"predecessor-version":[{"id":46753,"href":"https:\/\/radiorevelacionfm.cl\/index.php?rest_route=\/wp\/v2\/posts\/46751\/revisions\/46753"}],"wp:featuredmedia":[{"embeddable":true,"href":"https:\/\/radiorevelacionfm.cl\/index.php?rest_route=\/wp\/v2\/media\/46752"}],"wp:attachment":[{"href":"https:\/\/radiorevelacionfm.cl\/index.php?rest_route=%2Fwp%2Fv2%2Fmedia&parent=46751"}],"wp:term":[{"taxonomy":"category","embeddable":true,"href":"https:\/\/radiorevelacionfm.cl\/index.php?rest_route=%2Fwp%2Fv2%2Fcategories&post=46751"},{"taxonomy":"post_tag","embeddable":true,"href":"https:\/\/radiorevelacionfm.cl\/index.php?rest_route=%2Fwp%2Fv2%2Ftags&post=46751"}],"curies":[{"name":"wp","href":"https:\/\/api.w.org\/{rel}","templated":true}]}}