{"id":46748,"date":"2024-10-04T21:35:15","date_gmt":"2024-10-05T00:35:15","guid":{"rendered":"https:\/\/radiorevelacionfm.cl\/?p=46748"},"modified":"2024-10-04T21:35:15","modified_gmt":"2024-10-05T00:35:15","slug":"eclipse-solar-anular-en-tortel-una-oportunidad-para-acercar-la-ciencia-a-la-comunidad","status":"publish","type":"post","link":"https:\/\/radiorevelacionfm.cl\/?p=46748","title":{"rendered":"Eclipse solar anular en Tortel: una oportunidad para acercar la ciencia a la comunidad"},"content":{"rendered":"<div class=\"flex_column av_one_full  flex_column_div av-zero-column-padding first  avia-builder-el-0  el_before_av_one_full  avia-builder-el-first  \" style='border-radius:0px; '><div  class='avia-image-container  av-styling-    avia-builder-el-1  avia-builder-el-no-sibling  avia-align-center '  itemprop=\"image\" itemscope=\"itemscope\" itemtype=\"https:\/\/schema.org\/ImageObject\"  ><div class='avia-image-container-inner'><div class='avia-image-overlay-wrap'><img decoding=\"async\" class='wp-image-46749 avia-img-lazy-loading-not-46749 avia_image' src=\"https:\/\/radiorevelacionfm.cl\/wp-content\/uploads\/2024\/10\/eclipe-1-2-2_optimized.jpg\" alt='' title='eclipe-1-2-2_optimized' height=\"600\" width=\"800\"  itemprop=\"thumbnailUrl\" srcset=\"https:\/\/radiorevelacionfm.cl\/wp-content\/uploads\/2024\/10\/eclipe-1-2-2_optimized.jpg 800w, https:\/\/radiorevelacionfm.cl\/wp-content\/uploads\/2024\/10\/eclipe-1-2-2_optimized-300x225.jpg 300w, https:\/\/radiorevelacionfm.cl\/wp-content\/uploads\/2024\/10\/eclipe-1-2-2_optimized-768x576.jpg 768w, https:\/\/radiorevelacionfm.cl\/wp-content\/uploads\/2024\/10\/eclipe-1-2-2_optimized-705x529.jpg 705w, https:\/\/radiorevelacionfm.cl\/wp-content\/uploads\/2024\/10\/eclipe-1-2-2_optimized-450x338.jpg 450w, https:\/\/radiorevelacionfm.cl\/wp-content\/uploads\/2024\/10\/eclipe-1-2-2_optimized-600x450.jpg 600w\" sizes=\"(max-width: 800px) 100vw, 800px\" \/><\/div><\/div><\/div><\/div><div class=\"flex_column av_one_full  flex_column_div av-zero-column-padding first  avia-builder-el-2  el_after_av_one_full  el_before_av_one_full  column-top-margin\" style='border-radius:0px; '><section class=\"av_textblock_section \"  itemscope=\"itemscope\" itemtype=\"https:\/\/schema.org\/BlogPosting\" itemprop=\"blogPost\" ><div class='avia_textblock  '   itemprop=\"text\" ><p style=\"text-align: center;\"><span style=\"font-size: 18pt;\"><b>Eclipse solar anular en Tortel: una oportunidad para acercar la ciencia a la comunidad<\/b><\/span><\/p>\n<div id=\"gtx-trans\" style=\"position: absolute; left: -50px; top: 4.31534px;\">\n<div class=\"gtx-trans-icon\"><\/div>\n<\/div>\n<\/div><\/section><\/div><div class=\"flex_column av_one_full  flex_column_div av-zero-column-padding first  avia-builder-el-4  el_after_av_one_full  el_before_av_hr  column-top-margin\" style='border-radius:0px; '><section class=\"av_textblock_section \"  itemscope=\"itemscope\" itemtype=\"https:\/\/schema.org\/BlogPosting\" itemprop=\"blogPost\" ><div class='avia_textblock  '   itemprop=\"text\" ><p class=\"v1MsoNormal\" style=\"text-align: justify;\"><i>Subsecretaria de Ciencia, Tecnolog\u00eda, Conocimiento e Innovaci\u00f3n y la seremi de la Macrozona Austral vivieron este momento hist\u00f3rico en Playa Ancha de Caleta Tortel en la Regi\u00f3n de Ays\u00e9n, localidad en que la Luna ocult\u00f3 al Sol en un 92%.<\/i><\/p>\n<p class=\"v1MsoNormal\" style=\"text-align: justify;\">Un gran evento cient\u00edfico. As\u00ed define la subsecretaria de Ciencia, Tecnolog\u00eda, Conocimiento e Innovaci\u00f3n, Carolina Gainza, el eclipse solar anular que se vivi\u00f3 en buena parte de la Patagonia chilena.<\/p>\n<p class=\"v1MsoNormal\" style=\"text-align: justify;\">Junto a la seremi de la Macrozona Austral, Ver\u00f3nica Vallejos, se trasladaron hasta la comuna de Tortel para vivir el momento en que la Luna se interpone entre el Sol y la Tierra, provocando sombra y un oscurecimiento parcial del d\u00eda cuando eran apenas las cinco de la tarde.<\/p>\n<p class=\"v1MsoNormal\" style=\"text-align: justify;\">La subsecretaria Gainza destac\u00f3 que \u00abel eclipse como evento astron\u00f3mico es muy interesante en s\u00ed mismo, pero tambi\u00e9n genera el inter\u00e9s, la curiosidad y la motivaci\u00f3n por saber m\u00e1s en las personas. Genera preguntas en los ni\u00f1os, las ni\u00f1as, los j\u00f3venes y los adultos, cu\u00e1nto dura, de qu\u00e9 se trata, c\u00f3mo se forma, qu\u00e9 efectos produce en la naturaleza y en los animales, tambi\u00e9n genera preguntas de investigaci\u00f3n, donde, por ejemplo, tenemos investigadores del COPAS que est\u00e1n viendo c\u00f3mo el eclipse puede afectar la vida en el oc\u00e9ano. Todo ese tipo de externalidades que genera este evento son fundamentales para poder mostrar la importancia de la ciencia, del conocimiento cient\u00edfico, para que podamos conocer los efectos, los desaf\u00edos tambi\u00e9n que se generan respecto a algo como un evento astron\u00f3mico\u00bb.<\/p>\n<p class=\"v1MsoNormal\" style=\"text-align: justify;\">Poco antes del eclipse junto al equipo de COPAS Coastal, el Centro de Investigaci\u00f3n Oceanogr\u00e1fica del Pac\u00edfico Sur Oriental de la Universidad de Concepci\u00f3n, ambas autoridades subieron a la embarcaci\u00f3n Sur Austral, oportunidad en la pudieron ver en vivo parte los experimentos que realizan para saber c\u00f3mo afecta la llegada de la luz en el momento del eclipse y qu\u00e9 ocurre con el zooplancton y la flora y fauna del fiordo.<\/p>\n<p class=\"v1MsoNormal\" style=\"text-align: justify;\">En Caleta Tortel hubo dos puntos de observaci\u00f3n: Playa Blanca y el primer mirador del cerro Vig\u00eda.<\/p>\n<p class=\"v1MsoNormal\" style=\"text-align: justify;\"><b>Visita a la regi\u00f3n<\/b><\/p>\n<p class=\"v1MsoNormal\" style=\"text-align: justify;\">El martes en la ma\u00f1ana, ambas autoridades visitaron la Escuela Gabriela Mistral de Puerto R\u00edo Tranquilo (en la comuna R\u00edo Ib\u00e1\u00f1ez), instituci\u00f3n que hace tres a\u00f1os se adjudic\u00f3 un proyecto Ciencia P\u00fablica del MinCiencia y que le permiti\u00f3 reconstruir el esqueleto de una ballena SEI en el patio, actividad en la que participaron investigadores, miembros de la comunidad y sobre todo estudiantes de esta escuela. Desde entonces, este proyecto contribuye al conocimiento del patrimonio natural de la regi\u00f3n.<\/p>\n<p class=\"v1MsoNormal\" style=\"text-align: justify;\">Tras una conversaci\u00f3n con ni\u00f1as y ni\u00f1os que participaron en distintas etapas de esta reconstrucci\u00f3n y mostraron parte del trabajo realizado, recibieron libros que son parte de la oferta desarrollada por el MinCiencia y tambi\u00e9n lentes para que disfruten del eclipse de manera segura.<\/p>\n<p class=\"v1MsoNormal\" style=\"text-align: justify;\">La seremi de la Macrozona Austral, Ver\u00f3nica Vallejos, se\u00f1al\u00f3 que en total se repartieron casi mil lentes en la Regi\u00f3n de Ays\u00e9n. \u00abEste es un evento que despert\u00f3 mucho inter\u00e9s en la comunidad y era importante que este art\u00edculo pudiera llegar a la mayor cantidad de lugares. Entregamos en tres establecimientos, uno de R\u00edo Puerto Tranquilo, una escuela de Puerto Bertrand, Puerto Guadal. En Cochrane entregamos a la Delegaci\u00f3n Presidencial Provincial de General Carrera y tambi\u00e9n en Caleta Tortel\u00bb.<\/p>\n<p class=\"v1MsoNormal\" style=\"text-align: justify;\">En Cochrane, se reunieron con estudiantes de la Escuela B\u00e1sica Hern\u00e1n Merino Correa que, junto a su profesora Katherine Contreras, participar\u00e1n la pr\u00f3xima semana en el Congreso Explora que se realizar\u00e1 en Santiago con representantes de Proyectos Explora de todas las regiones del pa\u00eds para intercambiar sus experiencias investigativas y participar de talleres para incrementar sus habilidades cient\u00edficas.<\/p>\n<p class=\"v1MsoNormal\" style=\"text-align: justify;\">Una reuni\u00f3n con representantes de la Cooperativa Agroalimentaria Tierra Viva Cochrane les permiti\u00f3 conocer el trabajo que realiza esta organizaci\u00f3n para avanzar en la producci\u00f3n de alimentos de forma sustentable, el uso de innovaci\u00f3n para implementarla, e identificar los desaf\u00edos y problemas que enfrentan actualmente.<\/p>\n<\/div><\/section><\/div><div  style='height:50px' class='hr hr-invisible   avia-builder-el-6  el_after_av_one_full  el_before_av_social_share '><span class='hr-inner ' ><span class='hr-inner-style'><\/span><\/span><\/div><\/p>\n<div  class='av-social-sharing-box  avia-builder-el-7  el_after_av_hr  el_before_av_hr  '><div class='av-share-box'><h5 class='av-share-link-description av-no-toc '>Compartir esta noticia<\/h5><ul class='av-share-box-list noLightbox'><li class='av-share-link av-social-link-facebook' ><a target=\"_blank\" aria-label=\"Compartir en Facebook\" href='https:\/\/www.facebook.com\/sharer.php?u=https:\/\/radiorevelacionfm.cl\/?p=46748&#038;t=Eclipse%20solar%20anular%20en%20Tortel%3A%20una%20oportunidad%20para%20acercar%20la%20ciencia%20a%20la%20comunidad' aria-hidden='false' data-av_icon='\ue8f3' data-av_iconfont='entypo-fontello' title='' data-avia-related-tooltip='Compartir en Facebook' rel=\"noopener\"><span class='avia_hidden_link_text'>Compartir en Facebook<\/span><\/a><\/li><li class='av-share-link av-social-link-twitter' ><a target=\"_blank\" aria-label=\"Compartir en Twitter\" href='https:\/\/twitter.com\/share?text=Eclipse%20solar%20anular%20en%20Tortel%3A%20una%20oportunidad%20para%20acercar%20la%20ciencia%20a%20la%20comunidad&#038;url=https:\/\/radiorevelacionfm.cl\/?p=46748' aria-hidden='false' data-av_icon='\ue8f1' data-av_iconfont='entypo-fontello' title='' data-avia-related-tooltip='Compartir en Twitter' rel=\"noopener\"><span class='avia_hidden_link_text'>Compartir en Twitter<\/span><\/a><\/li><li class='av-share-link av-social-link-whatsapp' ><a target=\"_blank\" aria-label=\"Compartir en Whatsapp\" href='https:\/\/api.whatsapp.com\/send?text=https:\/\/radiorevelacionfm.cl\/?p=46748' aria-hidden='false' data-av_icon='\uf232' data-av_iconfont='entypo-fontello' title='' data-avia-related-tooltip='Compartir en Whatsapp' rel=\"noopener\"><span class='avia_hidden_link_text'>Compartir en Whatsapp<\/span><\/a><\/li><li class='av-share-link av-social-link-linkedin' ><a target=\"_blank\" aria-label=\"Compartir en LinkedIn\" href='https:\/\/linkedin.com\/shareArticle?mini=true&#038;title=Eclipse%20solar%20anular%20en%20Tortel%3A%20una%20oportunidad%20para%20acercar%20la%20ciencia%20a%20la%20comunidad&#038;url=https:\/\/radiorevelacionfm.cl\/?p=46748' aria-hidden='false' data-av_icon='\ue8fc' data-av_iconfont='entypo-fontello' title='' data-avia-related-tooltip='Compartir en LinkedIn' rel=\"noopener\"><span class='avia_hidden_link_text'>Compartir en LinkedIn<\/span><\/a><\/li><li class='av-share-link av-social-link-mail' ><a  aria-label=\"Compartir por correo\" href='mailto:?subject=Eclipse%20solar%20anular%20en%20Tortel%3A%20una%20oportunidad%20para%20acercar%20la%20ciencia%20a%20la%20comunidad&#038;body=https:\/\/radiorevelacionfm.cl\/?p=46748' aria-hidden='false' data-av_icon='\ue805' data-av_iconfont='entypo-fontello' title='' data-avia-related-tooltip='Compartir por correo'><span class='avia_hidden_link_text'>Compartir por correo<\/span><\/a><\/li><\/ul><\/div><\/div>\n<div  style='height:50px' class='hr hr-invisible   avia-builder-el-8  el_after_av_social_share  el_before_av_comments_list '><span class='hr-inner ' ><span class='hr-inner-style'><\/span><\/span><\/div>\n<div  class='av-buildercomment  av-blog-meta-html-info-disabled av-blog-meta-tag-disabled  '><\/div>\n","protected":false},"excerpt":{"rendered":"","protected":false},"author":1,"featured_media":46749,"comment_status":"open","ping_status":"open","sticky":false,"template":"","format":"standard","meta":{"footnotes":""},"categories":[53],"tags":[],"class_list":["post-46748","post","type-post","status-publish","format-standard","has-post-thumbnail","hentry","category-ciencia"],"jetpack_featured_media_url":"https:\/\/radiorevelacionfm.cl\/wp-content\/uploads\/2024\/10\/eclipe-1-2-2_optimized.jpg","_links":{"self":[{"href":"https:\/\/radiorevelacionfm.cl\/index.php?rest_route=\/wp\/v2\/posts\/46748","targetHints":{"allow":["GET"]}}],"collection":[{"href":"https:\/\/radiorevelacionfm.cl\/index.php?rest_route=\/wp\/v2\/posts"}],"about":[{"href":"https:\/\/radiorevelacionfm.cl\/index.php?rest_route=\/wp\/v2\/types\/post"}],"author":[{"embeddable":true,"href":"https:\/\/radiorevelacionfm.cl\/index.php?rest_route=\/wp\/v2\/users\/1"}],"replies":[{"embeddable":true,"href":"https:\/\/radiorevelacionfm.cl\/index.php?rest_route=%2Fwp%2Fv2%2Fcomments&post=46748"}],"version-history":[{"count":1,"href":"https:\/\/radiorevelacionfm.cl\/index.php?rest_route=\/wp\/v2\/posts\/46748\/revisions"}],"predecessor-version":[{"id":46750,"href":"https:\/\/radiorevelacionfm.cl\/index.php?rest_route=\/wp\/v2\/posts\/46748\/revisions\/46750"}],"wp:featuredmedia":[{"embeddable":true,"href":"https:\/\/radiorevelacionfm.cl\/index.php?rest_route=\/wp\/v2\/media\/46749"}],"wp:attachment":[{"href":"https:\/\/radiorevelacionfm.cl\/index.php?rest_route=%2Fwp%2Fv2%2Fmedia&parent=46748"}],"wp:term":[{"taxonomy":"category","embeddable":true,"href":"https:\/\/radiorevelacionfm.cl\/index.php?rest_route=%2Fwp%2Fv2%2Fcategories&post=46748"},{"taxonomy":"post_tag","embeddable":true,"href":"https:\/\/radiorevelacionfm.cl\/index.php?rest_route=%2Fwp%2Fv2%2Ftags&post=46748"}],"curies":[{"name":"wp","href":"https:\/\/api.w.org\/{rel}","templated":true}]}}